{"id":3195,"date":"2026-04-16T15:42:05","date_gmt":"2026-04-16T15:42:05","guid":{"rendered":"https:\/\/osnovnaskolakrk.hr\/baska\/?p=3195"},"modified":"2026-04-16T16:01:06","modified_gmt":"2026-04-16T16:01:06","slug":"nasa-mala-skola-domacin-drzavnog-natjecanja-iz-engleskoga-jezika","status":"publish","type":"post","link":"http:\/\/osnovnaskolakrk.hr\/baska\/?p=3195","title":{"rendered":"Na\u0161a mala \u0161kola doma\u0107in dr\u017eavnog Natjecanja iz engleskoga jezika"},"content":{"rendered":"\n<figure class=\"wp-block-image size-full\"><img decoding=\"async\" loading=\"lazy\" width=\"1094\" height=\"577\" src=\"https:\/\/osnovnaskolakrk.hr\/baska\/wp-content\/uploads\/naslovna.png\" alt=\"\" class=\"wp-image-3197\" srcset=\"http:\/\/osnovnaskolakrk.hr\/baska\/wp-content\/uploads\/naslovna.png 1094w, http:\/\/osnovnaskolakrk.hr\/baska\/wp-content\/uploads\/naslovna-768x405.png 768w, http:\/\/osnovnaskolakrk.hr\/baska\/wp-content\/uploads\/naslovna-624x329.png 624w\" sizes=\"(max-width: 1094px) 100vw, 1094px\" \/><\/figure>\n\n\n\n<ol start=\"15\">\n<li>travnja 2026. u Podru\u010dnoj \u0161koli Ba\u0161ka odr\u017eano je sve\u010dano otvorenje dr\u017eavnog Natjecanja iz engleskoga jezika. Iako smo mala \u0161kola, ponosno smo stali uz bok najve\u0107ima te pokazali da su trud i gostoljubivost na\u0161 za\u0161titni znak.<br>\u200bSve\u010danost je zapo\u010dela himnama i pozdravnim govorima ravnatelja Ser\u0111a Sambli\u0107a, na\u010delnika Tonija Jurani\u0107a te predsjednice Dr\u017eavnog povjerenstva za provedbu dr\u017eavnog Natjecanja iz engleskoga jezika Danijele Ille. Kroz program su nas vodili u\u010denici na\u0161e \u0161kole, podsjetiv\u0161i sve prisutne na bogatu povijest na\u0161eg kraja i njegove prirodne ljepote.<br>\u200bPoseban naglasak stavljen je na \u010dinjenicu da je na\u0161a \u0161kola jedina \u0161kola na otoku Krku u kojoj je prvi strani jezik njema\u010dki, no to nas nije sprije\u010dilo da gostima priredimo pone\u0161to i na engleskom jeziku. Uz poruku da su jezici mostovi koji nas povezuju, natjecateljima smo po\u017eeljeli mirnu ruku i puno samopouzdanja. Natjecanje \u0107e se provoditi 16. i 17. travnja 2026. za 118 u\u010denika u kategorijama za 7. i 8. razred te kategorijama 2A i 4A za gimnazije i 2B i 4B za ostale srednje \u0161kole.<br>Dok u\u010denici budu pisali ispite, njihovi mentori \u0107e u\u017eivati u ljepotama otoka Krka i<br>posjetiti Jurandvor, Ko\u0161ljun, Vrbnik i grad Krk.<br>\u200bPonosni smo \u0161to je upravo na\u0161a mala \u0161kola pokazala svoje veliko srce i postala<br>sredi\u0161te znanja i prijateljstva za cijelu Hrvatsku!<\/li>\n<\/ol>\n\n\n\n<p>Andrea \u0110ordi\u0107<\/p>\n\n\n\n<!--nextpage-->\n\n\n\n<figure class=\"wp-block-image size-full\"><img decoding=\"async\" loading=\"lazy\" width=\"1089\" height=\"589\" src=\"https:\/\/osnovnaskolakrk.hr\/baska\/wp-content\/uploads\/jjejejej.png\" alt=\"\" class=\"wp-image-3204\" srcset=\"http:\/\/osnovnaskolakrk.hr\/baska\/wp-content\/uploads\/jjejejej.png 1089w, http:\/\/osnovnaskolakrk.hr\/baska\/wp-content\/uploads\/jjejejej-768x415.png 768w, http:\/\/osnovnaskolakrk.hr\/baska\/wp-content\/uploads\/jjejejej-624x337.png 624w\" sizes=\"(max-width: 1089px) 100vw, 1089px\" \/><\/figure>\n\n\n\n<figure class=\"wp-block-image size-full\"><img decoding=\"async\" loading=\"lazy\" width=\"340\" height=\"616\" src=\"https:\/\/osnovnaskolakrk.hr\/baska\/wp-content\/uploads\/2bas.png\" alt=\"\" class=\"wp-image-3200\"\/><\/figure>\n\n\n\n<figure class=\"wp-block-image size-full\"><img decoding=\"async\" loading=\"lazy\" width=\"905\" height=\"399\" src=\"https:\/\/osnovnaskolakrk.hr\/baska\/wp-content\/uploads\/3bas.png\" alt=\"\" class=\"wp-image-3201\" srcset=\"http:\/\/osnovnaskolakrk.hr\/baska\/wp-content\/uploads\/3bas.png 905w, http:\/\/osnovnaskolakrk.hr\/baska\/wp-content\/uploads\/3bas-768x339.png 768w, http:\/\/osnovnaskolakrk.hr\/baska\/wp-content\/uploads\/3bas-624x275.png 624w\" sizes=\"(max-width: 905px) 100vw, 905px\" \/><\/figure>\n\n\n\n<figure class=\"wp-block-image size-full\"><img decoding=\"async\" loading=\"lazy\" width=\"1058\" height=\"586\" src=\"https:\/\/osnovnaskolakrk.hr\/baska\/wp-content\/uploads\/4bas.png\" alt=\"\" class=\"wp-image-3202\" srcset=\"http:\/\/osnovnaskolakrk.hr\/baska\/wp-content\/uploads\/4bas.png 1058w, http:\/\/osnovnaskolakrk.hr\/baska\/wp-content\/uploads\/4bas-768x425.png 768w, http:\/\/osnovnaskolakrk.hr\/baska\/wp-content\/uploads\/4bas-624x346.png 624w\" sizes=\"(max-width: 1058px) 100vw, 1058px\" \/><\/figure>\n\n\n\n<figure class=\"wp-block-image size-full\"><img decoding=\"async\" loading=\"lazy\" width=\"335\" height=\"607\" src=\"https:\/\/osnovnaskolakrk.hr\/baska\/wp-content\/uploads\/5bas.png\" alt=\"\" class=\"wp-image-3203\"\/><\/figure>\n\n\n\n<figure class=\"wp-block-image size-full\"><img decoding=\"async\" loading=\"lazy\" width=\"1055\" height=\"520\" src=\"https:\/\/osnovnaskolakrk.hr\/baska\/wp-content\/uploads\/66bas.png\" alt=\"\" class=\"wp-image-3206\" srcset=\"http:\/\/osnovnaskolakrk.hr\/baska\/wp-content\/uploads\/66bas.png 1055w, http:\/\/osnovnaskolakrk.hr\/baska\/wp-content\/uploads\/66bas-768x379.png 768w, http:\/\/osnovnaskolakrk.hr\/baska\/wp-content\/uploads\/66bas-624x308.png 624w\" sizes=\"(max-width: 1055px) 100vw, 1055px\" \/><\/figure>\n\n\n\n<figure class=\"wp-block-image size-full\"><img decoding=\"async\" loading=\"lazy\" width=\"335\" height=\"601\" src=\"https:\/\/osnovnaskolakrk.hr\/baska\/wp-content\/uploads\/77bas.png\" alt=\"\" class=\"wp-image-3207\"\/><\/figure>\n\n\n\n<figure class=\"wp-block-image size-full\"><img decoding=\"async\" loading=\"lazy\" width=\"335\" height=\"579\" src=\"https:\/\/osnovnaskolakrk.hr\/baska\/wp-content\/uploads\/88bas.png\" alt=\"\" class=\"wp-image-3208\"\/><\/figure>\n\n\n\n<figure class=\"wp-block-image size-full\"><img decoding=\"async\" loading=\"lazy\" width=\"1025\" height=\"596\" src=\"https:\/\/osnovnaskolakrk.hr\/baska\/wp-content\/uploads\/99bas.png\" alt=\"\" class=\"wp-image-3209\" srcset=\"http:\/\/osnovnaskolakrk.hr\/baska\/wp-content\/uploads\/99bas.png 1025w, http:\/\/osnovnaskolakrk.hr\/baska\/wp-content\/uploads\/99bas-768x447.png 768w, http:\/\/osnovnaskolakrk.hr\/baska\/wp-content\/uploads\/99bas-624x363.png 624w\" sizes=\"(max-width: 1025px) 100vw, 1025px\" \/><\/figure>\n\n\n\n<figure class=\"wp-block-image size-full\"><img decoding=\"async\" loading=\"lazy\" width=\"1063\" height=\"589\" src=\"https:\/\/osnovnaskolakrk.hr\/baska\/wp-content\/uploads\/10bas.png\" alt=\"\" class=\"wp-image-3210\" srcset=\"http:\/\/osnovnaskolakrk.hr\/baska\/wp-content\/uploads\/10bas.png 1063w, http:\/\/osnovnaskolakrk.hr\/baska\/wp-content\/uploads\/10bas-768x426.png 768w, http:\/\/osnovnaskolakrk.hr\/baska\/wp-content\/uploads\/10bas-624x346.png 624w\" sizes=\"(max-width: 1063px) 100vw, 1063px\" \/><\/figure>\n","protected":false},"excerpt":{"rendered":"<p>Andrea \u0110ordi\u0107<\/p>\n","protected":false},"author":1,"featured_media":0,"comment_status":"open","ping_status":"open","sticky":false,"template":"","format":"standard","meta":[],"categories":[1],"tags":[],"_links":{"self":[{"href":"http:\/\/osnovnaskolakrk.hr\/baska\/index.php?rest_route=\/wp\/v2\/posts\/3195"}],"collection":[{"href":"http:\/\/osnovnaskolakrk.hr\/baska\/index.php?rest_route=\/wp\/v2\/posts"}],"about":[{"href":"http:\/\/osnovnaskolakrk.hr\/baska\/index.php?rest_route=\/wp\/v2\/types\/post"}],"author":[{"embeddable":true,"href":"http:\/\/osnovnaskolakrk.hr\/baska\/index.php?rest_route=\/wp\/v2\/users\/1"}],"replies":[{"embeddable":true,"href":"http:\/\/osnovnaskolakrk.hr\/baska\/index.php?rest_route=%2Fwp%2Fv2%2Fcomments&post=3195"}],"version-history":[{"count":8,"href":"http:\/\/osnovnaskolakrk.hr\/baska\/index.php?rest_route=\/wp\/v2\/posts\/3195\/revisions"}],"predecessor-version":[{"id":3215,"href":"http:\/\/osnovnaskolakrk.hr\/baska\/index.php?rest_route=\/wp\/v2\/posts\/3195\/revisions\/3215"}],"wp:attachment":[{"href":"http:\/\/osnovnaskolakrk.hr\/baska\/index.php?rest_route=%2Fwp%2Fv2%2Fmedia&parent=3195"}],"wp:term":[{"taxonomy":"category","embeddable":true,"href":"http:\/\/osnovnaskolakrk.hr\/baska\/index.php?rest_route=%2Fwp%2Fv2%2Fcategories&post=3195"},{"taxonomy":"post_tag","embeddable":true,"href":"http:\/\/osnovnaskolakrk.hr\/baska\/index.php?rest_route=%2Fwp%2Fv2%2Ftags&post=3195"}],"curies":[{"name":"wp","href":"https:\/\/api.w.org\/{rel}","templated":true}]}}