{"id":6174,"date":"2023-01-23T07:07:49","date_gmt":"2023-01-23T07:07:49","guid":{"rendered":"http:\/\/osnovnaskolakrk.hr\/krk\/?p=6174"},"modified":"2023-01-23T07:07:49","modified_gmt":"2023-01-23T07:07:49","slug":"kakvu-skolu-zelimo","status":"publish","type":"post","link":"http:\/\/osnovnaskolakrk.hr\/krk\/kakvu-skolu-zelimo\/","title":{"rendered":"Kakvu \u0161kolu \u017eelimo?"},"content":{"rendered":"<p>U radio-emisiji &#8220;Istra\u017eujte s nama&#8221;\u00a0<i>\u00a0<\/i>iz prosinca,<i>\u00a0Istra\u017eiva\u010d<\/i>i na\u0161e \u0161kole razgovaraju o na\u0161em obrazovnom sistemu.<\/p>\n<p>\u0160to o na\u0161em \u0161kolstvu i u\u010deni\u010dkim pitanjima misli znanstvenik <strong>Kre\u0161imir \u010cani\u0107<\/strong> koji je u na\u0161oj \u0161koli odr\u017eao STEM SHOW, na\u0161 ravnatelj <strong>Ser\u0111o<\/strong>, u\u010diteljice <strong>Marija, Milica<\/strong> i <strong>Karmela<\/strong> te psihologinja <strong>Danijela<\/strong>?<\/p>\n<p>Kakvu \u0161kolu \u017eele na\u0161i u\u010denici?\u00a0<a href=\"https:\/\/www.youtube.com\/watch?v=_Ebs8lNJsxs\" data-rel=\"lightbox-video-0\">Poslu\u0161ajte i saznajte!<\/a><\/p>\n","protected":false},"excerpt":{"rendered":"<p>U radio-emisiji &#8220;Istra\u017eujte s nama&#8221;\u00a0\u00a0iz prosinca,\u00a0Istra\u017eiva\u010di na\u0161e \u0161kole razgovaraju o na\u0161em obrazovnom sistemu. \u0160to o na\u0161em \u0161kolstvu i u\u010deni\u010dkim pitanjima misli znanstvenik Kre\u0161imir \u010cani\u0107 koji je u na\u0161oj \u0161koli odr\u017eao STEM SHOW, na\u0161 ravnatelj Ser\u0111o, u\u010diteljice Marija, Milica i Karmela te psihologinja Danijela? Kakvu \u0161kolu \u017eele na\u0161i u\u010denici?\u00a0Poslu\u0161ajte i saznajte!<\/p>\n","protected":false},"author":18,"featured_media":6175,"comment_status":"closed","ping_status":"closed","sticky":false,"template":"","format":"standard","meta":[],"categories":[1],"tags":[],"_links":{"self":[{"href":"http:\/\/osnovnaskolakrk.hr\/krk\/wp-json\/wp\/v2\/posts\/6174"}],"collection":[{"href":"http:\/\/osnovnaskolakrk.hr\/krk\/wp-json\/wp\/v2\/posts"}],"about":[{"href":"http:\/\/osnovnaskolakrk.hr\/krk\/wp-json\/wp\/v2\/types\/post"}],"author":[{"embeddable":true,"href":"http:\/\/osnovnaskolakrk.hr\/krk\/wp-json\/wp\/v2\/users\/18"}],"replies":[{"embeddable":true,"href":"http:\/\/osnovnaskolakrk.hr\/krk\/wp-json\/wp\/v2\/comments?post=6174"}],"version-history":[{"count":1,"href":"http:\/\/osnovnaskolakrk.hr\/krk\/wp-json\/wp\/v2\/posts\/6174\/revisions"}],"predecessor-version":[{"id":6176,"href":"http:\/\/osnovnaskolakrk.hr\/krk\/wp-json\/wp\/v2\/posts\/6174\/revisions\/6176"}],"wp:featuredmedia":[{"embeddable":true,"href":"http:\/\/osnovnaskolakrk.hr\/krk\/wp-json\/wp\/v2\/media\/6175"}],"wp:attachment":[{"href":"http:\/\/osnovnaskolakrk.hr\/krk\/wp-json\/wp\/v2\/media?parent=6174"}],"wp:term":[{"taxonomy":"category","embeddable":true,"href":"http:\/\/osnovnaskolakrk.hr\/krk\/wp-json\/wp\/v2\/categories?post=6174"},{"taxonomy":"post_tag","embeddable":true,"href":"http:\/\/osnovnaskolakrk.hr\/krk\/wp-json\/wp\/v2\/tags?post=6174"}],"curies":[{"name":"wp","href":"https:\/\/api.w.org\/{rel}","templated":true}]}}