{"id":6177,"date":"2023-01-26T07:32:19","date_gmt":"2023-01-26T07:32:19","guid":{"rendered":"http:\/\/osnovnaskolakrk.hr\/krk\/?p=6177"},"modified":"2023-01-26T07:32:19","modified_gmt":"2023-01-26T07:32:19","slug":"stem-dan","status":"publish","type":"post","link":"http:\/\/osnovnaskolakrk.hr\/krk\/stem-dan\/","title":{"rendered":"STEM dan"},"content":{"rendered":"<p>U okviru projekta \u201eRazvoj djece i mladih kroz STEM podru\u010dje \u2013 RASTEM\u201c udruga APOLD<br \/>\nRijeka i Sveu\u010dili\u0161te u Rijeci &#8211; Studij politehnike, s ciljem popularizacije STEM podru\u010dja, u<br \/>\nsrijedu 25. sije\u010dnja 2023. godine u Mati\u010dnoj \u0161koli Krk organizirali su STEM DAN.<br \/>\n\u0160to je STEM?<br \/>\nSTEM je akronim koji se odnosi na nekoliko akademskih disciplina: Science (nauka),<br \/>\nTechnology (tehnologija), Enginnering (in\u017eenjerstvo) i Mathematics (matematika). Da bi se<br \/>\nnapravile stvari koje nas okru\u017euju neophodno je in\u017eenjerstvo. Tehnologija je neizostavni dio<br \/>\nna\u0161ih svakodnevica i utje\u010de na mijenjanje svijeta oko nas. Sve ove discipline se oslanjaju na<br \/>\nmatematiku koju svakodnevno primjenjujemo u trgovini, bankama, itd. Umjesto da se ove<br \/>\ndiscipline prou\u010davaju zasebno, STEM te\u017ei da ih ujedini da se u\u010de zajedno.<!--more--><br \/>\nU predvorju \u0161kole organizirana je demonstracija raznih zanimljivih pokusa i ure\u0111aja.<br \/>\nU\u010denicima je prezentiran rad Teslinog transformatora koji su imali prilike isprobati neonskim<br \/>\nlampama, te su mogli vidjeti kako se planeti okre\u0107u oko Sunca na modelu Sun\u010devog sustava s<br \/>\npravilnim omjerima. U\u010denici su tako\u0111er imali prilike isprobati VR nao\u010dale kojima su mogli<br \/>\nnakratko zaviriti u virtualnu stvarnost, vidjeti kako radi solarni i V8 benzinski motor, te kako<br \/>\nse proizvode razni modeli aditivnom tehnologijom 3D printanja<br \/>\nU sklopu STEM dana, tijekom 5. i 6. \u0161kolskog sata u u\u010dionici tehni\u010dke kulture odr\u017eala se<br \/>\nradionica elektronike za u\u010denike 8.b razreda. U uvodnom dijelu, u\u010denici su se najprije<br \/>\nupoznali sa osnovama lemljenja te im se pokazalo pravilno rukovanje lemilicom uz po\u0161tivanje<br \/>\nmjera za\u0161tite na radu. Polaznici radionice upoznali su se s ure\u0111ajima i alatima te su uspje\u0161no<br \/>\nizradili elektroni\u010dki sklop &#8211; igra\u010dku.<br \/>\nDigitalna oprema i tehnologije va\u017ean su preduvjet za razvoj STEM podru\u010dja u \u0161kolama za<br \/>\nunaprje\u0111enje STEM na\u010dina razmi\u0161ljanja.<br \/>\nHvala \u010dlanovima Akademskog politehni\u010dkog dru\u0161tva APOLD Rijeka \u0161to su u\u010denicima na\u0161e<br \/>\n\u0161kole kroz zabavan i pou\u010dan na\u010din prezentirali razne elemente iz STEM podru\u010dja!<\/p>\n<p>Marija Prihoda Peri\u0161i\u0107, u\u010diteljica tehni\u010dke kulture<\/p>\n<p><a href=\"http:\/\/osnovnaskolakrk.hr\/krk\/wp-content\/uploads\/s1.jpg\" data-rel=\"lightbox-image-0\" data-rl_title=\"\" data-rl_caption=\"\" title=\"\"><img loading=\"lazy\" class=\"alignnone size-medium wp-image-6179\" src=\"http:\/\/osnovnaskolakrk.hr\/krk\/wp-content\/uploads\/s1-225x300.jpg\" alt=\"\" width=\"225\" height=\"300\" srcset=\"http:\/\/osnovnaskolakrk.hr\/krk\/wp-content\/uploads\/s1-225x300.jpg 225w, http:\/\/osnovnaskolakrk.hr\/krk\/wp-content\/uploads\/s1-768x1024.jpg 768w, http:\/\/osnovnaskolakrk.hr\/krk\/wp-content\/uploads\/s1-1152x1536.jpg 1152w, http:\/\/osnovnaskolakrk.hr\/krk\/wp-content\/uploads\/s1-624x832.jpg 624w, http:\/\/osnovnaskolakrk.hr\/krk\/wp-content\/uploads\/s1.jpg 1500w\" sizes=\"(max-width: 225px) 100vw, 225px\" \/><\/a> <a href=\"http:\/\/osnovnaskolakrk.hr\/krk\/wp-content\/uploads\/s2.jpg\" data-rel=\"lightbox-image-1\" data-rl_title=\"\" data-rl_caption=\"\" title=\"\"><img loading=\"lazy\" class=\"alignnone size-medium wp-image-6180\" src=\"http:\/\/osnovnaskolakrk.hr\/krk\/wp-content\/uploads\/s2-225x300.jpg\" alt=\"\" width=\"225\" height=\"300\" srcset=\"http:\/\/osnovnaskolakrk.hr\/krk\/wp-content\/uploads\/s2-225x300.jpg 225w, http:\/\/osnovnaskolakrk.hr\/krk\/wp-content\/uploads\/s2.jpg 600w\" sizes=\"(max-width: 225px) 100vw, 225px\" \/><\/a> <a href=\"http:\/\/osnovnaskolakrk.hr\/krk\/wp-content\/uploads\/s4.jpg\" data-rel=\"lightbox-image-2\" data-rl_title=\"\" data-rl_caption=\"\" title=\"\"><img loading=\"lazy\" class=\"alignnone size-medium wp-image-6181\" src=\"http:\/\/osnovnaskolakrk.hr\/krk\/wp-content\/uploads\/s4-300x225.jpg\" alt=\"\" width=\"300\" height=\"225\" srcset=\"http:\/\/osnovnaskolakrk.hr\/krk\/wp-content\/uploads\/s4-300x225.jpg 300w, http:\/\/osnovnaskolakrk.hr\/krk\/wp-content\/uploads\/s4-1024x768.jpg 1024w, http:\/\/osnovnaskolakrk.hr\/krk\/wp-content\/uploads\/s4-768x576.jpg 768w, http:\/\/osnovnaskolakrk.hr\/krk\/wp-content\/uploads\/s4-1536x1152.jpg 1536w, http:\/\/osnovnaskolakrk.hr\/krk\/wp-content\/uploads\/s4-624x468.jpg 624w, http:\/\/osnovnaskolakrk.hr\/krk\/wp-content\/uploads\/s4.jpg 2000w\" sizes=\"(max-width: 300px) 100vw, 300px\" \/><\/a> <a href=\"http:\/\/osnovnaskolakrk.hr\/krk\/wp-content\/uploads\/s5.jpg\" data-rel=\"lightbox-image-3\" data-rl_title=\"\" data-rl_caption=\"\" title=\"\"><img loading=\"lazy\" class=\"alignnone size-medium wp-image-6182\" src=\"http:\/\/osnovnaskolakrk.hr\/krk\/wp-content\/uploads\/s5-225x300.jpg\" alt=\"\" width=\"225\" height=\"300\" srcset=\"http:\/\/osnovnaskolakrk.hr\/krk\/wp-content\/uploads\/s5-225x300.jpg 225w, http:\/\/osnovnaskolakrk.hr\/krk\/wp-content\/uploads\/s5.jpg 600w\" sizes=\"(max-width: 225px) 100vw, 225px\" \/><\/a> <a href=\"http:\/\/osnovnaskolakrk.hr\/krk\/wp-content\/uploads\/s6.jpg\" data-rel=\"lightbox-image-4\" data-rl_title=\"\" data-rl_caption=\"\" title=\"\"><img loading=\"lazy\" class=\"alignnone size-medium wp-image-6183\" src=\"http:\/\/osnovnaskolakrk.hr\/krk\/wp-content\/uploads\/s6-300x225.jpg\" alt=\"\" width=\"300\" height=\"225\" srcset=\"http:\/\/osnovnaskolakrk.hr\/krk\/wp-content\/uploads\/s6-300x225.jpg 300w, http:\/\/osnovnaskolakrk.hr\/krk\/wp-content\/uploads\/s6-768x576.jpg 768w, http:\/\/osnovnaskolakrk.hr\/krk\/wp-content\/uploads\/s6-624x468.jpg 624w, http:\/\/osnovnaskolakrk.hr\/krk\/wp-content\/uploads\/s6.jpg 800w\" sizes=\"(max-width: 300px) 100vw, 300px\" \/><\/a> <a href=\"http:\/\/osnovnaskolakrk.hr\/krk\/wp-content\/uploads\/s7.jpg\" data-rel=\"lightbox-image-5\" data-rl_title=\"\" data-rl_caption=\"\" title=\"\"><img loading=\"lazy\" class=\"alignnone size-medium wp-image-6184\" src=\"http:\/\/osnovnaskolakrk.hr\/krk\/wp-content\/uploads\/s7-225x300.jpg\" alt=\"\" width=\"225\" height=\"300\" srcset=\"http:\/\/osnovnaskolakrk.hr\/krk\/wp-content\/uploads\/s7-225x300.jpg 225w, http:\/\/osnovnaskolakrk.hr\/krk\/wp-content\/uploads\/s7.jpg 600w\" sizes=\"(max-width: 225px) 100vw, 225px\" \/><\/a> <a href=\"http:\/\/osnovnaskolakrk.hr\/krk\/wp-content\/uploads\/s8.jpg\" data-rel=\"lightbox-image-6\" data-rl_title=\"\" data-rl_caption=\"\" title=\"\"><img loading=\"lazy\" class=\"alignnone size-medium wp-image-6185\" src=\"http:\/\/osnovnaskolakrk.hr\/krk\/wp-content\/uploads\/s8-300x225.jpg\" alt=\"\" width=\"300\" height=\"225\" srcset=\"http:\/\/osnovnaskolakrk.hr\/krk\/wp-content\/uploads\/s8-300x225.jpg 300w, http:\/\/osnovnaskolakrk.hr\/krk\/wp-content\/uploads\/s8-1024x768.jpg 1024w, http:\/\/osnovnaskolakrk.hr\/krk\/wp-content\/uploads\/s8-768x576.jpg 768w, http:\/\/osnovnaskolakrk.hr\/krk\/wp-content\/uploads\/s8-1536x1152.jpg 1536w, http:\/\/osnovnaskolakrk.hr\/krk\/wp-content\/uploads\/s8-624x468.jpg 624w, http:\/\/osnovnaskolakrk.hr\/krk\/wp-content\/uploads\/s8.jpg 2000w\" sizes=\"(max-width: 300px) 100vw, 300px\" \/><\/a> <a href=\"http:\/\/osnovnaskolakrk.hr\/krk\/wp-content\/uploads\/s9.jpg\" data-rel=\"lightbox-image-7\" data-rl_title=\"\" data-rl_caption=\"\" title=\"\"><img loading=\"lazy\" class=\"alignnone size-medium wp-image-6186\" src=\"http:\/\/osnovnaskolakrk.hr\/krk\/wp-content\/uploads\/s9-225x300.jpg\" alt=\"\" width=\"225\" height=\"300\" srcset=\"http:\/\/osnovnaskolakrk.hr\/krk\/wp-content\/uploads\/s9-225x300.jpg 225w, http:\/\/osnovnaskolakrk.hr\/krk\/wp-content\/uploads\/s9.jpg 600w\" sizes=\"(max-width: 225px) 100vw, 225px\" \/><\/a> <a href=\"http:\/\/osnovnaskolakrk.hr\/krk\/wp-content\/uploads\/s10.jpg\" data-rel=\"lightbox-image-8\" data-rl_title=\"\" data-rl_caption=\"\" title=\"\"><img loading=\"lazy\" class=\"alignnone size-medium wp-image-6187\" src=\"http:\/\/osnovnaskolakrk.hr\/krk\/wp-content\/uploads\/s10-225x300.jpg\" alt=\"\" width=\"225\" height=\"300\" srcset=\"http:\/\/osnovnaskolakrk.hr\/krk\/wp-content\/uploads\/s10-225x300.jpg 225w, http:\/\/osnovnaskolakrk.hr\/krk\/wp-content\/uploads\/s10.jpg 600w\" sizes=\"(max-width: 225px) 100vw, 225px\" \/><\/a> <a href=\"http:\/\/osnovnaskolakrk.hr\/krk\/wp-content\/uploads\/s11.jpg\" data-rel=\"lightbox-image-9\" data-rl_title=\"\" data-rl_caption=\"\" title=\"\"><img loading=\"lazy\" class=\"alignnone size-medium wp-image-6188\" src=\"http:\/\/osnovnaskolakrk.hr\/krk\/wp-content\/uploads\/s11-225x300.jpg\" alt=\"\" width=\"225\" height=\"300\" srcset=\"http:\/\/osnovnaskolakrk.hr\/krk\/wp-content\/uploads\/s11-225x300.jpg 225w, http:\/\/osnovnaskolakrk.hr\/krk\/wp-content\/uploads\/s11.jpg 600w\" sizes=\"(max-width: 225px) 100vw, 225px\" \/><\/a> <a href=\"http:\/\/osnovnaskolakrk.hr\/krk\/wp-content\/uploads\/s12.jpg\" data-rel=\"lightbox-image-10\" data-rl_title=\"\" data-rl_caption=\"\" title=\"\"><img loading=\"lazy\" class=\"alignnone size-medium wp-image-6189\" src=\"http:\/\/osnovnaskolakrk.hr\/krk\/wp-content\/uploads\/s12-225x300.jpg\" alt=\"\" width=\"225\" height=\"300\" srcset=\"http:\/\/osnovnaskolakrk.hr\/krk\/wp-content\/uploads\/s12-225x300.jpg 225w, http:\/\/osnovnaskolakrk.hr\/krk\/wp-content\/uploads\/s12.jpg 600w\" sizes=\"(max-width: 225px) 100vw, 225px\" \/><\/a><\/p>\n","protected":false},"excerpt":{"rendered":"<p>U okviru projekta \u201eRazvoj djece i mladih kroz STEM podru\u010dje \u2013 RASTEM\u201c udruga APOLD Rijeka i Sveu\u010dili\u0161te u Rijeci &#8211; Studij politehnike, s ciljem popularizacije STEM podru\u010dja, u srijedu 25. sije\u010dnja 2023. godine u Mati\u010dnoj \u0161koli Krk organizirali su STEM DAN. \u0160to je STEM? STEM je akronim koji se odnosi na nekoliko akademskih disciplina: Science [&hellip;]<\/p>\n","protected":false},"author":18,"featured_media":6178,"comment_status":"closed","ping_status":"closed","sticky":false,"template":"","format":"standard","meta":[],"categories":[1],"tags":[],"_links":{"self":[{"href":"http:\/\/osnovnaskolakrk.hr\/krk\/wp-json\/wp\/v2\/posts\/6177"}],"collection":[{"href":"http:\/\/osnovnaskolakrk.hr\/krk\/wp-json\/wp\/v2\/posts"}],"about":[{"href":"http:\/\/osnovnaskolakrk.hr\/krk\/wp-json\/wp\/v2\/types\/post"}],"author":[{"embeddable":true,"href":"http:\/\/osnovnaskolakrk.hr\/krk\/wp-json\/wp\/v2\/users\/18"}],"replies":[{"embeddable":true,"href":"http:\/\/osnovnaskolakrk.hr\/krk\/wp-json\/wp\/v2\/comments?post=6177"}],"version-history":[{"count":1,"href":"http:\/\/osnovnaskolakrk.hr\/krk\/wp-json\/wp\/v2\/posts\/6177\/revisions"}],"predecessor-version":[{"id":6190,"href":"http:\/\/osnovnaskolakrk.hr\/krk\/wp-json\/wp\/v2\/posts\/6177\/revisions\/6190"}],"wp:featuredmedia":[{"embeddable":true,"href":"http:\/\/osnovnaskolakrk.hr\/krk\/wp-json\/wp\/v2\/media\/6178"}],"wp:attachment":[{"href":"http:\/\/osnovnaskolakrk.hr\/krk\/wp-json\/wp\/v2\/media?parent=6177"}],"wp:term":[{"taxonomy":"category","embeddable":true,"href":"http:\/\/osnovnaskolakrk.hr\/krk\/wp-json\/wp\/v2\/categories?post=6177"},{"taxonomy":"post_tag","embeddable":true,"href":"http:\/\/osnovnaskolakrk.hr\/krk\/wp-json\/wp\/v2\/tags?post=6177"}],"curies":[{"name":"wp","href":"https:\/\/api.w.org\/{rel}","templated":true}]}}