{"id":6191,"date":"2023-01-30T07:39:51","date_gmt":"2023-01-30T07:39:51","guid":{"rendered":"http:\/\/osnovnaskolakrk.hr\/krk\/?p=6191"},"modified":"2023-01-30T07:39:51","modified_gmt":"2023-01-30T07:39:51","slug":"dan-sjecanja-na-holokaust","status":"publish","type":"post","link":"http:\/\/osnovnaskolakrk.hr\/krk\/dan-sjecanja-na-holokaust\/","title":{"rendered":"Dan sje\u0107anja na holokaust"},"content":{"rendered":"<p><strong>Me\u0111unarodni dan sje\u0107anja na \u017ertve holokausta i sprje\u010davanja zlo\u010dina protiv<\/strong><\/p>\n<p><strong>\u010dovje\u010dnosti<\/strong><\/p>\n<p><span style=\"font-size: 14pt;\">Svjedo\u010danstva na\u0161ih predaka<\/span><\/p>\n<p>U\u010denici i u\u010ditelji na\u0161e \u0161kole sudjelovali su u prigodnom programu s geslom \u201eDa se zna!<br \/>\nDa se ne zaboravi! Da se ne ponovi!\u201c<br \/>\nU organizaciji Udruge antifa\u0161isti\u010dkih boraca i antifa\u0161ista otoka Krka i Osnovne \u0161kole \u201eFran<br \/>\nKrsto Frankopan\u201c Krk 27. sije\u010dnja 2023. u Velikoj gradskoj vije\u0107nici u Krku<br \/>\nodr\u017ean je prigodni program u kojem su sudjelovali u\u010denici i u\u010ditelji na\u0161e \u0161kole. <!--more-->Program je zapo\u010deo autorskom skladbom \u201eMemento\u201c u\u010ditelja Glazbene kulture Jurice Goja u izvedbi komornog orkestra u\u010denika 7. c iz Mati\u010dne \u0161kole Krk u sastavu Erik Mrzljak, Valentin<br \/>\nKarabai\u0107, Bla\u017e Komljenovi\u0107, Mateo Crn\u010di\u0107 i Lovro Grdini\u0107. Na velikom platnu u pozadini su<br \/>\nse izmjenjivali stihovi autorske pjesme Luke O\u010dka u\u010denika 8. a razreda pod naslovom<br \/>\n\u201eSje\u0107anja!\u201c. Potom se svima prisutnima obratio predsjednik Udruge antifa\u0161isti\u010dkih boraca i<br \/>\nantifa\u0161ista otoka Krka gospodin Darko Fanuko. U publici su bili i u\u010denici osma\u0161i iz Omi\u0161lja,<br \/>\nDobrinja, Malinske, Vrbnika, Punta i Krka kao predstavnici sve tri kr\u010dke osnovne \u0161kole,<br \/>\nu\u010denici srednjo\u0161kolci te mnogi uva\u017eeni uzvanici: gradona\u010delnik Darijo Vasili\u0107, ravnatelj O\u0160<br \/>\n\u201eFran Krsto Frankopan\u201c Ser\u0111o Sambli\u0107, ravnateljica O\u0160 \u201eMalinska \u2013 Duba\u0161nica\u201c Nedjeljka<br \/>\nTur\u010di\u0107, ravnateljica S\u0160 \u201eHrvatski kralj Zvonimir\u201c Gordija Marijan, predsjednik Udruge Kr\u010dkih<br \/>\nknezova Frankopana Petar Kopanica, u\u010ditelji iz razli\u010ditih osnovnih \u0161kola, \u010dlanovi Udruge<br \/>\nantifa\u0161ista, \u010dlanovi obitelji svjedoka i mnogi drugi zainteresirani.<br \/>\nU sredi\u0161njem dijelu programa veoma iscrpno 30-minutno predavanje odr\u017eala je Iva<br \/>\nDujmovi\u0107, voditeljica aktiva povjesni\u010dara, u\u010diteljica povijesti u P\u0160 Punat, P\u0160 Vrbnik i P\u0160<br \/>\nDobrinj. Govorila je o holokaustu iz svih dimenzija, o nacisti\u010dkoj ideologiji, Tre\u0107em Reichu i<br \/>\nnjihovim kolaboracionistima.<br \/>\nU\u010diteljica povijesti Dina Valkovi\u0107 moderirala je program i odr\u017eala predavanje o otoku Krku<br \/>\nu Drugom svjetskom ratu. Govorila je o \u017eivotu oto\u010dana tijekom fa\u0161isti\u010dke i nacisti\u010dke<br \/>\nokupacije, politi\u010dkim prilikama i stradavanju na otoku i u logorima. U Drugom svjetskom ratu<br \/>\nna otoku Krku poginulo je ukupno 539 ljudi, u razne logore odvedeno je 185 oto\u010dana, od<br \/>\n\u010dega ih se 60 nikada nije vratilo. Temi je pristupila kroz dimenziju lokalne, mikro pro\u017eivljene<br \/>\npovijesti. Prou\u010davala je kako obiteljske pri\u010de, iskustva malih obi\u010dnih ljudi mo\u017eemo postaviti u<br \/>\nkontekst tzv. velikih povijesnih tema kao \u0161to su Drugi svjetski rat, holokaust i zlo\u010dini protiv<br \/>\n\u010dovje\u010dnosti. Dakle kako mo\u017eemo svjedo\u010danstva ljudi koje poznajemo, uz nove prona\u0111ene<br \/>\noriginalne povijesne izvore povezati sa svim onim \u0161to je zapisano u stru\u010dnoj literaturi. Na<br \/>\nistra\u017eivanje je potaknula i svoje u\u010denike osma\u0161e, a uklju\u010dili su se onda i \u010dlanovi njihovih<br \/>\nobitelji i to svih generacija.<br \/>\nPrezentirala je istra\u017eiva\u010dki projekt za osma\u0161e \u201eSvjedo\u010danstva na\u0161ih predaka \u2013 pro\u017eivljena<br \/>\npovijest\u201c. Prikazan je 7-minutni video-zapis s fotografijama \u201ePri\u010da strave Vrbnik \u2013 Blok 27 \u2013<br \/>\nDachau\u201c, koji sadr\u017ei istra\u017eivanje Pavla Volari\u0107a, u\u010denika 8. razreda P\u0160 Vrbnik o stradavanju<br \/>\nnjegova djeda Ivana Gr\u0161kovi\u0107a u logoru Dachau. Svjedo\u010danstvo je \u010ditala i njegova sestra<br \/>\nDora Volari\u0107, u\u010denica 5. razreda P\u0160 Vrbnik. Svjedo\u010danstvo o Antunu Mrakov\u010di\u0107u i njegovim<br \/>\nlogora\u0161kim danima pro\u010ditao je i Niko Braut, u\u010denik 8. b M\u0160 Krk pod naslovom \u201eDa se ne<br \/>\nponovi!\u201c.<\/p>\n<p>U\u010diteljica je htjela \u0161to vi\u0161e uklju\u010diti svoje u\u010denike da ne budu pasivni promatra\u010di i slu\u0161a\u010di,<br \/>\nve\u0107 da ih potakne da budu aktivni, da poka\u017eu inicijativu i spremnost da istra\u017euju, sura\u0111uju i<br \/>\nstvaraju, senzibiliziraju se za ove teme, razvijaju empatiju, ali i kriti\u010dki promi\u0161ljaju. Da se na\u0111u<br \/>\nu ulozi povjesni\u010dara, traga\u010da za povijesnim \u010dinjenicama i izvorima, ali i zanimljivim pri\u010dama iz<br \/>\nna\u0161e zavi\u010dajne povijesti. Povijest nije samo na stranicama ud\u017ebenika i knjiga, ona je svuda<br \/>\noko nas. \u017diva je i mo\u017eemo s njom uspostaviti aktivan odnos.<br \/>\nU Mati\u010dnoj \u0161koli Krk tematici holokausta i zlo\u010dina pristupljeno je i u korelaciji Povijesti s<br \/>\nnastavom Glazbene i Likovne kulture kroz projekt \u201ePovijest u umjetnosti\u201c. U\u010ditelj Glazbene<br \/>\nkulture Jurica Goja pripremio je za program komorni orkestar, a u suradnji s Barbarom<br \/>\nK\u0161enek i u\u010denicu 8. a M\u0160 Krk Doroteju Stojakovi\u0107, polaznicu Glazbene \u0161kole Ivana Mateti\u0107a<br \/>\nRonjgova Podru\u010dni odjel Krk. Izveli su skladbu R. L. Cain \u201ePreludij in ples\u201c na klaviru i flauti.<br \/>\nO tome kako je u\u010denike 8. a i 8. b M\u0160 Krk inspiriralo na stvaranje stvarala\u0161tvo Svetlane<br \/>\nVolari\u0107, govorila je Ana Sta\u0161i\u0107 dok je Lana Borojevi\u0107 veoma nadahnuto pro\u010ditala pojedine<br \/>\nulomke iz knjige \u201eU paklu su zvijezde ravnodu\u0161no sjale\u201c. Svetlana je bila djevojka iz Vrbnika<br \/>\nkoja je s 15 godina pro\u017eivjela pakao \u010dak tri logora Auschwitza, Ravensbr\u00fccka i Wittenberga.<br \/>\nPre\u017eivjela je i do\u017eivjela duboku starost. Napisala je dvije knjige i bavila se slikarstvom.<br \/>\nPreminula je 2002. godine. Njezino umjetni\u010dko svjedo\u010danstvo strahota holokausta veoma je<br \/>\nupe\u010datljivo djelovalo na u\u010denike.<br \/>\nU\u010denici su pod vodstvom u\u010diteljice Likovne kulture Lede Tomuli\u0107 izradili velike triptihe u<br \/>\ncrno-bijeloj boji u kombiniranoj tehnici tempere, kola\u017ea i assemblagea te svjetlosnu<br \/>\ninstalaciju. Izradili su i diptih s crte\u017eima u olovci koje su razrezali i nasumi\u010dno lijepili kao vrstu<br \/>\nslagalice na plavu boja koja simbolizira nebo i nadu. Lea Krausse je tako\u0111er izradila jedan<br \/>\nrad u olovci. Radovi su izlo\u017eeni najprije u Velikoj gradskoj vije\u0107nici, potom u Galeriji<br \/>\nDecumanus.<br \/>\nNije lako motivirati u\u010denike na bavljenje ovako te\u0161kim temama, ali uklju\u010deni u\u010denici<br \/>\nsedmog i osmog razreda zaista su se potrudili i na poseban na\u010din pridonijeli ovom<br \/>\nprigodnom programu. Program je zaklju\u010dio inicijator ovog doga\u0111anja Darko Fanuko koji je<br \/>\nsve prisutne pozvao na izlo\u017ebu radova Svetlane Volari\u0107 i u\u010denika osma\u0161a u Galeriji<br \/>\nDecumanus koja \u0107e biti otvorena do 16. velja\u010de 2023.<\/p>\n<p><a href=\"http:\/\/osnovnaskolakrk.hr\/krk\/wp-content\/uploads\/h2.jpg\" data-rel=\"lightbox-image-0\" data-rl_title=\"\" data-rl_caption=\"\" title=\"\"><img loading=\"lazy\" class=\"alignnone size-medium wp-image-6193\" src=\"http:\/\/osnovnaskolakrk.hr\/krk\/wp-content\/uploads\/h2-300x175.jpg\" alt=\"\" width=\"300\" height=\"175\" srcset=\"http:\/\/osnovnaskolakrk.hr\/krk\/wp-content\/uploads\/h2-300x175.jpg 300w, http:\/\/osnovnaskolakrk.hr\/krk\/wp-content\/uploads\/h2-624x365.jpg 624w, http:\/\/osnovnaskolakrk.hr\/krk\/wp-content\/uploads\/h2.jpg 669w\" sizes=\"(max-width: 300px) 100vw, 300px\" \/><\/a> <a href=\"http:\/\/osnovnaskolakrk.hr\/krk\/wp-content\/uploads\/h3.jpg\" data-rel=\"lightbox-image-1\" data-rl_title=\"\" data-rl_caption=\"\" title=\"\"><img loading=\"lazy\" class=\"alignnone size-medium wp-image-6194\" src=\"http:\/\/osnovnaskolakrk.hr\/krk\/wp-content\/uploads\/h3-300x200.jpg\" alt=\"\" width=\"300\" height=\"200\" srcset=\"http:\/\/osnovnaskolakrk.hr\/krk\/wp-content\/uploads\/h3-300x200.jpg 300w, http:\/\/osnovnaskolakrk.hr\/krk\/wp-content\/uploads\/h3-624x416.jpg 624w, http:\/\/osnovnaskolakrk.hr\/krk\/wp-content\/uploads\/h3.jpg 627w\" sizes=\"(max-width: 300px) 100vw, 300px\" \/><\/a> <a href=\"http:\/\/osnovnaskolakrk.hr\/krk\/wp-content\/uploads\/h4.jpg\" data-rel=\"lightbox-image-2\" data-rl_title=\"\" data-rl_caption=\"\" title=\"\"><img loading=\"lazy\" class=\"alignnone size-medium wp-image-6195\" src=\"http:\/\/osnovnaskolakrk.hr\/krk\/wp-content\/uploads\/h4-300x213.jpg\" alt=\"\" width=\"300\" height=\"213\" srcset=\"http:\/\/osnovnaskolakrk.hr\/krk\/wp-content\/uploads\/h4-300x213.jpg 300w, http:\/\/osnovnaskolakrk.hr\/krk\/wp-content\/uploads\/h4.jpg 607w\" sizes=\"(max-width: 300px) 100vw, 300px\" \/><\/a> <a href=\"http:\/\/osnovnaskolakrk.hr\/krk\/wp-content\/uploads\/h5.jpg\" data-rel=\"lightbox-image-3\" data-rl_title=\"\" data-rl_caption=\"\" title=\"\"><img loading=\"lazy\" class=\"alignnone size-medium wp-image-6196\" src=\"http:\/\/osnovnaskolakrk.hr\/krk\/wp-content\/uploads\/h5-300x200.jpg\" alt=\"\" width=\"300\" height=\"200\" srcset=\"http:\/\/osnovnaskolakrk.hr\/krk\/wp-content\/uploads\/h5-300x200.jpg 300w, http:\/\/osnovnaskolakrk.hr\/krk\/wp-content\/uploads\/h5-624x416.jpg 624w, http:\/\/osnovnaskolakrk.hr\/krk\/wp-content\/uploads\/h5.jpg 627w\" sizes=\"(max-width: 300px) 100vw, 300px\" \/><\/a> <a href=\"http:\/\/osnovnaskolakrk.hr\/krk\/wp-content\/uploads\/h6.jpg\" data-rel=\"lightbox-image-4\" data-rl_title=\"\" data-rl_caption=\"\" title=\"\"><img loading=\"lazy\" class=\"alignnone size-medium wp-image-6197\" src=\"http:\/\/osnovnaskolakrk.hr\/krk\/wp-content\/uploads\/h6-300x197.jpg\" alt=\"\" width=\"300\" height=\"197\" srcset=\"http:\/\/osnovnaskolakrk.hr\/krk\/wp-content\/uploads\/h6-300x197.jpg 300w, http:\/\/osnovnaskolakrk.hr\/krk\/wp-content\/uploads\/h6-624x409.jpg 624w, http:\/\/osnovnaskolakrk.hr\/krk\/wp-content\/uploads\/h6.jpg 632w\" sizes=\"(max-width: 300px) 100vw, 300px\" \/><\/a> <a href=\"http:\/\/osnovnaskolakrk.hr\/krk\/wp-content\/uploads\/h7.jpg\" data-rel=\"lightbox-image-5\" data-rl_title=\"\" data-rl_caption=\"\" title=\"\"><img loading=\"lazy\" class=\"alignnone size-medium wp-image-6198\" src=\"http:\/\/osnovnaskolakrk.hr\/krk\/wp-content\/uploads\/h7-300x200.jpg\" alt=\"\" width=\"300\" height=\"200\" srcset=\"http:\/\/osnovnaskolakrk.hr\/krk\/wp-content\/uploads\/h7-300x200.jpg 300w, http:\/\/osnovnaskolakrk.hr\/krk\/wp-content\/uploads\/h7-624x416.jpg 624w, http:\/\/osnovnaskolakrk.hr\/krk\/wp-content\/uploads\/h7.jpg 627w\" sizes=\"(max-width: 300px) 100vw, 300px\" \/><\/a> <a href=\"http:\/\/osnovnaskolakrk.hr\/krk\/wp-content\/uploads\/h8.jpg\" data-rel=\"lightbox-image-6\" data-rl_title=\"\" data-rl_caption=\"\" title=\"\"><img loading=\"lazy\" class=\"alignnone size-medium wp-image-6199\" src=\"http:\/\/osnovnaskolakrk.hr\/krk\/wp-content\/uploads\/h8-300x200.jpg\" alt=\"\" width=\"300\" height=\"200\" srcset=\"http:\/\/osnovnaskolakrk.hr\/krk\/wp-content\/uploads\/h8-300x200.jpg 300w, http:\/\/osnovnaskolakrk.hr\/krk\/wp-content\/uploads\/h8-624x416.jpg 624w, http:\/\/osnovnaskolakrk.hr\/krk\/wp-content\/uploads\/h8.jpg 627w\" sizes=\"(max-width: 300px) 100vw, 300px\" \/><\/a> <a href=\"http:\/\/osnovnaskolakrk.hr\/krk\/wp-content\/uploads\/h9.jpg\" data-rel=\"lightbox-image-7\" data-rl_title=\"\" data-rl_caption=\"\" title=\"\"><img loading=\"lazy\" class=\"alignnone size-medium wp-image-6200\" src=\"http:\/\/osnovnaskolakrk.hr\/krk\/wp-content\/uploads\/h9-300x200.jpg\" alt=\"\" width=\"300\" height=\"200\" srcset=\"http:\/\/osnovnaskolakrk.hr\/krk\/wp-content\/uploads\/h9-300x200.jpg 300w, http:\/\/osnovnaskolakrk.hr\/krk\/wp-content\/uploads\/h9-624x416.jpg 624w, http:\/\/osnovnaskolakrk.hr\/krk\/wp-content\/uploads\/h9.jpg 627w\" sizes=\"(max-width: 300px) 100vw, 300px\" \/><\/a> <a href=\"http:\/\/osnovnaskolakrk.hr\/krk\/wp-content\/uploads\/h10.jpg\" data-rel=\"lightbox-image-8\" data-rl_title=\"\" data-rl_caption=\"\" title=\"\"><img loading=\"lazy\" class=\"alignnone size-medium wp-image-6201\" src=\"http:\/\/osnovnaskolakrk.hr\/krk\/wp-content\/uploads\/h10-300x200.jpg\" alt=\"\" width=\"300\" height=\"200\" srcset=\"http:\/\/osnovnaskolakrk.hr\/krk\/wp-content\/uploads\/h10-300x200.jpg 300w, http:\/\/osnovnaskolakrk.hr\/krk\/wp-content\/uploads\/h10-624x416.jpg 624w, http:\/\/osnovnaskolakrk.hr\/krk\/wp-content\/uploads\/h10.jpg 627w\" sizes=\"(max-width: 300px) 100vw, 300px\" \/><\/a> <a href=\"http:\/\/osnovnaskolakrk.hr\/krk\/wp-content\/uploads\/h11.jpg\" data-rel=\"lightbox-image-9\" data-rl_title=\"\" data-rl_caption=\"\" title=\"\"><img loading=\"lazy\" class=\"alignnone size-medium wp-image-6202\" src=\"http:\/\/osnovnaskolakrk.hr\/krk\/wp-content\/uploads\/h11-300x224.jpg\" alt=\"\" width=\"300\" height=\"224\" srcset=\"http:\/\/osnovnaskolakrk.hr\/krk\/wp-content\/uploads\/h11-300x224.jpg 300w, http:\/\/osnovnaskolakrk.hr\/krk\/wp-content\/uploads\/h11.jpg 591w\" sizes=\"(max-width: 300px) 100vw, 300px\" \/><\/a> <a href=\"http:\/\/osnovnaskolakrk.hr\/krk\/wp-content\/uploads\/h12.jpg\" data-rel=\"lightbox-image-10\" data-rl_title=\"\" data-rl_caption=\"\" title=\"\"><img loading=\"lazy\" class=\"alignnone size-medium wp-image-6203\" src=\"http:\/\/osnovnaskolakrk.hr\/krk\/wp-content\/uploads\/h12-300x224.jpg\" alt=\"\" width=\"300\" height=\"224\" srcset=\"http:\/\/osnovnaskolakrk.hr\/krk\/wp-content\/uploads\/h12-300x224.jpg 300w, http:\/\/osnovnaskolakrk.hr\/krk\/wp-content\/uploads\/h12.jpg 591w\" sizes=\"(max-width: 300px) 100vw, 300px\" \/><\/a> <a href=\"http:\/\/osnovnaskolakrk.hr\/krk\/wp-content\/uploads\/h13.jpg\" data-rel=\"lightbox-image-11\" data-rl_title=\"\" data-rl_caption=\"\" title=\"\"><img loading=\"lazy\" class=\"alignnone size-medium wp-image-6204\" src=\"http:\/\/osnovnaskolakrk.hr\/krk\/wp-content\/uploads\/h13-300x224.jpg\" alt=\"\" width=\"300\" height=\"224\" srcset=\"http:\/\/osnovnaskolakrk.hr\/krk\/wp-content\/uploads\/h13-300x224.jpg 300w, http:\/\/osnovnaskolakrk.hr\/krk\/wp-content\/uploads\/h13.jpg 591w\" sizes=\"(max-width: 300px) 100vw, 300px\" \/><\/a> <a href=\"http:\/\/osnovnaskolakrk.hr\/krk\/wp-content\/uploads\/h14.jpg\" data-rel=\"lightbox-image-12\" data-rl_title=\"\" data-rl_caption=\"\" title=\"\"><img loading=\"lazy\" class=\"alignnone size-medium wp-image-6205\" src=\"http:\/\/osnovnaskolakrk.hr\/krk\/wp-content\/uploads\/h14-300x224.jpg\" alt=\"\" width=\"300\" height=\"224\" srcset=\"http:\/\/osnovnaskolakrk.hr\/krk\/wp-content\/uploads\/h14-300x224.jpg 300w, http:\/\/osnovnaskolakrk.hr\/krk\/wp-content\/uploads\/h14.jpg 591w\" sizes=\"(max-width: 300px) 100vw, 300px\" \/><\/a> <a href=\"http:\/\/osnovnaskolakrk.hr\/krk\/wp-content\/uploads\/h15.jpg\" data-rel=\"lightbox-image-13\" data-rl_title=\"\" data-rl_caption=\"\" title=\"\"><img loading=\"lazy\" class=\"alignnone size-medium wp-image-6206\" src=\"http:\/\/osnovnaskolakrk.hr\/krk\/wp-content\/uploads\/h15-300x224.jpg\" alt=\"\" width=\"300\" height=\"224\" srcset=\"http:\/\/osnovnaskolakrk.hr\/krk\/wp-content\/uploads\/h15-300x224.jpg 300w, http:\/\/osnovnaskolakrk.hr\/krk\/wp-content\/uploads\/h15.jpg 591w\" sizes=\"(max-width: 300px) 100vw, 300px\" \/><\/a> <a href=\"http:\/\/osnovnaskolakrk.hr\/krk\/wp-content\/uploads\/h16.jpg\" data-rel=\"lightbox-image-14\" data-rl_title=\"\" data-rl_caption=\"\" title=\"\"><img loading=\"lazy\" class=\"alignnone size-medium wp-image-6207\" src=\"http:\/\/osnovnaskolakrk.hr\/krk\/wp-content\/uploads\/h16-300x224.jpg\" alt=\"\" width=\"300\" height=\"224\" srcset=\"http:\/\/osnovnaskolakrk.hr\/krk\/wp-content\/uploads\/h16-300x224.jpg 300w, http:\/\/osnovnaskolakrk.hr\/krk\/wp-content\/uploads\/h16.jpg 591w\" sizes=\"(max-width: 300px) 100vw, 300px\" \/><\/a> <a href=\"http:\/\/osnovnaskolakrk.hr\/krk\/wp-content\/uploads\/h17.jpg\" data-rel=\"lightbox-image-15\" data-rl_title=\"\" data-rl_caption=\"\" title=\"\"><img loading=\"lazy\" class=\"alignnone size-medium wp-image-6208\" src=\"http:\/\/osnovnaskolakrk.hr\/krk\/wp-content\/uploads\/h17-300x224.jpg\" alt=\"\" width=\"300\" height=\"224\" srcset=\"http:\/\/osnovnaskolakrk.hr\/krk\/wp-content\/uploads\/h17-300x224.jpg 300w, http:\/\/osnovnaskolakrk.hr\/krk\/wp-content\/uploads\/h17.jpg 591w\" sizes=\"(max-width: 300px) 100vw, 300px\" \/><\/a> <a href=\"http:\/\/osnovnaskolakrk.hr\/krk\/wp-content\/uploads\/h18.jpg\" data-rel=\"lightbox-image-16\" data-rl_title=\"\" data-rl_caption=\"\" title=\"\"><img loading=\"lazy\" class=\"alignnone size-medium wp-image-6209\" src=\"http:\/\/osnovnaskolakrk.hr\/krk\/wp-content\/uploads\/h18-300x224.jpg\" alt=\"\" width=\"300\" height=\"224\" srcset=\"http:\/\/osnovnaskolakrk.hr\/krk\/wp-content\/uploads\/h18-300x224.jpg 300w, http:\/\/osnovnaskolakrk.hr\/krk\/wp-content\/uploads\/h18.jpg 591w\" sizes=\"(max-width: 300px) 100vw, 300px\" \/><\/a> <a href=\"http:\/\/osnovnaskolakrk.hr\/krk\/wp-content\/uploads\/h19.jpg\" data-rel=\"lightbox-image-17\" data-rl_title=\"\" data-rl_caption=\"\" title=\"\"><img loading=\"lazy\" class=\"alignnone size-medium wp-image-6210\" src=\"http:\/\/osnovnaskolakrk.hr\/krk\/wp-content\/uploads\/h19-224x300.jpg\" alt=\"\" width=\"224\" height=\"300\" srcset=\"http:\/\/osnovnaskolakrk.hr\/krk\/wp-content\/uploads\/h19-224x300.jpg 224w, http:\/\/osnovnaskolakrk.hr\/krk\/wp-content\/uploads\/h19.jpg 442w\" sizes=\"(max-width: 224px) 100vw, 224px\" \/><\/a> <a href=\"http:\/\/osnovnaskolakrk.hr\/krk\/wp-content\/uploads\/h20.jpg\" data-rel=\"lightbox-image-18\" data-rl_title=\"\" data-rl_caption=\"\" title=\"\"><img loading=\"lazy\" class=\"alignnone size-medium wp-image-6211\" src=\"http:\/\/osnovnaskolakrk.hr\/krk\/wp-content\/uploads\/h20-224x300.jpg\" alt=\"\" width=\"224\" height=\"300\" srcset=\"http:\/\/osnovnaskolakrk.hr\/krk\/wp-content\/uploads\/h20-224x300.jpg 224w, http:\/\/osnovnaskolakrk.hr\/krk\/wp-content\/uploads\/h20.jpg 442w\" sizes=\"(max-width: 224px) 100vw, 224px\" \/><\/a> <a href=\"http:\/\/osnovnaskolakrk.hr\/krk\/wp-content\/uploads\/h21.jpg\" data-rel=\"lightbox-image-19\" data-rl_title=\"\" data-rl_caption=\"\" title=\"\"><img loading=\"lazy\" class=\"alignnone size-medium wp-image-6212\" src=\"http:\/\/osnovnaskolakrk.hr\/krk\/wp-content\/uploads\/h21-224x300.jpg\" alt=\"\" width=\"224\" height=\"300\" srcset=\"http:\/\/osnovnaskolakrk.hr\/krk\/wp-content\/uploads\/h21-224x300.jpg 224w, http:\/\/osnovnaskolakrk.hr\/krk\/wp-content\/uploads\/h21.jpg 442w\" sizes=\"(max-width: 224px) 100vw, 224px\" \/><\/a><\/p>\n","protected":false},"excerpt":{"rendered":"<p>Me\u0111unarodni dan sje\u0107anja na \u017ertve holokausta i sprje\u010davanja zlo\u010dina protiv \u010dovje\u010dnosti Svjedo\u010danstva na\u0161ih predaka U\u010denici i u\u010ditelji na\u0161e \u0161kole sudjelovali su u prigodnom programu s geslom \u201eDa se zna! Da se ne zaboravi! Da se ne ponovi!\u201c U organizaciji Udruge antifa\u0161isti\u010dkih boraca i antifa\u0161ista otoka Krka i Osnovne \u0161kole \u201eFran Krsto Frankopan\u201c Krk 27. sije\u010dnja [&hellip;]<\/p>\n","protected":false},"author":18,"featured_media":6192,"comment_status":"closed","ping_status":"closed","sticky":false,"template":"","format":"standard","meta":[],"categories":[1],"tags":[],"_links":{"self":[{"href":"http:\/\/osnovnaskolakrk.hr\/krk\/wp-json\/wp\/v2\/posts\/6191"}],"collection":[{"href":"http:\/\/osnovnaskolakrk.hr\/krk\/wp-json\/wp\/v2\/posts"}],"about":[{"href":"http:\/\/osnovnaskolakrk.hr\/krk\/wp-json\/wp\/v2\/types\/post"}],"author":[{"embeddable":true,"href":"http:\/\/osnovnaskolakrk.hr\/krk\/wp-json\/wp\/v2\/users\/18"}],"replies":[{"embeddable":true,"href":"http:\/\/osnovnaskolakrk.hr\/krk\/wp-json\/wp\/v2\/comments?post=6191"}],"version-history":[{"count":1,"href":"http:\/\/osnovnaskolakrk.hr\/krk\/wp-json\/wp\/v2\/posts\/6191\/revisions"}],"predecessor-version":[{"id":6213,"href":"http:\/\/osnovnaskolakrk.hr\/krk\/wp-json\/wp\/v2\/posts\/6191\/revisions\/6213"}],"wp:featuredmedia":[{"embeddable":true,"href":"http:\/\/osnovnaskolakrk.hr\/krk\/wp-json\/wp\/v2\/media\/6192"}],"wp:attachment":[{"href":"http:\/\/osnovnaskolakrk.hr\/krk\/wp-json\/wp\/v2\/media?parent=6191"}],"wp:term":[{"taxonomy":"category","embeddable":true,"href":"http:\/\/osnovnaskolakrk.hr\/krk\/wp-json\/wp\/v2\/categories?post=6191"},{"taxonomy":"post_tag","embeddable":true,"href":"http:\/\/osnovnaskolakrk.hr\/krk\/wp-json\/wp\/v2\/tags?post=6191"}],"curies":[{"name":"wp","href":"https:\/\/api.w.org\/{rel}","templated":true}]}}