{"id":6219,"date":"2023-02-13T09:44:31","date_gmt":"2023-02-13T09:44:31","guid":{"rendered":"http:\/\/osnovnaskolakrk.hr\/krk\/?p=6219"},"modified":"2023-02-13T09:47:20","modified_gmt":"2023-02-13T09:47:20","slug":"lik-2023","status":"publish","type":"post","link":"http:\/\/osnovnaskolakrk.hr\/krk\/lik-2023\/","title":{"rendered":"LIK 2023"},"content":{"rendered":"<p>Na natjecanju na \u0161kolskoj razini iz likovnog &#8211; LIK 2023 &#8211; pod mentorstvom nastavnice likovne kulture<strong> Lede Tomuli\u0107<\/strong> sudjelovali su sljede\u0107i u\u010denici: <strong>Anabel Bezak 5.b, Jelena Dujmovi\u0107 7.c, Minela Bajramovi\u0107 7.c, Mila Volari\u0107 7.a, Lea Krause 8.b, Mai Karabai\u0107 8.b, Marita Milkovi\u0107 5.c, Vesa Kabashi 5.c, Lukas Luki\u0107 5.c, Ilaria Moro\u017ein 6.c, Jana \u010cutul 6.a, Iris Sedlar 6.a i Lina Kosi\u0107 6.c.<\/strong><\/p>\n<p>\u0160kolsko natjecanje je bilo pojedina\u010dno i u\u010denici su se natjecali me\u0111usobno. Trebali su osmisliti, provesti, ostvariti i vrednovati likovni rad na temelju istra\u017eivanja plesne tematike. Slu\u017ee\u0107i se likovnim jezikom trebali su u likovnom radu, u ovom slu\u010daju video clipu, izraziti glazbeni osje\u0107aj.<\/p>\n<p>Video clipove mo\u017eete pogledati <a href=\"https:\/\/www.youtube.com\/@ledatomulic\/videos\">ovdje.<\/a><\/p>\n<p>Zadatak je bio da se kreativnim tehnikama, glazbom s njenim elementima &#8211; ritmom, dinamikom, tempom i melodijom &#8211; poti\u010de stvarala\u0161tvo te da se interdisciplinarnim spajanjem znanstveno-istra\u017eiva\u010dkih perspektiva omogu\u0107i nove uvide u zadanu temu.<\/p>\n<p>Na \u017eupanijsku razinu pro\u0161li su radovi Mile, Mai i Marite.<\/p>\n<p>Svi su bili izrazito ma\u0161toviti i \u010destitam svima!<\/p>\n<p>Leda Tomuli\u0107, nastavnica LK.<\/p>\n<p>&nbsp;<\/p>\n","protected":false},"excerpt":{"rendered":"<p>Na natjecanju na \u0161kolskoj razini iz likovnog &#8211; LIK 2023 &#8211; pod mentorstvom nastavnice likovne kulture Lede Tomuli\u0107 sudjelovali su sljede\u0107i u\u010denici: Anabel Bezak 5.b, Jelena Dujmovi\u0107 7.c, Minela Bajramovi\u0107 7.c, Mila Volari\u0107 7.a, Lea Krause 8.b, Mai Karabai\u0107 8.b, Marita Milkovi\u0107 5.c, Vesa Kabashi 5.c, Lukas Luki\u0107 5.c, Ilaria Moro\u017ein 6.c, Jana \u010cutul 6.a, [&hellip;]<\/p>\n","protected":false},"author":18,"featured_media":0,"comment_status":"closed","ping_status":"closed","sticky":false,"template":"","format":"standard","meta":[],"categories":[1],"tags":[],"_links":{"self":[{"href":"http:\/\/osnovnaskolakrk.hr\/krk\/wp-json\/wp\/v2\/posts\/6219"}],"collection":[{"href":"http:\/\/osnovnaskolakrk.hr\/krk\/wp-json\/wp\/v2\/posts"}],"about":[{"href":"http:\/\/osnovnaskolakrk.hr\/krk\/wp-json\/wp\/v2\/types\/post"}],"author":[{"embeddable":true,"href":"http:\/\/osnovnaskolakrk.hr\/krk\/wp-json\/wp\/v2\/users\/18"}],"replies":[{"embeddable":true,"href":"http:\/\/osnovnaskolakrk.hr\/krk\/wp-json\/wp\/v2\/comments?post=6219"}],"version-history":[{"count":2,"href":"http:\/\/osnovnaskolakrk.hr\/krk\/wp-json\/wp\/v2\/posts\/6219\/revisions"}],"predecessor-version":[{"id":6221,"href":"http:\/\/osnovnaskolakrk.hr\/krk\/wp-json\/wp\/v2\/posts\/6219\/revisions\/6221"}],"wp:attachment":[{"href":"http:\/\/osnovnaskolakrk.hr\/krk\/wp-json\/wp\/v2\/media?parent=6219"}],"wp:term":[{"taxonomy":"category","embeddable":true,"href":"http:\/\/osnovnaskolakrk.hr\/krk\/wp-json\/wp\/v2\/categories?post=6219"},{"taxonomy":"post_tag","embeddable":true,"href":"http:\/\/osnovnaskolakrk.hr\/krk\/wp-json\/wp\/v2\/tags?post=6219"}],"curies":[{"name":"wp","href":"https:\/\/api.w.org\/{rel}","templated":true}]}}