{"id":6223,"date":"2023-03-07T08:12:54","date_gmt":"2023-03-07T08:12:54","guid":{"rendered":"http:\/\/osnovnaskolakrk.hr\/krk\/?p=6223"},"modified":"2023-03-07T08:12:54","modified_gmt":"2023-03-07T08:12:54","slug":"mladi-istrazivaci-u-kampanji-zasadi-stablo-ne-budi-panj-2","status":"publish","type":"post","link":"http:\/\/osnovnaskolakrk.hr\/krk\/mladi-istrazivaci-u-kampanji-zasadi-stablo-ne-budi-panj-2\/","title":{"rendered":"Mladi istra\u017eiva\u010di u kampanji \u201cZasadi stablo, ne budi panj\u201d"},"content":{"rendered":"<p>Istra\u017eiva\u010di na\u0161e \u0161kole i ove su godine sudjelovali u nacionalnoj kampanji sadnje drve\u0107a pod nazivom \u201c<strong>Zasadi stablo, ne budi panj<\/strong>\u201d. Kao i pro\u0161le godine, sadili su u Pinezi\u0107ima u okolici kampa &#8220;Punta Jerta&#8221; te na Valbiski. Od organizatora kampanje u na\u0161oj \u017eupaniji dobili su dvije sadnice masline te dvije sadnice smokve. Sadnja je provedena u subotu 4. o\u017eujka 2023.\u00a0 Tko je sve sudjelovao i kako je protekla sadnja, pogledajte\u00a0<a href=\"https:\/\/www.youtube.com\/watch?v=A00D9Mix0f0\" data-rel=\"lightbox-video-0\">u filmu<\/a> . Istra\u017eiva\u010di se zahvaljuju u\u010ditelju <em>Borisu Brni\u0107u<\/em> na doniranom prirodnom gnoju.<\/p>\n<p><a href=\"http:\/\/osnovnaskolakrk.hr\/krk\/wp-content\/uploads\/s1-1.jpg\" data-rel=\"lightbox-image-0\" data-rl_title=\"\" data-rl_caption=\"\" title=\"\"><img loading=\"lazy\" class=\"alignnone size-medium wp-image-6225\" src=\"http:\/\/osnovnaskolakrk.hr\/krk\/wp-content\/uploads\/s1-1-300x225.jpg\" alt=\"\" width=\"300\" height=\"225\" srcset=\"http:\/\/osnovnaskolakrk.hr\/krk\/wp-content\/uploads\/s1-1-300x225.jpg 300w, http:\/\/osnovnaskolakrk.hr\/krk\/wp-content\/uploads\/s1-1-768x576.jpg 768w, http:\/\/osnovnaskolakrk.hr\/krk\/wp-content\/uploads\/s1-1-624x468.jpg 624w, http:\/\/osnovnaskolakrk.hr\/krk\/wp-content\/uploads\/s1-1.jpg 900w\" sizes=\"(max-width: 300px) 100vw, 300px\" \/><\/a> <a href=\"http:\/\/osnovnaskolakrk.hr\/krk\/wp-content\/uploads\/s3.jpg\" data-rel=\"lightbox-image-1\" data-rl_title=\"\" data-rl_caption=\"\" title=\"\"><img loading=\"lazy\" class=\"alignnone size-medium wp-image-6227\" src=\"http:\/\/osnovnaskolakrk.hr\/krk\/wp-content\/uploads\/s3-300x225.jpg\" alt=\"\" width=\"300\" height=\"225\" srcset=\"http:\/\/osnovnaskolakrk.hr\/krk\/wp-content\/uploads\/s3-300x225.jpg 300w, http:\/\/osnovnaskolakrk.hr\/krk\/wp-content\/uploads\/s3-768x576.jpg 768w, http:\/\/osnovnaskolakrk.hr\/krk\/wp-content\/uploads\/s3-624x468.jpg 624w, http:\/\/osnovnaskolakrk.hr\/krk\/wp-content\/uploads\/s3.jpg 900w\" sizes=\"(max-width: 300px) 100vw, 300px\" \/><\/a> <a href=\"http:\/\/osnovnaskolakrk.hr\/krk\/wp-content\/uploads\/s4-1.jpg\" data-rel=\"lightbox-image-2\" data-rl_title=\"\" data-rl_caption=\"\" title=\"\"><img loading=\"lazy\" class=\"alignnone size-medium wp-image-6228\" src=\"http:\/\/osnovnaskolakrk.hr\/krk\/wp-content\/uploads\/s4-1-300x225.jpg\" alt=\"\" width=\"300\" height=\"225\" srcset=\"http:\/\/osnovnaskolakrk.hr\/krk\/wp-content\/uploads\/s4-1-300x225.jpg 300w, http:\/\/osnovnaskolakrk.hr\/krk\/wp-content\/uploads\/s4-1-768x576.jpg 768w, http:\/\/osnovnaskolakrk.hr\/krk\/wp-content\/uploads\/s4-1-624x468.jpg 624w, http:\/\/osnovnaskolakrk.hr\/krk\/wp-content\/uploads\/s4-1.jpg 900w\" sizes=\"(max-width: 300px) 100vw, 300px\" \/><\/a> <a href=\"http:\/\/osnovnaskolakrk.hr\/krk\/wp-content\/uploads\/s5-1.jpg\" data-rel=\"lightbox-image-3\" data-rl_title=\"\" data-rl_caption=\"\" title=\"\"><img loading=\"lazy\" class=\"alignnone size-medium wp-image-6229\" src=\"http:\/\/osnovnaskolakrk.hr\/krk\/wp-content\/uploads\/s5-1-300x225.jpg\" alt=\"\" width=\"300\" height=\"225\" srcset=\"http:\/\/osnovnaskolakrk.hr\/krk\/wp-content\/uploads\/s5-1-300x225.jpg 300w, http:\/\/osnovnaskolakrk.hr\/krk\/wp-content\/uploads\/s5-1-768x576.jpg 768w, http:\/\/osnovnaskolakrk.hr\/krk\/wp-content\/uploads\/s5-1-624x468.jpg 624w, http:\/\/osnovnaskolakrk.hr\/krk\/wp-content\/uploads\/s5-1.jpg 900w\" sizes=\"(max-width: 300px) 100vw, 300px\" \/><\/a> <a href=\"http:\/\/osnovnaskolakrk.hr\/krk\/wp-content\/uploads\/s6-1.jpg\" data-rel=\"lightbox-image-4\" data-rl_title=\"\" data-rl_caption=\"\" title=\"\"><img loading=\"lazy\" class=\"alignnone size-medium wp-image-6230\" src=\"http:\/\/osnovnaskolakrk.hr\/krk\/wp-content\/uploads\/s6-1-300x225.jpg\" alt=\"\" width=\"300\" height=\"225\" srcset=\"http:\/\/osnovnaskolakrk.hr\/krk\/wp-content\/uploads\/s6-1-300x225.jpg 300w, http:\/\/osnovnaskolakrk.hr\/krk\/wp-content\/uploads\/s6-1-768x576.jpg 768w, http:\/\/osnovnaskolakrk.hr\/krk\/wp-content\/uploads\/s6-1-624x468.jpg 624w, http:\/\/osnovnaskolakrk.hr\/krk\/wp-content\/uploads\/s6-1.jpg 900w\" sizes=\"(max-width: 300px) 100vw, 300px\" \/><\/a> <a href=\"http:\/\/osnovnaskolakrk.hr\/krk\/wp-content\/uploads\/s7-1.jpg\" data-rel=\"lightbox-image-5\" data-rl_title=\"\" data-rl_caption=\"\" title=\"\"><img loading=\"lazy\" class=\"alignnone size-medium wp-image-6231\" src=\"http:\/\/osnovnaskolakrk.hr\/krk\/wp-content\/uploads\/s7-1-300x225.jpg\" alt=\"\" width=\"300\" height=\"225\" srcset=\"http:\/\/osnovnaskolakrk.hr\/krk\/wp-content\/uploads\/s7-1-300x225.jpg 300w, http:\/\/osnovnaskolakrk.hr\/krk\/wp-content\/uploads\/s7-1-768x576.jpg 768w, http:\/\/osnovnaskolakrk.hr\/krk\/wp-content\/uploads\/s7-1-624x468.jpg 624w, http:\/\/osnovnaskolakrk.hr\/krk\/wp-content\/uploads\/s7-1.jpg 900w\" sizes=\"(max-width: 300px) 100vw, 300px\" \/><\/a> <a href=\"http:\/\/osnovnaskolakrk.hr\/krk\/wp-content\/uploads\/s8-1.jpg\" data-rel=\"lightbox-image-6\" data-rl_title=\"\" data-rl_caption=\"\" title=\"\"><img loading=\"lazy\" class=\"alignnone size-medium wp-image-6232\" src=\"http:\/\/osnovnaskolakrk.hr\/krk\/wp-content\/uploads\/s8-1-300x225.jpg\" alt=\"\" width=\"300\" height=\"225\" srcset=\"http:\/\/osnovnaskolakrk.hr\/krk\/wp-content\/uploads\/s8-1-300x225.jpg 300w, http:\/\/osnovnaskolakrk.hr\/krk\/wp-content\/uploads\/s8-1-768x576.jpg 768w, http:\/\/osnovnaskolakrk.hr\/krk\/wp-content\/uploads\/s8-1-624x468.jpg 624w, http:\/\/osnovnaskolakrk.hr\/krk\/wp-content\/uploads\/s8-1.jpg 900w\" sizes=\"(max-width: 300px) 100vw, 300px\" \/><\/a> <a href=\"http:\/\/osnovnaskolakrk.hr\/krk\/wp-content\/uploads\/s9-1.jpg\" data-rel=\"lightbox-image-7\" data-rl_title=\"\" data-rl_caption=\"\" title=\"\"><img loading=\"lazy\" class=\"alignnone size-medium wp-image-6233\" src=\"http:\/\/osnovnaskolakrk.hr\/krk\/wp-content\/uploads\/s9-1-300x225.jpg\" alt=\"\" width=\"300\" height=\"225\" srcset=\"http:\/\/osnovnaskolakrk.hr\/krk\/wp-content\/uploads\/s9-1-300x225.jpg 300w, http:\/\/osnovnaskolakrk.hr\/krk\/wp-content\/uploads\/s9-1-768x576.jpg 768w, http:\/\/osnovnaskolakrk.hr\/krk\/wp-content\/uploads\/s9-1-624x468.jpg 624w, http:\/\/osnovnaskolakrk.hr\/krk\/wp-content\/uploads\/s9-1.jpg 900w\" sizes=\"(max-width: 300px) 100vw, 300px\" \/><\/a> <a href=\"http:\/\/osnovnaskolakrk.hr\/krk\/wp-content\/uploads\/s10-1.jpg\" data-rel=\"lightbox-image-8\" data-rl_title=\"\" data-rl_caption=\"\" title=\"\"><img loading=\"lazy\" class=\"alignnone size-medium wp-image-6234\" src=\"http:\/\/osnovnaskolakrk.hr\/krk\/wp-content\/uploads\/s10-1-169x300.jpg\" alt=\"\" width=\"169\" height=\"300\" srcset=\"http:\/\/osnovnaskolakrk.hr\/krk\/wp-content\/uploads\/s10-1-169x300.jpg 169w, http:\/\/osnovnaskolakrk.hr\/krk\/wp-content\/uploads\/s10-1.jpg 507w\" sizes=\"(max-width: 169px) 100vw, 169px\" \/><\/a><\/p>\n","protected":false},"excerpt":{"rendered":"<p>Istra\u017eiva\u010di na\u0161e \u0161kole i ove su godine sudjelovali u nacionalnoj kampanji sadnje drve\u0107a pod nazivom \u201cZasadi stablo, ne budi panj\u201d. Kao i pro\u0161le godine, sadili su u Pinezi\u0107ima u okolici kampa &#8220;Punta Jerta&#8221; te na Valbiski. Od organizatora kampanje u na\u0161oj \u017eupaniji dobili su dvije sadnice masline te dvije sadnice smokve. Sadnja je provedena u [&hellip;]<\/p>\n","protected":false},"author":18,"featured_media":6224,"comment_status":"closed","ping_status":"closed","sticky":false,"template":"","format":"standard","meta":[],"categories":[1],"tags":[],"_links":{"self":[{"href":"http:\/\/osnovnaskolakrk.hr\/krk\/wp-json\/wp\/v2\/posts\/6223"}],"collection":[{"href":"http:\/\/osnovnaskolakrk.hr\/krk\/wp-json\/wp\/v2\/posts"}],"about":[{"href":"http:\/\/osnovnaskolakrk.hr\/krk\/wp-json\/wp\/v2\/types\/post"}],"author":[{"embeddable":true,"href":"http:\/\/osnovnaskolakrk.hr\/krk\/wp-json\/wp\/v2\/users\/18"}],"replies":[{"embeddable":true,"href":"http:\/\/osnovnaskolakrk.hr\/krk\/wp-json\/wp\/v2\/comments?post=6223"}],"version-history":[{"count":1,"href":"http:\/\/osnovnaskolakrk.hr\/krk\/wp-json\/wp\/v2\/posts\/6223\/revisions"}],"predecessor-version":[{"id":6235,"href":"http:\/\/osnovnaskolakrk.hr\/krk\/wp-json\/wp\/v2\/posts\/6223\/revisions\/6235"}],"wp:featuredmedia":[{"embeddable":true,"href":"http:\/\/osnovnaskolakrk.hr\/krk\/wp-json\/wp\/v2\/media\/6224"}],"wp:attachment":[{"href":"http:\/\/osnovnaskolakrk.hr\/krk\/wp-json\/wp\/v2\/media?parent=6223"}],"wp:term":[{"taxonomy":"category","embeddable":true,"href":"http:\/\/osnovnaskolakrk.hr\/krk\/wp-json\/wp\/v2\/categories?post=6223"},{"taxonomy":"post_tag","embeddable":true,"href":"http:\/\/osnovnaskolakrk.hr\/krk\/wp-json\/wp\/v2\/tags?post=6223"}],"curies":[{"name":"wp","href":"https:\/\/api.w.org\/{rel}","templated":true}]}}