{"id":6245,"date":"2023-03-20T10:58:24","date_gmt":"2023-03-20T10:58:24","guid":{"rendered":"http:\/\/osnovnaskolakrk.hr\/krk\/?p=6245"},"modified":"2023-03-20T11:00:00","modified_gmt":"2023-03-20T11:00:00","slug":"rafael-pahlic-pozvan-na-drzavno-natjecanje-iz-informatike","status":"publish","type":"post","link":"http:\/\/osnovnaskolakrk.hr\/krk\/rafael-pahlic-pozvan-na-drzavno-natjecanje-iz-informatike\/","title":{"rendered":"Rafael Pahli\u0107 pozvan na dr\u017eavno natjecanje iz informatike"},"content":{"rendered":"<p>U petak 17. velja\u010de 2023. godine u O\u0160 &#8220;dr.Andrija Mohorovi\u010di\u0107&#8221;u Matuljima odr\u017eano je \u017eupanijsko natjecanje iz informatike.<br \/>\nNa\u0161u \u0161kolu predstavljali su u\u010denici <strong>Rafael Pahli\u0107 (5.b), Toni \u010ceperi\u0107 (5.a) i Viktor Agejev (4.a).<\/strong><\/p>\n<p><strong>Toni \u010ceperi\u0107 i Viktor Agejev<\/strong> su nakon prezentacije softverskog rada na \u0161kolskom natjecanju, pozvani na \u017eupanijsko natjecanje gdje su prezentirali svoj projekt &#8211; U\u010dimo engleski jezik. Natjecali su se u kategoriji <strong>Softverski radovi<\/strong>, a za izradu svog rada koristili su programski jezik Scratch. Sa \u017eeljom da na zabavan na\u010din olak\u0161aju u\u010denje engleskog jezika u 1. razredu osnovne \u0161kole, osmislili su kratki te\u010daj engleskog jezika i kviz provjere usvojenog znanja.<\/p>\n<p>U\u010denik 5.b razreda, <strong>Rafael Pahli\u0107<\/strong> natjecao se u kategoriji <strong>Primjena algoritama<\/strong>. U\u010denici u ovoj<br \/>\nkategoriji rje\u0161avaju tri zadatka razli\u010dite te\u017eine, a na raspolaganju imaju programski jezik Python (ili C\/C++) uz pomo\u0107 kojeg moraju programirati svoja rje\u0161enja zadanih problema.<br \/>\nRa\u010dunalni algoritam je niz naredbi koji efikasno rje\u0161ava neki problem. U ovoj kategoriji cilj je upravo osmisliti algoritam koji rje\u0161ava zadani problem. Me\u0111utim, zadani problemi su jako \u010desto slo\u017eeni, pa je potrebno kombinacijom postoje\u0107ih i osmi\u0161ljavanjem novih algoritama do\u0107i do efikasnog rje\u0161enja.<br \/>\nNakon izvrsnog rezultata na \u0161kolskom natjecanju, Rafael je pozvan na \u017eupanijsko natjecanje. Na<br \/>\n\u017eupanijskoj razini natjecanja ponovio je odli\u010dan rezultat i zauzeo prvo mjesto u svojoj kategoriji u Primorsko-goranskoj \u017eupaniji. Na\u0161 Rafael pozvan je i na <strong>dr\u017eavno natjecanje<\/strong> koje \u0107e se odr\u017eati <strong>od 18. do 21. travnja u Vodicama.<\/strong><\/p>\n<p>\u010cestitke Rafaelu na ostvarenom rezultatu i puno sre\u0107e na dr\u017eavnoj razini natjecanja!<\/p>\n<p>Ivona Klari\u0107, u\u010diteljica informatike<\/p>\n<p><a href=\"http:\/\/osnovnaskolakrk.hr\/krk\/wp-content\/uploads\/i2-1.jpg\" data-rel=\"lightbox-image-0\" data-rl_title=\"\" data-rl_caption=\"\" title=\"\"><img loading=\"lazy\" class=\"alignnone size-medium wp-image-6247\" src=\"http:\/\/osnovnaskolakrk.hr\/krk\/wp-content\/uploads\/i2-1-300x232.jpg\" alt=\"\" width=\"300\" height=\"232\" srcset=\"http:\/\/osnovnaskolakrk.hr\/krk\/wp-content\/uploads\/i2-1-300x232.jpg 300w, http:\/\/osnovnaskolakrk.hr\/krk\/wp-content\/uploads\/i2-1.jpg 582w\" sizes=\"(max-width: 300px) 100vw, 300px\" \/><\/a><a href=\"http:\/\/osnovnaskolakrk.hr\/krk\/wp-content\/uploads\/i3-1.jpg\" data-rel=\"lightbox-image-1\" data-rl_title=\"\" data-rl_caption=\"\" title=\"\"><img loading=\"lazy\" class=\"alignnone size-medium wp-image-6249\" src=\"http:\/\/osnovnaskolakrk.hr\/krk\/wp-content\/uploads\/i3-1-300x225.jpg\" alt=\"\" width=\"300\" height=\"225\" srcset=\"http:\/\/osnovnaskolakrk.hr\/krk\/wp-content\/uploads\/i3-1-300x225.jpg 300w, http:\/\/osnovnaskolakrk.hr\/krk\/wp-content\/uploads\/i3-1.jpg 591w\" sizes=\"(max-width: 300px) 100vw, 300px\" \/><\/a><\/p>\n","protected":false},"excerpt":{"rendered":"<p>U petak 17. velja\u010de 2023. godine u O\u0160 &#8220;dr.Andrija Mohorovi\u010di\u0107&#8221;u Matuljima odr\u017eano je \u017eupanijsko natjecanje iz informatike. Na\u0161u \u0161kolu predstavljali su u\u010denici Rafael Pahli\u0107 (5.b), Toni \u010ceperi\u0107 (5.a) i Viktor Agejev (4.a). Toni \u010ceperi\u0107 i Viktor Agejev su nakon prezentacije softverskog rada na \u0161kolskom natjecanju, pozvani na \u017eupanijsko natjecanje gdje su prezentirali svoj projekt &#8211; [&hellip;]<\/p>\n","protected":false},"author":18,"featured_media":6246,"comment_status":"closed","ping_status":"closed","sticky":false,"template":"","format":"standard","meta":[],"categories":[1],"tags":[],"_links":{"self":[{"href":"http:\/\/osnovnaskolakrk.hr\/krk\/wp-json\/wp\/v2\/posts\/6245"}],"collection":[{"href":"http:\/\/osnovnaskolakrk.hr\/krk\/wp-json\/wp\/v2\/posts"}],"about":[{"href":"http:\/\/osnovnaskolakrk.hr\/krk\/wp-json\/wp\/v2\/types\/post"}],"author":[{"embeddable":true,"href":"http:\/\/osnovnaskolakrk.hr\/krk\/wp-json\/wp\/v2\/users\/18"}],"replies":[{"embeddable":true,"href":"http:\/\/osnovnaskolakrk.hr\/krk\/wp-json\/wp\/v2\/comments?post=6245"}],"version-history":[{"count":2,"href":"http:\/\/osnovnaskolakrk.hr\/krk\/wp-json\/wp\/v2\/posts\/6245\/revisions"}],"predecessor-version":[{"id":6250,"href":"http:\/\/osnovnaskolakrk.hr\/krk\/wp-json\/wp\/v2\/posts\/6245\/revisions\/6250"}],"wp:featuredmedia":[{"embeddable":true,"href":"http:\/\/osnovnaskolakrk.hr\/krk\/wp-json\/wp\/v2\/media\/6246"}],"wp:attachment":[{"href":"http:\/\/osnovnaskolakrk.hr\/krk\/wp-json\/wp\/v2\/media?parent=6245"}],"wp:term":[{"taxonomy":"category","embeddable":true,"href":"http:\/\/osnovnaskolakrk.hr\/krk\/wp-json\/wp\/v2\/categories?post=6245"},{"taxonomy":"post_tag","embeddable":true,"href":"http:\/\/osnovnaskolakrk.hr\/krk\/wp-json\/wp\/v2\/tags?post=6245"}],"curies":[{"name":"wp","href":"https:\/\/api.w.org\/{rel}","templated":true}]}}