{"id":6257,"date":"2023-03-22T07:05:06","date_gmt":"2023-03-22T07:05:06","guid":{"rendered":"http:\/\/osnovnaskolakrk.hr\/krk\/?p=6257"},"modified":"2023-03-22T07:05:06","modified_gmt":"2023-03-22T07:05:06","slug":"svjetski-dan-osoba-s-down-sindromom","status":"publish","type":"post","link":"http:\/\/osnovnaskolakrk.hr\/krk\/svjetski-dan-osoba-s-down-sindromom\/","title":{"rendered":"Svjetski dan osoba s Down sindromom"},"content":{"rendered":"<p>21. o\u017eujka svake se godine obilje\u017eava Svjetski dan osoba s Down sindromom. Ovaj je<br \/>\ndatum odabran kako bi ozna\u010dio jedinstvenost ovog sindroma u potrostru\u010denju (trisomiji) 21.<br \/>\nkromosoma.<br \/>\nDown sindrom naj\u010de\u0161\u0107i je genetski poreme\u0107aj koji nastaje uslijed vi\u0161ka jednog<br \/>\nkromosoma ili dijela kromosoma u jezgri svake stanice tijela. Prve simptome ovog sindroma<br \/>\nopisao je John Langdon Down u 19. st., dok je Jerome Lejeune gotovo sto godina kasnije<br \/>\notkrio da se radi o genetskom poreme\u0107aju kod kojeg dolazi do trisomije na 21. kromosomu.<br \/>\nTo zna\u010di da na 21. paru kromosoma postoji vi\u0161ak jednog kromosoma ili jednog dijela<br \/>\nkromosoma.<!--more--><br \/>\nMnogi podaci pokazuju da se u prosjeku jedno od 650 djece ra\u0111a s Down sindromom.<br \/>\nOvaj poreme\u0107aj sprje\u010dava normalan fizi\u010dki i mentalni razvoj djeteta. Postoji preko 50<br \/>\nkarakteristi\u010dnih obilje\u017eja Down sindroma, a njihov se intenzitet razlikuje od osobe do osobe.<br \/>\nNaj\u010de\u0161\u0107a karakteristi\u010dna obilje\u017eja djeteta s Down sindromom su mi\u0161i\u0107na hipotonija, okruglo<br \/>\nlice, \u0161iroki vrat, kosi polo\u017eaj o\u010dnih otvora, abnormalni oblik u\u0161ki, kratke \u0161ake, malena usta te<br \/>\nneproporcionalno veliki jezik, kratke i \u0161iroke ruke i noge te kra\u0107i prsni ko\u0161.<br \/>\nObilje\u017eavanjem ovog dana \u017eeli se upoznati i ukazati na ovaj poreme\u0107aj te potaknuti<br \/>\nna ve\u0107e po\u0161tivanje prava ljudi s Downovim sindromom, potaknuti razumijevanje i nastojanje<br \/>\nza pobolj\u0161anjem njihovog polo\u017eaja u dru\u0161tvu.<\/p>\n<p><a href=\"http:\/\/osnovnaskolakrk.hr\/krk\/wp-content\/uploads\/Down2.jpg\" data-rel=\"lightbox-image-0\" data-rl_title=\"\" data-rl_caption=\"\" title=\"\"><img loading=\"lazy\" class=\"alignnone size-medium wp-image-6259\" src=\"http:\/\/osnovnaskolakrk.hr\/krk\/wp-content\/uploads\/Down2-225x300.jpg\" alt=\"\" width=\"225\" height=\"300\" srcset=\"http:\/\/osnovnaskolakrk.hr\/krk\/wp-content\/uploads\/Down2-225x300.jpg 225w, http:\/\/osnovnaskolakrk.hr\/krk\/wp-content\/uploads\/Down2.jpg 443w\" sizes=\"(max-width: 225px) 100vw, 225px\" \/><\/a><\/p>\n","protected":false},"excerpt":{"rendered":"<p>21. o\u017eujka svake se godine obilje\u017eava Svjetski dan osoba s Down sindromom. Ovaj je datum odabran kako bi ozna\u010dio jedinstvenost ovog sindroma u potrostru\u010denju (trisomiji) 21. kromosoma. Down sindrom naj\u010de\u0161\u0107i je genetski poreme\u0107aj koji nastaje uslijed vi\u0161ka jednog kromosoma ili dijela kromosoma u jezgri svake stanice tijela. Prve simptome ovog sindroma opisao je John Langdon [&hellip;]<\/p>\n","protected":false},"author":18,"featured_media":6258,"comment_status":"closed","ping_status":"closed","sticky":false,"template":"","format":"standard","meta":[],"categories":[1],"tags":[],"_links":{"self":[{"href":"http:\/\/osnovnaskolakrk.hr\/krk\/wp-json\/wp\/v2\/posts\/6257"}],"collection":[{"href":"http:\/\/osnovnaskolakrk.hr\/krk\/wp-json\/wp\/v2\/posts"}],"about":[{"href":"http:\/\/osnovnaskolakrk.hr\/krk\/wp-json\/wp\/v2\/types\/post"}],"author":[{"embeddable":true,"href":"http:\/\/osnovnaskolakrk.hr\/krk\/wp-json\/wp\/v2\/users\/18"}],"replies":[{"embeddable":true,"href":"http:\/\/osnovnaskolakrk.hr\/krk\/wp-json\/wp\/v2\/comments?post=6257"}],"version-history":[{"count":1,"href":"http:\/\/osnovnaskolakrk.hr\/krk\/wp-json\/wp\/v2\/posts\/6257\/revisions"}],"predecessor-version":[{"id":6260,"href":"http:\/\/osnovnaskolakrk.hr\/krk\/wp-json\/wp\/v2\/posts\/6257\/revisions\/6260"}],"wp:featuredmedia":[{"embeddable":true,"href":"http:\/\/osnovnaskolakrk.hr\/krk\/wp-json\/wp\/v2\/media\/6258"}],"wp:attachment":[{"href":"http:\/\/osnovnaskolakrk.hr\/krk\/wp-json\/wp\/v2\/media?parent=6257"}],"wp:term":[{"taxonomy":"category","embeddable":true,"href":"http:\/\/osnovnaskolakrk.hr\/krk\/wp-json\/wp\/v2\/categories?post=6257"},{"taxonomy":"post_tag","embeddable":true,"href":"http:\/\/osnovnaskolakrk.hr\/krk\/wp-json\/wp\/v2\/tags?post=6257"}],"curies":[{"name":"wp","href":"https:\/\/api.w.org\/{rel}","templated":true}]}}