{"id":6262,"date":"2023-03-30T06:09:00","date_gmt":"2023-03-30T06:09:00","guid":{"rendered":"http:\/\/osnovnaskolakrk.hr\/krk\/?p=6262"},"modified":"2023-03-30T08:48:40","modified_gmt":"2023-03-30T08:48:40","slug":"izlozbom-istrazujte-s-nama-mladi-krcki-istrazivaci-predstavili-cime-se-bave-i-publiku-potaknuli-na-istrazivanje","status":"publish","type":"post","link":"http:\/\/osnovnaskolakrk.hr\/krk\/izlozbom-istrazujte-s-nama-mladi-krcki-istrazivaci-predstavili-cime-se-bave-i-publiku-potaknuli-na-istrazivanje\/","title":{"rendered":"Izlo\u017ebom Istra\u017eujte s nama, mladi kr\u010dki istra\u017eiva\u010di predstavili \u010dime se bave i publiku potaknuli na istra\u017eivanje"},"content":{"rendered":"<p>U Galeriji Decumanus, u organizaciji\u00a0<strong>Centra za kulturu Grada Krka<\/strong>,\u00a0<strong>24. o\u017eujka 2023. godine<\/strong>, predstavljen je zanimljiv postav kojeg su, pod motom\u00a0<strong>Istra\u017eujte s nama<\/strong>, donijeli znati\u017eeljni polaznici\u00a0<strong>Istra\u017eiva\u010dke grupe Osnovne \u0161kole Fran Krsto Frankopan &#8211; Mati\u010dne \u0161kole Krk<\/strong>.<\/p>\n<p><strong>Istra\u017eiva\u010dka grupa<\/strong>\u00a0djeluje kao izvannastavna aktivnost od 2010. godine, a njezina je osniva\u010dica i voditeljica\u00a0<strong>Karmela Vajdoher \u017dili\u0107<\/strong>. Svake joj se godine pridru\u017euje sve vi\u0161e \u010dlanova, a ove ih broji \u010dak 88. Skupina je to koja okuplja mladu, znati\u017eeljnu djecu koja vole postavljati pitanja i promi\u0161ljati o svijetu oko sebe. Promi\u0161ljati vole nadugo i na\u0161iroko, skretati s teme na temu te gledati na stvari iz druga\u010dijih perspektiva.\u00a0<strong>U sklopu Istra\u017eiva\u010dke grupe u\u010de o znanstvenim metodama rada, ali i velikim istra\u017eiva\u010dima svijeta, odnosno njihovim istra\u017eiva\u010dkim putovanjima i postignu\u0107ima.<\/strong>\u00a0Zanimaju ih teme iz razli\u010ditih podru\u010dja ljudskog znanja: geologije, paleontologije, evolucije, genetike, astronomije, ekologije, neurologije i biologije, a ste\u010dena znanja i interese svake godine obnavljaju i pro\u0161iruju. Tako\u0111er, organiziraju i provode istra\u017eiva\u010dka putovanja, sudjeluju u raznoraznim projektima, provode ekolo\u0161ke akcije, dr\u017ee predavanja pred kolegama, prire\u0111uju izlo\u017ebe te ure\u0111uju i vode radio-emisiju Istra\u017eujte s nama. Dosad su sura\u0111ivali s razli\u010ditim ustanovama poput Prirodoslovnog muzeja u Rijeci, Instituta za razvoj i inovativnost mladih te Radija Otok Krk.<\/p>\n<p><img src=\"https:\/\/www.grad-krk.hr\/sites\/default\/files\/files\/38-istrazite-s-nama.jpg\" \/><!--more--><\/p>\n<p><strong>Izlo\u017ebu koja uvodi u sve aktivnosti Istra\u017eiva\u010dke grupe, i to putem fotografija, video-zapisa i konkretnih izlo\u017eaka, primjerice fosilnih \u017eivotinja iz razli\u010ditih geolo\u0161kih razdoblja i \u0161arenih geoda te knjiga i raznih istra\u017eiva\u010dkih alata, zajedni\u010dki su mnogobrojnoj publici predstavili upravo najmla\u0111i kr\u010dki istra\u017eiva\u010di.<\/strong><\/p>\n<p>\u2013 Dragi uzvanici, dobro nam do\u0161li na istra\u017eiva\u010dku izlo\u017ebu, a koju je omogu\u0107io Centar za kulturu Grada Krka, ustupiv\u0161i galerijski prostor. Tko smo uop\u0107e mi, istra\u017eiva\u010di? Mi smo skupina znati\u017eeljne djece osnovno\u0161kolske dobi koju je okupila u\u010diteljica Karmela, a ove nas godine ima \u010dak 88, i to od drugog do \u0161estog razreda. Zanima nas sve: astronomija, svemir, paleontologija, geologija, zemljina povijest i njezina razdoblja, genetika, budu\u0107nost koja nas o\u010dekuje, umjetna inteligencija i jo\u0161 mnoge druge znanstvene teme. Na na\u0161im dru\u017eenjima puno razgovaramo, promi\u0161ljamo, promatramo, istra\u017eujemo i propitujemo, a dosad smo zabilje\u017eili suradnju s ustanovama kao \u0161to su Prirodoslovni muzej u Rijeci ili Instituta za razvoj i inovativnost mladih, a zajedno s na\u0161im Radijom Otok Krk ve\u0107 drugu godinu za redom snimamo radio emisiju. Tako\u0111er, odlazimo na izlete i studijska putovanja te sudjelujemo u ekolo\u0161kim akcijama i istra\u017eivanjima. Mo\u017eda ste se zapitali, za\u0161to nam je bila potrebna ova izlo\u017eba? Prije svega zato da \u0161iru javnost upoznamo s temama kojima se bavimo i koje istra\u017eujemo, a sve s namjerom da uka\u017eemo na to kako je svijet oko nas zanimljiv te potaknemo na promi\u0161ljanje, kao \u0161to nas konstantno poti\u010de u\u010diteljica Karmela, kazali su tijekom otvorenja izlo\u017ebe mladi istra\u017eiva\u010di.<\/p>\n<p><strong>Pri\u010du o osnutku Istra\u017eiva\u010dke grupe s okupljenima je podijelila njezina voditeljica Karmela Vajdoher \u017dili\u0107.<\/strong><\/p>\n<p>\u2013 Kako je zapo\u010dela ova lijepa pri\u010da? Pretpostavljam da mislite kako smo krenuli 2010. godine samim osnivanjem Istra\u017eiva\u010dke grupe, no to je samo djelomi\u010dno to\u010dno, jer pri\u010da je zapo\u010dela puno prije, i to mojim interesom za razli\u010dita podru\u010dja znanosti, \u0161to me toliko obuzelo da sam htjela to sa svima podijeliti. Nakon \u0161to sam krenula s radom u razredu, osnovala sam Istra\u017eiva\u010dku grupu kao svojevrsni eksperiment kako bih vidjela ho\u0107e li i mali\u0161ane po\u010deti zanimati teme s kojima se ja u slobodno vrijeme bavim. Ispalo je, naposljetku, da je eksperiment uspio, jer mi je po\u0161lo zarukom zainteresirati veliki broj djece koja su se pokazala toliko znati\u017eeljna da i mene neprestano motiviraju na spoznavanje i istra\u017eivanje novih stvari, priznala je voditeljica mladih istra\u017eiva\u010da.<\/p>\n<p>&nbsp;<\/p>\n<p><img src=\"https:\/\/www.grad-krk.hr\/sites\/default\/files\/files\/39-istrazite-s-nama.jpg\" \/><\/p>\n<p><strong>\u010clanovi Istra\u017eiva\u010dke grupe u \u0161kolskoj godini 2022.\/2023. su:<\/strong>\u00a0(stariji) Matija \u017dani\u0107, Nikola Karabai\u0107, Jakov i Roko \u017du\u017ei\u0107, Pia Matkovi\u0107, Ilaria Moro\u017ein, Katja i Vita Puri\u0107, Andrija Juri\u0107, Tea Dmini\u0107, Mirta Eri\u0107, Julija Katunar, Jana \u010cutul, Iris Sedlar, Lucija Wagner, Teo Jure\u0161i\u0107, Mateo Ore\u0161kovi\u0107, Leo Fugo\u0161i\u0107, Ivano Kre\u0161i\u0107, Matija Mrakov\u010di\u0107, Ivan Prebeg, Marta Rampin, Lina Kosi\u0107, Visar Kabashi, Duje Kosi\u0107, Jerko Jakovljevi\u0107 i Gabriel Sajfert te (mla\u0111i) Lucija Bagara, Mia Bari\u0161i\u0107 Ivanovi\u0107, Roko Dijani\u0107, Toni Dvorni\u010di\u0107, Lovro Grgantov, Ana Grublje\u0161i\u0107, Viggo Hulak, Evelin Justini\u0107, Sury Mia Kalajd\u017ei\u0107, Juraj Katunar, Toma Lukanovi\u0107, Doria Mara\u017e, Paolo Moro\u017ein, Lena Papa, Nikola Pejnovi\u0107, Darija i Luka Puri\u0107, David Rimbaldo, Rita Stolfa, Lucija \u0160o\u0161tari\u0107, Marin Tomac, Tia Volari\u0107, Dorotea i Leona \u017du\u017ei\u0107, Adrian Badurina, Patrik Baj\u010di\u0107, Matko i Romano Barbali\u0107, Josip Barud\u017eija, Toni Boroz, Andrija Braut, Lana Crn\u010di\u0107, Jakov \u010ceika, Lukas \u010cejvanovi\u0107, Gea \u010cutul Mahulja, Erik Farka\u0161, Leni Franoli\u0107, David Rafael Franji\u0107 Toljani\u0107, Mateo Jerkovi\u0107, Diar Kabashi, Mauro i Zoi Karabai\u0107, Lovro Kinkela, Timon Kralj, David Kresojevi\u0107, David Ku\u0161lji\u0107, Korina Luki\u0107, Ante Magli\u0107, Paola Marijani\u0107, Gabriel i Matej Mrakov\u010di\u0107, Borna Pero\u017ei\u0107, Luka Povrli\u0161ak, Leon Pupovac, Emanuel Radivoj, Ivano Radov\u010di\u0107, Bartol Srako\u010di\u0107, Dorian Veri\u0107, Roko Zec i Oliver \u017du\u017ei\u0107.<\/p>\n<p><strong>Izlo\u017eba Istra\u017eujte s nama, svim zainteresiranim posjetiteljima bit \u0107e na raspolaganju sve do 14. travnja, s time da \u0107e se postav mo\u0107i razgledati od ponedjeljka do subote, od 10.00 do 13.00 te od 18.00 do 20.00 sati, ili uz prethodnu najavu Centru za kulturu Grada Krka, telefonom na 051 220 041, odnosno mailom na\u00a0<a href=\"mailto:kultura@gradkrk.net\">kultura@gradkrk.net<\/a>. Tako\u0111er, zainteresiranim pred\u0161kolskim i \u0161kolskim ustanovama bit \u0107e omogu\u0107en posjet izlo\u017ebi uz stru\u010dno vodstvo mladih istra\u017eiva\u010da, isklju\u010divo po prethodnom dogovoru telefonom na 091 797 52 21 (Karmela Vajdoher \u017dili\u0107).<\/strong><\/p>\n<p><iframe title=\"Sve\u010dano otvorenje izlo\u017ebe ISTRA\u017dUJTE S NAMA\" width=\"625\" height=\"352\" src=\"https:\/\/www.youtube.com\/embed\/keCh8Od6Mmo?feature=oembed\" frameborder=\"0\" allow=\"accelerometer; autoplay; clipboard-write; encrypted-media; gyroscope; picture-in-picture; web-share\" allowfullscreen><\/iframe><\/p>\n<p>(Cjelokupni sadr\u017eaj objave &#8211; tekst i slike &#8211; preuzeti su s portala Grada Krka https:\/\/www.grad-krk.hr\/izlozbom-istrazujte-s-nama-mladi-krcki-istrazivaci-predstavili-cime-se-bave-i-publiku-potaknuli-na-istrazivanje. Autor Igor Gr\u017eeti\u0107. )<\/p>\n","protected":false},"excerpt":{"rendered":"<p>U Galeriji Decumanus, u organizaciji\u00a0Centra za kulturu Grada Krka,\u00a024. o\u017eujka 2023. godine, predstavljen je zanimljiv postav kojeg su, pod motom\u00a0Istra\u017eujte s nama, donijeli znati\u017eeljni polaznici\u00a0Istra\u017eiva\u010dke grupe Osnovne \u0161kole Fran Krsto Frankopan &#8211; Mati\u010dne \u0161kole Krk. Istra\u017eiva\u010dka grupa\u00a0djeluje kao izvannastavna aktivnost od 2010. godine, a njezina je osniva\u010dica i voditeljica\u00a0Karmela Vajdoher \u017dili\u0107. Svake joj se godine [&hellip;]<\/p>\n","protected":false},"author":18,"featured_media":6263,"comment_status":"closed","ping_status":"closed","sticky":false,"template":"","format":"standard","meta":[],"categories":[1],"tags":[],"_links":{"self":[{"href":"http:\/\/osnovnaskolakrk.hr\/krk\/wp-json\/wp\/v2\/posts\/6262"}],"collection":[{"href":"http:\/\/osnovnaskolakrk.hr\/krk\/wp-json\/wp\/v2\/posts"}],"about":[{"href":"http:\/\/osnovnaskolakrk.hr\/krk\/wp-json\/wp\/v2\/types\/post"}],"author":[{"embeddable":true,"href":"http:\/\/osnovnaskolakrk.hr\/krk\/wp-json\/wp\/v2\/users\/18"}],"replies":[{"embeddable":true,"href":"http:\/\/osnovnaskolakrk.hr\/krk\/wp-json\/wp\/v2\/comments?post=6262"}],"version-history":[{"count":5,"href":"http:\/\/osnovnaskolakrk.hr\/krk\/wp-json\/wp\/v2\/posts\/6262\/revisions"}],"predecessor-version":[{"id":6268,"href":"http:\/\/osnovnaskolakrk.hr\/krk\/wp-json\/wp\/v2\/posts\/6262\/revisions\/6268"}],"wp:featuredmedia":[{"embeddable":true,"href":"http:\/\/osnovnaskolakrk.hr\/krk\/wp-json\/wp\/v2\/media\/6263"}],"wp:attachment":[{"href":"http:\/\/osnovnaskolakrk.hr\/krk\/wp-json\/wp\/v2\/media?parent=6262"}],"wp:term":[{"taxonomy":"category","embeddable":true,"href":"http:\/\/osnovnaskolakrk.hr\/krk\/wp-json\/wp\/v2\/categories?post=6262"},{"taxonomy":"post_tag","embeddable":true,"href":"http:\/\/osnovnaskolakrk.hr\/krk\/wp-json\/wp\/v2\/tags?post=6262"}],"curies":[{"name":"wp","href":"https:\/\/api.w.org\/{rel}","templated":true}]}}