{"id":6313,"date":"2023-05-05T06:26:13","date_gmt":"2023-05-05T06:26:13","guid":{"rendered":"http:\/\/osnovnaskolakrk.hr\/krk\/?p=6313"},"modified":"2023-05-06T04:23:06","modified_gmt":"2023-05-06T04:23:06","slug":"dan-skole","status":"publish","type":"post","link":"http:\/\/osnovnaskolakrk.hr\/krk\/dan-skole\/","title":{"rendered":"DAN \u0160KOLE"},"content":{"rendered":"<p>U srijedu, 3. svibnja je u Mati\u010dnoj \u0161koli Krk prigodno obilje\u017een Dan \u0161kole. U sklopu priredbe, mnogi u\u010denici su se istaknuli svojim glazbeno-scenskim izrazom. Posebno smo ponosni na na\u0161e u\u010denike koji su postigli odli\u010dne rezultate na \u017eupanijskim i dr\u017eavnim razinama natjecanja iz pojedinih predmeta. Svim prisutnima obratili su se ravnatelj Ser\u0111o Sambli\u0107 i kr\u010dki gradona\u010delnik Darijo Vasili\u0107, koji su im za\u017eeljeli mnogo uspjeha u daljnjem \u0161kolovanju i radu.<\/p>\n<p>Gradona\u010delnik je uru\u010dio nagradu u\u010deniku Rafaelu Pahli\u0107u i mentorici Ivoni Klari\u0107 za osvojeno 5. mjesto na Dr\u017eavnom natjecanju iz informatike.<\/p>\n<p>Ravnatelj je upoznao sve prisutne s odlukom U\u010diteljskog vije\u0107a kojom \u0107e se krajem svibnja organizirati\u00a0nagradno studijsko putovanje za u\u010denike i u\u010ditelje \u2013 sudionike \u017eupanijskih\u00a0i dr\u017eavnih natjecanja u organizaciji Agencije za odgoj i obrazovanje RH.<\/p>\n<p>Rije\u010d je o u\u010denicima koji tra\u017ee i daju vi\u0161e; o u\u010denicima koji su po\u010desto u okru\u017eenju kojem obrazovanje nije va\u017ena svrha, no bez obzira na to ustraju u svojoj ambiciji; o u\u010denicima koji su nadahnu\u0107e u\u010ditelju.<\/p>\n<p>Nadamo se \u0107e im posjet sredi\u0161tima znanja biti motiv vi\u0161e.<\/p>\n<p>Nakon priredbe, u\u010denici su sudjelovali na me\u0111urazrednom turniru u grani\u010daru i odbojci.<\/p>\n<p>Cijelu priredbu mo\u017eete pogledati na <a href=\"https:\/\/www.youtube.com\/watch?v=kTAEJy80teE\" data-rel=\"lightbox-video-0\">filmi\u0107u<\/a> koji je snimila u\u010diteljica Karmela.<!--more--><\/p>\n<p><a href=\"http:\/\/osnovnaskolakrk.hr\/krk\/wp-content\/uploads\/D1-2-scaled.jpg\" data-rel=\"lightbox-image-0\" data-rl_title=\"\" data-rl_caption=\"\" title=\"\"><img loading=\"lazy\" class=\"alignnone size-medium wp-image-6315\" src=\"http:\/\/osnovnaskolakrk.hr\/krk\/wp-content\/uploads\/D1-2-300x225.jpg\" alt=\"\" width=\"300\" height=\"225\" srcset=\"http:\/\/osnovnaskolakrk.hr\/krk\/wp-content\/uploads\/D1-2-300x225.jpg 300w, http:\/\/osnovnaskolakrk.hr\/krk\/wp-content\/uploads\/D1-2-1024x769.jpg 1024w, http:\/\/osnovnaskolakrk.hr\/krk\/wp-content\/uploads\/D1-2-768x577.jpg 768w, http:\/\/osnovnaskolakrk.hr\/krk\/wp-content\/uploads\/D1-2-1536x1154.jpg 1536w, http:\/\/osnovnaskolakrk.hr\/krk\/wp-content\/uploads\/D1-2-2048x1538.jpg 2048w, http:\/\/osnovnaskolakrk.hr\/krk\/wp-content\/uploads\/D1-2-624x469.jpg 624w\" sizes=\"(max-width: 300px) 100vw, 300px\" \/><\/a> <a href=\"http:\/\/osnovnaskolakrk.hr\/krk\/wp-content\/uploads\/D2-2.jpg\" data-rel=\"lightbox-image-1\" data-rl_title=\"\" data-rl_caption=\"\" title=\"\"><img loading=\"lazy\" class=\"alignnone size-medium wp-image-6316\" src=\"http:\/\/osnovnaskolakrk.hr\/krk\/wp-content\/uploads\/D2-2-300x225.jpg\" alt=\"\" width=\"300\" height=\"225\" srcset=\"http:\/\/osnovnaskolakrk.hr\/krk\/wp-content\/uploads\/D2-2-300x225.jpg 300w, http:\/\/osnovnaskolakrk.hr\/krk\/wp-content\/uploads\/D2-2-624x468.jpg 624w, http:\/\/osnovnaskolakrk.hr\/krk\/wp-content\/uploads\/D2-2.jpg 640w\" sizes=\"(max-width: 300px) 100vw, 300px\" \/><\/a> <a href=\"http:\/\/osnovnaskolakrk.hr\/krk\/wp-content\/uploads\/D3-1.jpg\" data-rel=\"lightbox-image-2\" data-rl_title=\"\" data-rl_caption=\"\" title=\"\"><img loading=\"lazy\" class=\"alignnone size-medium wp-image-6317\" src=\"http:\/\/osnovnaskolakrk.hr\/krk\/wp-content\/uploads\/D3-1-300x225.jpg\" alt=\"\" width=\"300\" height=\"225\" srcset=\"http:\/\/osnovnaskolakrk.hr\/krk\/wp-content\/uploads\/D3-1-300x225.jpg 300w, http:\/\/osnovnaskolakrk.hr\/krk\/wp-content\/uploads\/D3-1-1024x768.jpg 1024w, http:\/\/osnovnaskolakrk.hr\/krk\/wp-content\/uploads\/D3-1-768x576.jpg 768w, http:\/\/osnovnaskolakrk.hr\/krk\/wp-content\/uploads\/D3-1-1536x1152.jpg 1536w, http:\/\/osnovnaskolakrk.hr\/krk\/wp-content\/uploads\/D3-1-624x468.jpg 624w, http:\/\/osnovnaskolakrk.hr\/krk\/wp-content\/uploads\/D3-1.jpg 1800w\" sizes=\"(max-width: 300px) 100vw, 300px\" \/><\/a> <a href=\"http:\/\/osnovnaskolakrk.hr\/krk\/wp-content\/uploads\/D4-1-scaled.jpg\" data-rel=\"lightbox-image-3\" data-rl_title=\"\" data-rl_caption=\"\" title=\"\"><img loading=\"lazy\" class=\"alignnone size-medium wp-image-6318\" src=\"http:\/\/osnovnaskolakrk.hr\/krk\/wp-content\/uploads\/D4-1-300x225.jpg\" alt=\"\" width=\"300\" height=\"225\" srcset=\"http:\/\/osnovnaskolakrk.hr\/krk\/wp-content\/uploads\/D4-1-300x225.jpg 300w, http:\/\/osnovnaskolakrk.hr\/krk\/wp-content\/uploads\/D4-1-1024x768.jpg 1024w, http:\/\/osnovnaskolakrk.hr\/krk\/wp-content\/uploads\/D4-1-768x576.jpg 768w, http:\/\/osnovnaskolakrk.hr\/krk\/wp-content\/uploads\/D4-1-1536x1152.jpg 1536w, http:\/\/osnovnaskolakrk.hr\/krk\/wp-content\/uploads\/D4-1-2048x1536.jpg 2048w, http:\/\/osnovnaskolakrk.hr\/krk\/wp-content\/uploads\/D4-1-624x468.jpg 624w\" sizes=\"(max-width: 300px) 100vw, 300px\" \/><\/a> <a href=\"http:\/\/osnovnaskolakrk.hr\/krk\/wp-content\/uploads\/D5-1-scaled.jpg\" data-rel=\"lightbox-image-4\" data-rl_title=\"\" data-rl_caption=\"\" title=\"\"><img loading=\"lazy\" class=\"alignnone size-medium wp-image-6319\" src=\"http:\/\/osnovnaskolakrk.hr\/krk\/wp-content\/uploads\/D5-1-225x300.jpg\" alt=\"\" width=\"225\" height=\"300\" srcset=\"http:\/\/osnovnaskolakrk.hr\/krk\/wp-content\/uploads\/D5-1-225x300.jpg 225w, http:\/\/osnovnaskolakrk.hr\/krk\/wp-content\/uploads\/D5-1-768x1024.jpg 768w, http:\/\/osnovnaskolakrk.hr\/krk\/wp-content\/uploads\/D5-1-1152x1536.jpg 1152w, http:\/\/osnovnaskolakrk.hr\/krk\/wp-content\/uploads\/D5-1-1536x2048.jpg 1536w, http:\/\/osnovnaskolakrk.hr\/krk\/wp-content\/uploads\/D5-1-624x832.jpg 624w, http:\/\/osnovnaskolakrk.hr\/krk\/wp-content\/uploads\/D5-1-scaled.jpg 1920w\" sizes=\"(max-width: 225px) 100vw, 225px\" \/><\/a> <a href=\"http:\/\/osnovnaskolakrk.hr\/krk\/wp-content\/uploads\/D6-1-scaled.jpg\" data-rel=\"lightbox-image-5\" data-rl_title=\"\" data-rl_caption=\"\" title=\"\"><img loading=\"lazy\" class=\"alignnone size-medium wp-image-6320\" src=\"http:\/\/osnovnaskolakrk.hr\/krk\/wp-content\/uploads\/D6-1-300x225.jpg\" alt=\"\" width=\"300\" height=\"225\" srcset=\"http:\/\/osnovnaskolakrk.hr\/krk\/wp-content\/uploads\/D6-1-300x225.jpg 300w, http:\/\/osnovnaskolakrk.hr\/krk\/wp-content\/uploads\/D6-1-1024x768.jpg 1024w, http:\/\/osnovnaskolakrk.hr\/krk\/wp-content\/uploads\/D6-1-768x576.jpg 768w, http:\/\/osnovnaskolakrk.hr\/krk\/wp-content\/uploads\/D6-1-1536x1152.jpg 1536w, http:\/\/osnovnaskolakrk.hr\/krk\/wp-content\/uploads\/D6-1-2048x1536.jpg 2048w, http:\/\/osnovnaskolakrk.hr\/krk\/wp-content\/uploads\/D6-1-624x468.jpg 624w\" sizes=\"(max-width: 300px) 100vw, 300px\" \/><\/a> <a href=\"http:\/\/osnovnaskolakrk.hr\/krk\/wp-content\/uploads\/D7-1-scaled.jpg\" data-rel=\"lightbox-image-6\" data-rl_title=\"\" data-rl_caption=\"\" title=\"\"><img loading=\"lazy\" class=\"alignnone size-medium wp-image-6321\" src=\"http:\/\/osnovnaskolakrk.hr\/krk\/wp-content\/uploads\/D7-1-225x300.jpg\" alt=\"\" width=\"225\" height=\"300\" srcset=\"http:\/\/osnovnaskolakrk.hr\/krk\/wp-content\/uploads\/D7-1-225x300.jpg 225w, http:\/\/osnovnaskolakrk.hr\/krk\/wp-content\/uploads\/D7-1-768x1024.jpg 768w, http:\/\/osnovnaskolakrk.hr\/krk\/wp-content\/uploads\/D7-1-1152x1536.jpg 1152w, http:\/\/osnovnaskolakrk.hr\/krk\/wp-content\/uploads\/D7-1-1536x2048.jpg 1536w, http:\/\/osnovnaskolakrk.hr\/krk\/wp-content\/uploads\/D7-1-624x832.jpg 624w, http:\/\/osnovnaskolakrk.hr\/krk\/wp-content\/uploads\/D7-1-scaled.jpg 1920w\" sizes=\"(max-width: 225px) 100vw, 225px\" \/><\/a><\/p>\n","protected":false},"excerpt":{"rendered":"<p>U srijedu, 3. svibnja je u Mati\u010dnoj \u0161koli Krk prigodno obilje\u017een Dan \u0161kole. U sklopu priredbe, mnogi u\u010denici su se istaknuli svojim glazbeno-scenskim izrazom. Posebno smo ponosni na na\u0161e u\u010denike koji su postigli odli\u010dne rezultate na \u017eupanijskim i dr\u017eavnim razinama natjecanja iz pojedinih predmeta. Svim prisutnima obratili su se ravnatelj Ser\u0111o Sambli\u0107 i kr\u010dki gradona\u010delnik [&hellip;]<\/p>\n","protected":false},"author":18,"featured_media":6314,"comment_status":"closed","ping_status":"closed","sticky":false,"template":"","format":"standard","meta":[],"categories":[1],"tags":[],"_links":{"self":[{"href":"http:\/\/osnovnaskolakrk.hr\/krk\/wp-json\/wp\/v2\/posts\/6313"}],"collection":[{"href":"http:\/\/osnovnaskolakrk.hr\/krk\/wp-json\/wp\/v2\/posts"}],"about":[{"href":"http:\/\/osnovnaskolakrk.hr\/krk\/wp-json\/wp\/v2\/types\/post"}],"author":[{"embeddable":true,"href":"http:\/\/osnovnaskolakrk.hr\/krk\/wp-json\/wp\/v2\/users\/18"}],"replies":[{"embeddable":true,"href":"http:\/\/osnovnaskolakrk.hr\/krk\/wp-json\/wp\/v2\/comments?post=6313"}],"version-history":[{"count":3,"href":"http:\/\/osnovnaskolakrk.hr\/krk\/wp-json\/wp\/v2\/posts\/6313\/revisions"}],"predecessor-version":[{"id":6324,"href":"http:\/\/osnovnaskolakrk.hr\/krk\/wp-json\/wp\/v2\/posts\/6313\/revisions\/6324"}],"wp:featuredmedia":[{"embeddable":true,"href":"http:\/\/osnovnaskolakrk.hr\/krk\/wp-json\/wp\/v2\/media\/6314"}],"wp:attachment":[{"href":"http:\/\/osnovnaskolakrk.hr\/krk\/wp-json\/wp\/v2\/media?parent=6313"}],"wp:term":[{"taxonomy":"category","embeddable":true,"href":"http:\/\/osnovnaskolakrk.hr\/krk\/wp-json\/wp\/v2\/categories?post=6313"},{"taxonomy":"post_tag","embeddable":true,"href":"http:\/\/osnovnaskolakrk.hr\/krk\/wp-json\/wp\/v2\/tags?post=6313"}],"curies":[{"name":"wp","href":"https:\/\/api.w.org\/{rel}","templated":true}]}}