{"id":6388,"date":"2023-06-16T06:50:41","date_gmt":"2023-06-16T06:50:41","guid":{"rendered":"http:\/\/osnovnaskolakrk.hr\/krk\/?p=6388"},"modified":"2023-06-16T06:51:47","modified_gmt":"2023-06-16T06:51:47","slug":"200-ta-obljetnica-osnovnog-skolstva-u-gradu-krku","status":"publish","type":"post","link":"http:\/\/osnovnaskolakrk.hr\/krk\/200-ta-obljetnica-osnovnog-skolstva-u-gradu-krku\/","title":{"rendered":"200-ta obljetnica osnovnog \u0161kolstva u gradu Krku"},"content":{"rendered":"<h1 class=\"post-title\">Sve\u010dano proslavljena 200-ta obljetnica osnovnog \u0161kolstva u gradu Krku<\/h1>\n<p>Velika i zna\u010dajna 200-ta obljetnica organiziranoga \u0161kolstva u Krku obilje\u017eena je izuzetno lijepom i sadr\u017eajnom proslavom u sportskoj dvorani kr\u010dke Osnovne \u0161kole &#8220;Fran Krsto Frankopan&#8221; 2. lipnja 2023.<\/p>\n<p>Sve\u010danost je zapo\u010dela dr\u017eavnom i \u017eupanijskom himnom u izvedbi \u0161kolskog zbora, komornog orkestra i benda, nakon \u010dega je nazo\u010dne uzvanike i goste pozdravio ravnatelj kr\u010dke osnovno\u0161kolske ustanove <strong>Ser\u0111o Sambli\u0107,<\/strong> istaknuv\u0161i da je duga i bogata povijest \u0161kolstva grada Krka \u010dvrst i stabilan temelj njegove ni\u0161ta manje bogate, sadr\u017eajne i uspjesima protkane dana\u0161njice.<!--more--><\/p>\n<p>Rije\u010d je potom preuzeo kr\u010dki gradona\u010delnik\u00a0<strong>Darijo Vasili\u0107<\/strong> koji je, prigodno predstavio dvostoljetnu povijest \u0161kolstva u gradu kojega vodi ve\u0107 tri desetlje\u0107a. Prvu generaciju polaznika kr\u010dke \u0161kole, navodi Vasili\u0107, upisanu u njen prvi razred 1822. godine, \u010dinilo je 63-je u\u010denika od kojih je 45-ero bilo iz samog grada Krka. Vrlo brzo nakon kr\u010dke, diljem otoka po\u010dinje osnivanje lokalnih \u0161kola pa je tako 1835. godine svoju pu\u010dku \u0161kolu dobio i Vrbnik, 1840.\u00a0 Ba\u0161ka, a 1842. godine se \u0161kola otvara i na podru\u010dju Duba\u0161nice. Danas mati\u010dna \u0161kola u Gradu Krku broji tek ne\u0161to manje od 450 polaznica i polaznika, raspore\u0111enih u 20 razrednih odjeljenja.<\/p>\n<p>\u2013 &#8220;Ogroman je to i vrijedan jubilej jer njime ne slavimo dvjestogodi\u0161njicu bilo kakve \u0161kole, ve\u0107 one \u201cprave\u201d \u2013 javne, dr\u017eavne \u0161kole. A ona je nastavak i nadgradnja vi\u0161estoljetnih obrazovnih nastojanja brojnih onih znanih nam i neznanih, mahom doma\u0107ih ljudi iz crkvenih redova koji su u samostanima na podru\u010dju na\u0161eg grada, onom benediktinskom za djevojke a franjeva\u010dkom za dje\u010dake, na obrazovanju mladih \u017eitelja ovog grada predano radili i u stolje\u0107ima prije formalnog osnutka kr\u010dke pu\u010dke \u201cCapo scuole\u201d. Otvaranjem \u017dupne pu\u010dke \u0161kole 1822. godine zapo\u010dinje razdoblje sustavnijeg pou\u010davanja i opismenjavanja djece. \u0160kola je proradila u skromnim uvjetima dviju soba u ku\u0107i Antuna Celebrinija, u sredi\u0161njoj ulici kr\u010dke povijesne jezgre, a bila je namijenjena mu\u0161koj djeci s podru\u010dja cijelog otoka. Biskupski ordinarijat u Krku pozvao je, okru\u017enicom od 29. sije\u010dnja 1822. godine, \u017eupnike da marljivo \u0161alju djecu u novootvorenu \u0161kolu (Capo Scuola). Uz glavnu trorazrednu \u0161kolu, 25. o\u017eujka 1822. godine otvorena je u gradu Krku i produ\u017eena \u0161kola \u2013 opetovnica iliti blagdanska \u0161kola za \u017eensku i mu\u0161ku djecu od 12. do 15. godine s podru\u010dja cijelog otoka, a \u0161kolovanje je bilo obvezno&#8221;, predstavio je gradona\u010delnik Vasili\u0107.<\/p>\n<p>&#8211; &#8220;Uz ove skromne po\u010detke, razvojem povijesnih doga\u0111aja i raznih novih politi\u010dkih i dru\u0161tvenih okolnosti, u mnogo se navrata mijenjao koncept nastave, broj u\u010denika, vrste \u0161kolskih predmeta, trajanje \u0161kolske godine pa \u010dak i jezik na kojemu je pou\u010davano, da bismo danas, 200 godina kasnije, imali razvijen, uspje\u0161an i suvremen sustav osnovnog obrazovanja u gradu Krku, u uvjetima na kojima nam mnogi zavide&#8221;, zaklju\u010dio je gradona\u010delnik i ocijenio da se \u201cgra\u0111anski\u201d \u017eivot Kr\u010dana 19. stoje\u0107a ne ogleda samo u osnutku \u0161kole, ve\u0107 i u pokretanju mnogih drugih, redom i danas \u017eivih i va\u017enih ustanova i udruga, poput Gradske glazbe i Jedrili\u010darskog kluba Plav, najstarijega takvog kluba na Jadranu koji, ba\u0161 kao i \u0161kola, tako\u0111er \u010dine va\u017ene sastavnice kr\u010dkog identiteta, odnosno njegove urbane i kulturne dana\u0161njice.<\/p>\n<p>Ovaj vrijedan jubilej u svoje i u ime \u017eupana <strong>Zlatka Komadine<\/strong> \u010destitala je pro\u010delnica Upravnog odjela za odgoj i obrazovanje Primorsko-goranske \u017eupanije\u00a0<strong>Edita Stilin<\/strong> koja je kazala da je dvjesto godina jako puno, a u tom se periodu puno toga dogodilo, zato je potrebno zahvaliti svima koji su djeli\u0107 sebe utkali u povijest \u0161kole, ali i ovaj sve\u010dani trenutak. Primorsko-goranska \u017eupanija osniva\u010d je \u0161kole, uz ukupno 31 u \u017eupaniji, te se u suradnji s lokalnim samoupravama doista trudi da svim \u0161kolama, pa tako i kr\u010dkoj, ni\u0161ta ne nedostaje. &#8220;Nadam se da ne\u0107e biti pretenciozno re\u0107i kako je standard \u0161kolstva na otoku u samom hrvatskom vrhu, a upravo se time trebamo ponositi i na takvim uvjetima i nadalje inzistirati&#8221; &#8211; zaklju\u010dila je Stilin.<\/p>\n<p>Uslijedio je stvarno prekrasan i dojmljiv program pod nazivom &#8220;Kontrasti&#8221; kojega su osmislile u\u010diteljice <strong>Karmela Vajdoher \u017dili\u0107 i Milica \u017du\u017ei\u0107<\/strong>. Razli\u010dite to\u010dke su s djecom pripremali: <strong>Dana Baj\u010di\u0107, Jurica Goja, Iva \u017dic, Mirna Cviji\u0107 Mrak, Matea Kosi\u0107 i Dina Valkovi\u0107<\/strong>. Izlo\u017ebu i scenografiju su pripremile <strong>Leda Tomuli\u0107 i \u017deljka \u017dic Sta\u0161i\u0107<\/strong>, a uveliko je oko svega pomagao domar <strong>Andriano Karabai\u0107:<\/strong> Prekrasan program realizirale se u\u010denice i u\u010denici kr\u010dke Osnovne \u0161kole u kojemu su predstavili svoje pjeva\u010dko, plesa\u010dko, svira\u010dko, gluma\u010dko i voditeljsko umije\u0107e, a sadr\u017eajem su osim vremeplova na temu povijesti \u0161kolstva te momenata iz hrvatske i svjetske povijesti uop\u0107e, bile obuhva\u0107ene sekvence motivirane kontrastima (susret suvremenog i tradicionalnog plesa), s time da je na kraju pri\u010da zaokru\u017eena atraktivnim teatrom sjena, a svoj je doprinos scenariju dala i umjetna inteligencija. Zanimljiv je bio razgovor djeda i unuka \u017dani\u0107a.<\/p>\n<p>(Tekst i slike preuzeti s Portala otoka Krka, autor MK)<\/p>\n<p><a href=\"http:\/\/osnovnaskolakrk.hr\/krk\/wp-content\/uploads\/g3-1.jpg\" data-rel=\"lightbox-image-0\" data-rl_title=\"\" data-rl_caption=\"\" title=\"\"><img loading=\"lazy\" class=\"alignnone size-medium wp-image-6391\" src=\"http:\/\/osnovnaskolakrk.hr\/krk\/wp-content\/uploads\/g3-1-300x200.jpg\" alt=\"\" width=\"300\" height=\"200\" srcset=\"http:\/\/osnovnaskolakrk.hr\/krk\/wp-content\/uploads\/g3-1-300x200.jpg 300w, http:\/\/osnovnaskolakrk.hr\/krk\/wp-content\/uploads\/g3-1-1024x683.jpg 1024w, http:\/\/osnovnaskolakrk.hr\/krk\/wp-content\/uploads\/g3-1-768x512.jpg 768w, http:\/\/osnovnaskolakrk.hr\/krk\/wp-content\/uploads\/g3-1-624x416.jpg 624w, http:\/\/osnovnaskolakrk.hr\/krk\/wp-content\/uploads\/g3-1.jpg 1200w\" sizes=\"(max-width: 300px) 100vw, 300px\" \/><\/a> <a href=\"http:\/\/osnovnaskolakrk.hr\/krk\/wp-content\/uploads\/g4-2.jpg\" data-rel=\"lightbox-image-1\" data-rl_title=\"\" data-rl_caption=\"\" title=\"\"><img loading=\"lazy\" class=\"alignnone size-medium wp-image-6392\" src=\"http:\/\/osnovnaskolakrk.hr\/krk\/wp-content\/uploads\/g4-2-300x197.jpg\" alt=\"\" width=\"300\" height=\"197\" srcset=\"http:\/\/osnovnaskolakrk.hr\/krk\/wp-content\/uploads\/g4-2-300x197.jpg 300w, http:\/\/osnovnaskolakrk.hr\/krk\/wp-content\/uploads\/g4-2-768x505.jpg 768w, http:\/\/osnovnaskolakrk.hr\/krk\/wp-content\/uploads\/g4-2-624x410.jpg 624w, http:\/\/osnovnaskolakrk.hr\/krk\/wp-content\/uploads\/g4-2.jpg 800w\" sizes=\"(max-width: 300px) 100vw, 300px\" \/><\/a> <a href=\"http:\/\/osnovnaskolakrk.hr\/krk\/wp-content\/uploads\/g5.jpg\" data-rel=\"lightbox-image-2\" data-rl_title=\"\" data-rl_caption=\"\" title=\"\"><img loading=\"lazy\" class=\"alignnone size-medium wp-image-6393\" src=\"http:\/\/osnovnaskolakrk.hr\/krk\/wp-content\/uploads\/g5-300x197.jpg\" alt=\"\" width=\"300\" height=\"197\" srcset=\"http:\/\/osnovnaskolakrk.hr\/krk\/wp-content\/uploads\/g5-300x197.jpg 300w, http:\/\/osnovnaskolakrk.hr\/krk\/wp-content\/uploads\/g5-768x505.jpg 768w, http:\/\/osnovnaskolakrk.hr\/krk\/wp-content\/uploads\/g5-624x410.jpg 624w, http:\/\/osnovnaskolakrk.hr\/krk\/wp-content\/uploads\/g5.jpg 800w\" sizes=\"(max-width: 300px) 100vw, 300px\" \/><\/a> <a href=\"http:\/\/osnovnaskolakrk.hr\/krk\/wp-content\/uploads\/g6.jpg\" data-rel=\"lightbox-image-3\" data-rl_title=\"\" data-rl_caption=\"\" title=\"\"><img loading=\"lazy\" class=\"alignnone size-medium wp-image-6394\" src=\"http:\/\/osnovnaskolakrk.hr\/krk\/wp-content\/uploads\/g6-300x197.jpg\" alt=\"\" width=\"300\" height=\"197\" srcset=\"http:\/\/osnovnaskolakrk.hr\/krk\/wp-content\/uploads\/g6-300x197.jpg 300w, http:\/\/osnovnaskolakrk.hr\/krk\/wp-content\/uploads\/g6-768x505.jpg 768w, http:\/\/osnovnaskolakrk.hr\/krk\/wp-content\/uploads\/g6-624x410.jpg 624w, http:\/\/osnovnaskolakrk.hr\/krk\/wp-content\/uploads\/g6.jpg 800w\" sizes=\"(max-width: 300px) 100vw, 300px\" \/><\/a> <a href=\"http:\/\/osnovnaskolakrk.hr\/krk\/wp-content\/uploads\/g7.jpg\" data-rel=\"lightbox-image-4\" data-rl_title=\"\" data-rl_caption=\"\" title=\"\"><img loading=\"lazy\" class=\"alignnone size-medium wp-image-6395\" src=\"http:\/\/osnovnaskolakrk.hr\/krk\/wp-content\/uploads\/g7-300x197.jpg\" alt=\"\" width=\"300\" height=\"197\" srcset=\"http:\/\/osnovnaskolakrk.hr\/krk\/wp-content\/uploads\/g7-300x197.jpg 300w, http:\/\/osnovnaskolakrk.hr\/krk\/wp-content\/uploads\/g7-768x505.jpg 768w, http:\/\/osnovnaskolakrk.hr\/krk\/wp-content\/uploads\/g7-624x410.jpg 624w, http:\/\/osnovnaskolakrk.hr\/krk\/wp-content\/uploads\/g7.jpg 800w\" sizes=\"(max-width: 300px) 100vw, 300px\" \/><\/a> <a href=\"http:\/\/osnovnaskolakrk.hr\/krk\/wp-content\/uploads\/g9.jpg\" data-rel=\"lightbox-image-5\" data-rl_title=\"\" data-rl_caption=\"\" title=\"\"><img loading=\"lazy\" class=\"alignnone size-medium wp-image-6396\" src=\"http:\/\/osnovnaskolakrk.hr\/krk\/wp-content\/uploads\/g9-300x197.jpg\" alt=\"\" width=\"300\" height=\"197\" srcset=\"http:\/\/osnovnaskolakrk.hr\/krk\/wp-content\/uploads\/g9-300x197.jpg 300w, http:\/\/osnovnaskolakrk.hr\/krk\/wp-content\/uploads\/g9-768x505.jpg 768w, http:\/\/osnovnaskolakrk.hr\/krk\/wp-content\/uploads\/g9-624x410.jpg 624w, http:\/\/osnovnaskolakrk.hr\/krk\/wp-content\/uploads\/g9.jpg 800w\" sizes=\"(max-width: 300px) 100vw, 300px\" \/><\/a> <a href=\"http:\/\/osnovnaskolakrk.hr\/krk\/wp-content\/uploads\/g10.jpg\" data-rel=\"lightbox-image-6\" data-rl_title=\"\" data-rl_caption=\"\" title=\"\"><img loading=\"lazy\" class=\"alignnone size-medium wp-image-6397\" src=\"http:\/\/osnovnaskolakrk.hr\/krk\/wp-content\/uploads\/g10-300x197.jpg\" alt=\"\" width=\"300\" height=\"197\" srcset=\"http:\/\/osnovnaskolakrk.hr\/krk\/wp-content\/uploads\/g10-300x197.jpg 300w, http:\/\/osnovnaskolakrk.hr\/krk\/wp-content\/uploads\/g10-768x505.jpg 768w, http:\/\/osnovnaskolakrk.hr\/krk\/wp-content\/uploads\/g10-624x410.jpg 624w, http:\/\/osnovnaskolakrk.hr\/krk\/wp-content\/uploads\/g10.jpg 800w\" sizes=\"(max-width: 300px) 100vw, 300px\" \/><\/a> <a href=\"http:\/\/osnovnaskolakrk.hr\/krk\/wp-content\/uploads\/g11.jpg\" data-rel=\"lightbox-image-7\" data-rl_title=\"\" data-rl_caption=\"\" title=\"\"><img loading=\"lazy\" class=\"alignnone size-medium wp-image-6398\" src=\"http:\/\/osnovnaskolakrk.hr\/krk\/wp-content\/uploads\/g11-300x197.jpg\" alt=\"\" width=\"300\" height=\"197\" srcset=\"http:\/\/osnovnaskolakrk.hr\/krk\/wp-content\/uploads\/g11-300x197.jpg 300w, http:\/\/osnovnaskolakrk.hr\/krk\/wp-content\/uploads\/g11-768x505.jpg 768w, http:\/\/osnovnaskolakrk.hr\/krk\/wp-content\/uploads\/g11-624x410.jpg 624w, http:\/\/osnovnaskolakrk.hr\/krk\/wp-content\/uploads\/g11.jpg 800w\" sizes=\"(max-width: 300px) 100vw, 300px\" \/><\/a> <a href=\"http:\/\/osnovnaskolakrk.hr\/krk\/wp-content\/uploads\/g12.jpg\" data-rel=\"lightbox-image-8\" data-rl_title=\"\" data-rl_caption=\"\" title=\"\"><img loading=\"lazy\" class=\"alignnone size-medium wp-image-6399\" src=\"http:\/\/osnovnaskolakrk.hr\/krk\/wp-content\/uploads\/g12-300x197.jpg\" alt=\"\" width=\"300\" height=\"197\" srcset=\"http:\/\/osnovnaskolakrk.hr\/krk\/wp-content\/uploads\/g12-300x197.jpg 300w, http:\/\/osnovnaskolakrk.hr\/krk\/wp-content\/uploads\/g12-768x505.jpg 768w, http:\/\/osnovnaskolakrk.hr\/krk\/wp-content\/uploads\/g12-624x410.jpg 624w, http:\/\/osnovnaskolakrk.hr\/krk\/wp-content\/uploads\/g12.jpg 800w\" sizes=\"(max-width: 300px) 100vw, 300px\" \/><\/a><a href=\"http:\/\/osnovnaskolakrk.hr\/krk\/wp-content\/uploads\/g14.jpg\" data-rel=\"lightbox-image-9\" data-rl_title=\"\" data-rl_caption=\"\" title=\"\"><img loading=\"lazy\" class=\"alignnone size-medium wp-image-6401\" src=\"http:\/\/osnovnaskolakrk.hr\/krk\/wp-content\/uploads\/g14-300x197.jpg\" alt=\"\" width=\"300\" height=\"197\" srcset=\"http:\/\/osnovnaskolakrk.hr\/krk\/wp-content\/uploads\/g14-300x197.jpg 300w, http:\/\/osnovnaskolakrk.hr\/krk\/wp-content\/uploads\/g14-768x505.jpg 768w, http:\/\/osnovnaskolakrk.hr\/krk\/wp-content\/uploads\/g14-624x410.jpg 624w, http:\/\/osnovnaskolakrk.hr\/krk\/wp-content\/uploads\/g14.jpg 800w\" sizes=\"(max-width: 300px) 100vw, 300px\" \/><\/a> <a href=\"http:\/\/osnovnaskolakrk.hr\/krk\/wp-content\/uploads\/g13.jpg\" data-rel=\"lightbox-image-10\" data-rl_title=\"\" data-rl_caption=\"\" title=\"\"><img loading=\"lazy\" class=\"alignnone size-medium wp-image-6400\" src=\"http:\/\/osnovnaskolakrk.hr\/krk\/wp-content\/uploads\/g13-300x197.jpg\" alt=\"\" width=\"300\" height=\"197\" srcset=\"http:\/\/osnovnaskolakrk.hr\/krk\/wp-content\/uploads\/g13-300x197.jpg 300w, http:\/\/osnovnaskolakrk.hr\/krk\/wp-content\/uploads\/g13-768x505.jpg 768w, http:\/\/osnovnaskolakrk.hr\/krk\/wp-content\/uploads\/g13-624x410.jpg 624w, http:\/\/osnovnaskolakrk.hr\/krk\/wp-content\/uploads\/g13.jpg 800w\" sizes=\"(max-width: 300px) 100vw, 300px\" \/><\/a> <a href=\"http:\/\/osnovnaskolakrk.hr\/krk\/wp-content\/uploads\/g15.jpg\" data-rel=\"lightbox-image-11\" data-rl_title=\"\" data-rl_caption=\"\" title=\"\"><img loading=\"lazy\" class=\"alignnone size-medium wp-image-6402\" src=\"http:\/\/osnovnaskolakrk.hr\/krk\/wp-content\/uploads\/g15-300x197.jpg\" alt=\"\" width=\"300\" height=\"197\" srcset=\"http:\/\/osnovnaskolakrk.hr\/krk\/wp-content\/uploads\/g15-300x197.jpg 300w, http:\/\/osnovnaskolakrk.hr\/krk\/wp-content\/uploads\/g15-768x505.jpg 768w, http:\/\/osnovnaskolakrk.hr\/krk\/wp-content\/uploads\/g15-624x410.jpg 624w, http:\/\/osnovnaskolakrk.hr\/krk\/wp-content\/uploads\/g15.jpg 800w\" sizes=\"(max-width: 300px) 100vw, 300px\" \/><\/a> <a href=\"http:\/\/osnovnaskolakrk.hr\/krk\/wp-content\/uploads\/g16.jpg\" data-rel=\"lightbox-image-12\" data-rl_title=\"\" data-rl_caption=\"\" title=\"\"><img loading=\"lazy\" class=\"alignnone size-medium wp-image-6403\" src=\"http:\/\/osnovnaskolakrk.hr\/krk\/wp-content\/uploads\/g16-300x197.jpg\" alt=\"\" width=\"300\" height=\"197\" srcset=\"http:\/\/osnovnaskolakrk.hr\/krk\/wp-content\/uploads\/g16-300x197.jpg 300w, http:\/\/osnovnaskolakrk.hr\/krk\/wp-content\/uploads\/g16-768x505.jpg 768w, http:\/\/osnovnaskolakrk.hr\/krk\/wp-content\/uploads\/g16-624x410.jpg 624w, http:\/\/osnovnaskolakrk.hr\/krk\/wp-content\/uploads\/g16.jpg 800w\" sizes=\"(max-width: 300px) 100vw, 300px\" \/><\/a><a href=\"http:\/\/osnovnaskolakrk.hr\/krk\/wp-content\/uploads\/g17.jpg\" data-rel=\"lightbox-image-13\" data-rl_title=\"\" data-rl_caption=\"\" title=\"\"><img loading=\"lazy\" class=\"alignnone size-medium wp-image-6404\" src=\"http:\/\/osnovnaskolakrk.hr\/krk\/wp-content\/uploads\/g17-300x197.jpg\" alt=\"\" width=\"300\" height=\"197\" srcset=\"http:\/\/osnovnaskolakrk.hr\/krk\/wp-content\/uploads\/g17-300x197.jpg 300w, http:\/\/osnovnaskolakrk.hr\/krk\/wp-content\/uploads\/g17-768x505.jpg 768w, http:\/\/osnovnaskolakrk.hr\/krk\/wp-content\/uploads\/g17-624x410.jpg 624w, http:\/\/osnovnaskolakrk.hr\/krk\/wp-content\/uploads\/g17.jpg 800w\" sizes=\"(max-width: 300px) 100vw, 300px\" \/><\/a><\/p>\n","protected":false},"excerpt":{"rendered":"<p>Sve\u010dano proslavljena 200-ta obljetnica osnovnog \u0161kolstva u gradu Krku Velika i zna\u010dajna 200-ta obljetnica organiziranoga \u0161kolstva u Krku obilje\u017eena je izuzetno lijepom i sadr\u017eajnom proslavom u sportskoj dvorani kr\u010dke Osnovne \u0161kole &#8220;Fran Krsto Frankopan&#8221; 2. lipnja 2023. Sve\u010danost je zapo\u010dela dr\u017eavnom i \u017eupanijskom himnom u izvedbi \u0161kolskog zbora, komornog orkestra i benda, nakon \u010dega je [&hellip;]<\/p>\n","protected":false},"author":18,"featured_media":6389,"comment_status":"closed","ping_status":"closed","sticky":false,"template":"","format":"standard","meta":[],"categories":[1],"tags":[],"_links":{"self":[{"href":"http:\/\/osnovnaskolakrk.hr\/krk\/wp-json\/wp\/v2\/posts\/6388"}],"collection":[{"href":"http:\/\/osnovnaskolakrk.hr\/krk\/wp-json\/wp\/v2\/posts"}],"about":[{"href":"http:\/\/osnovnaskolakrk.hr\/krk\/wp-json\/wp\/v2\/types\/post"}],"author":[{"embeddable":true,"href":"http:\/\/osnovnaskolakrk.hr\/krk\/wp-json\/wp\/v2\/users\/18"}],"replies":[{"embeddable":true,"href":"http:\/\/osnovnaskolakrk.hr\/krk\/wp-json\/wp\/v2\/comments?post=6388"}],"version-history":[{"count":2,"href":"http:\/\/osnovnaskolakrk.hr\/krk\/wp-json\/wp\/v2\/posts\/6388\/revisions"}],"predecessor-version":[{"id":6406,"href":"http:\/\/osnovnaskolakrk.hr\/krk\/wp-json\/wp\/v2\/posts\/6388\/revisions\/6406"}],"wp:featuredmedia":[{"embeddable":true,"href":"http:\/\/osnovnaskolakrk.hr\/krk\/wp-json\/wp\/v2\/media\/6389"}],"wp:attachment":[{"href":"http:\/\/osnovnaskolakrk.hr\/krk\/wp-json\/wp\/v2\/media?parent=6388"}],"wp:term":[{"taxonomy":"category","embeddable":true,"href":"http:\/\/osnovnaskolakrk.hr\/krk\/wp-json\/wp\/v2\/categories?post=6388"},{"taxonomy":"post_tag","embeddable":true,"href":"http:\/\/osnovnaskolakrk.hr\/krk\/wp-json\/wp\/v2\/tags?post=6388"}],"curies":[{"name":"wp","href":"https:\/\/api.w.org\/{rel}","templated":true}]}}