{"id":6413,"date":"2023-06-19T06:51:45","date_gmt":"2023-06-19T06:51:45","guid":{"rendered":"http:\/\/osnovnaskolakrk.hr\/krk\/?p=6413"},"modified":"2023-06-19T06:51:45","modified_gmt":"2023-06-19T06:51:45","slug":"robotrka-na-prstenac","status":"publish","type":"post","link":"http:\/\/osnovnaskolakrk.hr\/krk\/robotrka-na-prstenac\/","title":{"rendered":"Robotrka na prstenac"},"content":{"rendered":"<p style=\"font-weight: 400;\"><strong>U Krku je odr\u017eano 10. kup natjecanje \u201cRobotrka na prstenac\u201d<\/strong><\/p>\n<p style=\"font-weight: 400;\">U subotu, 17. lipnja 2023. godine, na Trgu kr\u010dkih glagolja\u0161a, odr\u017eano je\u00a010. kup natjecanje \u201cRobotrka na prstenac\u201d\u00a0uz veliki odaziv u\u010denika i mentora.<\/p>\n<p style=\"font-weight: 400;\">Svoja znanja i vje\u0161tine odmjerilo je 138 sudionika u 35 ekipa s podru\u010dja Istarske i Primorsko-goranske \u017eupanije, i to iz Pule, Fa\u017eane, Medulina, Rovinja, Barbana, Pazina i Krka.<\/p>\n<p style=\"font-weight: 400;\">Ovo je 3. natjecanje u organizaciji O\u0160 \u201eFran Krsto Frankopan\u201c i Kluba informati\u010dara otoka Krka \u2013 KIOK, uz podr\u0161ku Grada i Turisti\u010dke zajednice Grada Krka.<\/p>\n<p style=\"font-weight: 400;\">Pravila natjecanja sastavljena su na osnovama drevne Trke na prstenac koja se tradicionalno odr\u017eava u Barbanu, no umjesto konja, u trci se natje\u010du roboti kojima se upravlja pomo\u0107u ra\u010dunala.<\/p>\n<p style=\"font-weight: 400;\">Cilj natjecanja je popularizacija robotike i poticanje mladih na bavljenje tehnikom.<\/p>\n<p style=\"font-weight: 400;\">Prvo mjesto osvojila je ekipa \u201eTri mu\u0161ketira\u201c iz O\u0160 \u201eFran Krsto Frankopan\u201c Krk u sastavu: <strong>Filip Jure\u0161i\u0107, Marin Braut i David Rimbaldo\u00a0<\/strong>uz mentoricu <strong>Ivonu Klari\u0107.<\/strong><!--more--><\/p>\n<p><a href=\"http:\/\/osnovnaskolakrk.hr\/krk\/wp-content\/uploads\/r4-4.jpg\" data-rel=\"lightbox-image-0\" data-rl_title=\"\" data-rl_caption=\"\" title=\"\"><img loading=\"lazy\" class=\"alignnone size-medium wp-image-6414\" src=\"http:\/\/osnovnaskolakrk.hr\/krk\/wp-content\/uploads\/r4-4-300x225.jpg\" alt=\"\" width=\"300\" height=\"225\" srcset=\"http:\/\/osnovnaskolakrk.hr\/krk\/wp-content\/uploads\/r4-4-300x225.jpg 300w, http:\/\/osnovnaskolakrk.hr\/krk\/wp-content\/uploads\/r4-4-1024x768.jpg 1024w, http:\/\/osnovnaskolakrk.hr\/krk\/wp-content\/uploads\/r4-4-768x576.jpg 768w, http:\/\/osnovnaskolakrk.hr\/krk\/wp-content\/uploads\/r4-4-1536x1152.jpg 1536w, http:\/\/osnovnaskolakrk.hr\/krk\/wp-content\/uploads\/r4-4-624x468.jpg 624w, http:\/\/osnovnaskolakrk.hr\/krk\/wp-content\/uploads\/r4-4.jpg 1600w\" sizes=\"(max-width: 300px) 100vw, 300px\" \/><\/a><\/p>\n<p style=\"font-weight: 400;\">Drugo mjesto, tako\u0111er je osvojila ekipa \u0161kole doma\u0107ina \u2013 \u201eNDN\u201c u sastavu: <strong>Doria Arabad\u017ei\u0107, Nika Grgantov i Nikola Bogovi\u0107<\/strong> uz mentoricu I<strong>vonu Klari\u0107<\/strong>.<\/p>\n<p><a href=\"http:\/\/osnovnaskolakrk.hr\/krk\/wp-content\/uploads\/r10-1.jpg\" data-rel=\"lightbox-image-1\" data-rl_title=\"\" data-rl_caption=\"\" title=\"\"><img loading=\"lazy\" class=\"alignnone size-medium wp-image-6415\" src=\"http:\/\/osnovnaskolakrk.hr\/krk\/wp-content\/uploads\/r10-1-300x225.jpg\" alt=\"\" width=\"300\" height=\"225\" srcset=\"http:\/\/osnovnaskolakrk.hr\/krk\/wp-content\/uploads\/r10-1-300x225.jpg 300w, http:\/\/osnovnaskolakrk.hr\/krk\/wp-content\/uploads\/r10-1-1024x768.jpg 1024w, http:\/\/osnovnaskolakrk.hr\/krk\/wp-content\/uploads\/r10-1-768x576.jpg 768w, http:\/\/osnovnaskolakrk.hr\/krk\/wp-content\/uploads\/r10-1-1536x1152.jpg 1536w, http:\/\/osnovnaskolakrk.hr\/krk\/wp-content\/uploads\/r10-1-624x468.jpg 624w, http:\/\/osnovnaskolakrk.hr\/krk\/wp-content\/uploads\/r10-1.jpg 1600w\" sizes=\"(max-width: 300px) 100vw, 300px\" \/><\/a><\/p>\n<p style=\"font-weight: 400;\">Tre\u0107e mjesto osvojila je ekipa \u201eArduino III\u201c, Dru\u0161tvo za robotiku Istra Pula u sastavu: Ivan Lipljan, Ian Pra\u0161ina Beever i Ian Kosanovi\u0107 uz mentora Dragana Panti\u0107a.<\/p>\n<p style=\"font-weight: 400;\">Tako\u0111er, sudjelovali su u\u010denici iz\u00a0Centra za rehabilitaciju Down sindrom centar Pula koji su progla\u0161eni\u00a0 najcool ekipom.<\/p>\n<p style=\"font-weight: 400;\">Finalna utrka odr\u017eat \u0107e se u Barbanu u sklopu manifestacije Trka na prstenac koja \u0107e se odr\u017eati tre\u0107eg vikenda u kolovozu.<\/p>\n<p><a href=\"http:\/\/osnovnaskolakrk.hr\/krk\/wp-content\/uploads\/r1-3.jpg\" data-rel=\"lightbox-image-2\" data-rl_title=\"\" data-rl_caption=\"\" title=\"\"><img loading=\"lazy\" class=\"alignnone size-medium wp-image-6416\" src=\"http:\/\/osnovnaskolakrk.hr\/krk\/wp-content\/uploads\/r1-3-300x225.jpg\" alt=\"\" width=\"300\" height=\"225\" srcset=\"http:\/\/osnovnaskolakrk.hr\/krk\/wp-content\/uploads\/r1-3-300x225.jpg 300w, http:\/\/osnovnaskolakrk.hr\/krk\/wp-content\/uploads\/r1-3-1024x768.jpg 1024w, http:\/\/osnovnaskolakrk.hr\/krk\/wp-content\/uploads\/r1-3-768x576.jpg 768w, http:\/\/osnovnaskolakrk.hr\/krk\/wp-content\/uploads\/r1-3-1536x1152.jpg 1536w, http:\/\/osnovnaskolakrk.hr\/krk\/wp-content\/uploads\/r1-3-624x468.jpg 624w, http:\/\/osnovnaskolakrk.hr\/krk\/wp-content\/uploads\/r1-3.jpg 1600w\" sizes=\"(max-width: 300px) 100vw, 300px\" \/><\/a> <a href=\"http:\/\/osnovnaskolakrk.hr\/krk\/wp-content\/uploads\/r3-4.jpg\" data-rel=\"lightbox-image-3\" data-rl_title=\"\" data-rl_caption=\"\" title=\"\"><img loading=\"lazy\" class=\"alignnone size-medium wp-image-6418\" src=\"http:\/\/osnovnaskolakrk.hr\/krk\/wp-content\/uploads\/r3-4-225x300.jpg\" alt=\"\" width=\"225\" height=\"300\" srcset=\"http:\/\/osnovnaskolakrk.hr\/krk\/wp-content\/uploads\/r3-4-225x300.jpg 225w, http:\/\/osnovnaskolakrk.hr\/krk\/wp-content\/uploads\/r3-4-768x1024.jpg 768w, http:\/\/osnovnaskolakrk.hr\/krk\/wp-content\/uploads\/r3-4-1152x1536.jpg 1152w, http:\/\/osnovnaskolakrk.hr\/krk\/wp-content\/uploads\/r3-4-624x832.jpg 624w, http:\/\/osnovnaskolakrk.hr\/krk\/wp-content\/uploads\/r3-4.jpg 1200w\" sizes=\"(max-width: 225px) 100vw, 225px\" \/><\/a> <a href=\"http:\/\/osnovnaskolakrk.hr\/krk\/wp-content\/uploads\/r5-3.jpg\" data-rel=\"lightbox-image-4\" data-rl_title=\"\" data-rl_caption=\"\" title=\"\"><img loading=\"lazy\" class=\"alignnone size-medium wp-image-6419\" src=\"http:\/\/osnovnaskolakrk.hr\/krk\/wp-content\/uploads\/r5-3-225x300.jpg\" alt=\"\" width=\"225\" height=\"300\" srcset=\"http:\/\/osnovnaskolakrk.hr\/krk\/wp-content\/uploads\/r5-3-225x300.jpg 225w, http:\/\/osnovnaskolakrk.hr\/krk\/wp-content\/uploads\/r5-3-768x1024.jpg 768w, http:\/\/osnovnaskolakrk.hr\/krk\/wp-content\/uploads\/r5-3-1152x1536.jpg 1152w, http:\/\/osnovnaskolakrk.hr\/krk\/wp-content\/uploads\/r5-3-624x832.jpg 624w, http:\/\/osnovnaskolakrk.hr\/krk\/wp-content\/uploads\/r5-3.jpg 1200w\" sizes=\"(max-width: 225px) 100vw, 225px\" \/><\/a> <a href=\"http:\/\/osnovnaskolakrk.hr\/krk\/wp-content\/uploads\/r6-3.jpg\" data-rel=\"lightbox-image-5\" data-rl_title=\"\" data-rl_caption=\"\" title=\"\"><img loading=\"lazy\" class=\"alignnone size-medium wp-image-6420\" src=\"http:\/\/osnovnaskolakrk.hr\/krk\/wp-content\/uploads\/r6-3-225x300.jpg\" alt=\"\" width=\"225\" height=\"300\" srcset=\"http:\/\/osnovnaskolakrk.hr\/krk\/wp-content\/uploads\/r6-3-225x300.jpg 225w, http:\/\/osnovnaskolakrk.hr\/krk\/wp-content\/uploads\/r6-3-768x1024.jpg 768w, http:\/\/osnovnaskolakrk.hr\/krk\/wp-content\/uploads\/r6-3-1152x1536.jpg 1152w, http:\/\/osnovnaskolakrk.hr\/krk\/wp-content\/uploads\/r6-3-624x832.jpg 624w, http:\/\/osnovnaskolakrk.hr\/krk\/wp-content\/uploads\/r6-3.jpg 1200w\" sizes=\"(max-width: 225px) 100vw, 225px\" \/><\/a> <a href=\"http:\/\/osnovnaskolakrk.hr\/krk\/wp-content\/uploads\/r7-2.jpg\" data-rel=\"lightbox-image-6\" data-rl_title=\"\" data-rl_caption=\"\" title=\"\"><img loading=\"lazy\" class=\"alignnone size-medium wp-image-6421\" src=\"http:\/\/osnovnaskolakrk.hr\/krk\/wp-content\/uploads\/r7-2-300x225.jpg\" alt=\"\" width=\"300\" height=\"225\" srcset=\"http:\/\/osnovnaskolakrk.hr\/krk\/wp-content\/uploads\/r7-2-300x225.jpg 300w, http:\/\/osnovnaskolakrk.hr\/krk\/wp-content\/uploads\/r7-2-1024x768.jpg 1024w, http:\/\/osnovnaskolakrk.hr\/krk\/wp-content\/uploads\/r7-2-768x576.jpg 768w, http:\/\/osnovnaskolakrk.hr\/krk\/wp-content\/uploads\/r7-2-1536x1152.jpg 1536w, http:\/\/osnovnaskolakrk.hr\/krk\/wp-content\/uploads\/r7-2-624x468.jpg 624w, http:\/\/osnovnaskolakrk.hr\/krk\/wp-content\/uploads\/r7-2.jpg 1600w\" sizes=\"(max-width: 300px) 100vw, 300px\" \/><\/a> <a href=\"http:\/\/osnovnaskolakrk.hr\/krk\/wp-content\/uploads\/r8-2.jpg\" data-rel=\"lightbox-image-7\" data-rl_title=\"\" data-rl_caption=\"\" title=\"\"><img loading=\"lazy\" class=\"alignnone size-medium wp-image-6422\" src=\"http:\/\/osnovnaskolakrk.hr\/krk\/wp-content\/uploads\/r8-2-300x225.jpg\" alt=\"\" width=\"300\" height=\"225\" srcset=\"http:\/\/osnovnaskolakrk.hr\/krk\/wp-content\/uploads\/r8-2-300x225.jpg 300w, http:\/\/osnovnaskolakrk.hr\/krk\/wp-content\/uploads\/r8-2-1024x768.jpg 1024w, http:\/\/osnovnaskolakrk.hr\/krk\/wp-content\/uploads\/r8-2-768x576.jpg 768w, http:\/\/osnovnaskolakrk.hr\/krk\/wp-content\/uploads\/r8-2-1536x1152.jpg 1536w, http:\/\/osnovnaskolakrk.hr\/krk\/wp-content\/uploads\/r8-2-624x468.jpg 624w, http:\/\/osnovnaskolakrk.hr\/krk\/wp-content\/uploads\/r8-2.jpg 1600w\" sizes=\"(max-width: 300px) 100vw, 300px\" \/><\/a> <a href=\"http:\/\/osnovnaskolakrk.hr\/krk\/wp-content\/uploads\/r9-2.jpg\" data-rel=\"lightbox-image-8\" data-rl_title=\"\" data-rl_caption=\"\" title=\"\"><img loading=\"lazy\" class=\"alignnone size-medium wp-image-6423\" src=\"http:\/\/osnovnaskolakrk.hr\/krk\/wp-content\/uploads\/r9-2-300x225.jpg\" alt=\"\" width=\"300\" height=\"225\" srcset=\"http:\/\/osnovnaskolakrk.hr\/krk\/wp-content\/uploads\/r9-2-300x225.jpg 300w, http:\/\/osnovnaskolakrk.hr\/krk\/wp-content\/uploads\/r9-2-1024x768.jpg 1024w, http:\/\/osnovnaskolakrk.hr\/krk\/wp-content\/uploads\/r9-2-768x576.jpg 768w, http:\/\/osnovnaskolakrk.hr\/krk\/wp-content\/uploads\/r9-2-1536x1152.jpg 1536w, http:\/\/osnovnaskolakrk.hr\/krk\/wp-content\/uploads\/r9-2-624x468.jpg 624w, http:\/\/osnovnaskolakrk.hr\/krk\/wp-content\/uploads\/r9-2.jpg 1600w\" sizes=\"(max-width: 300px) 100vw, 300px\" \/><\/a><\/p>\n","protected":false},"excerpt":{"rendered":"<p>U Krku je odr\u017eano 10. kup natjecanje \u201cRobotrka na prstenac\u201d U subotu, 17. lipnja 2023. godine, na Trgu kr\u010dkih glagolja\u0161a, odr\u017eano je\u00a010. kup natjecanje \u201cRobotrka na prstenac\u201d\u00a0uz veliki odaziv u\u010denika i mentora. Svoja znanja i vje\u0161tine odmjerilo je 138 sudionika u 35 ekipa s podru\u010dja Istarske i Primorsko-goranske \u017eupanije, i to iz Pule, Fa\u017eane, Medulina, [&hellip;]<\/p>\n","protected":false},"author":18,"featured_media":6417,"comment_status":"closed","ping_status":"closed","sticky":false,"template":"","format":"standard","meta":[],"categories":[1],"tags":[],"_links":{"self":[{"href":"http:\/\/osnovnaskolakrk.hr\/krk\/wp-json\/wp\/v2\/posts\/6413"}],"collection":[{"href":"http:\/\/osnovnaskolakrk.hr\/krk\/wp-json\/wp\/v2\/posts"}],"about":[{"href":"http:\/\/osnovnaskolakrk.hr\/krk\/wp-json\/wp\/v2\/types\/post"}],"author":[{"embeddable":true,"href":"http:\/\/osnovnaskolakrk.hr\/krk\/wp-json\/wp\/v2\/users\/18"}],"replies":[{"embeddable":true,"href":"http:\/\/osnovnaskolakrk.hr\/krk\/wp-json\/wp\/v2\/comments?post=6413"}],"version-history":[{"count":1,"href":"http:\/\/osnovnaskolakrk.hr\/krk\/wp-json\/wp\/v2\/posts\/6413\/revisions"}],"predecessor-version":[{"id":6424,"href":"http:\/\/osnovnaskolakrk.hr\/krk\/wp-json\/wp\/v2\/posts\/6413\/revisions\/6424"}],"wp:featuredmedia":[{"embeddable":true,"href":"http:\/\/osnovnaskolakrk.hr\/krk\/wp-json\/wp\/v2\/media\/6417"}],"wp:attachment":[{"href":"http:\/\/osnovnaskolakrk.hr\/krk\/wp-json\/wp\/v2\/media?parent=6413"}],"wp:term":[{"taxonomy":"category","embeddable":true,"href":"http:\/\/osnovnaskolakrk.hr\/krk\/wp-json\/wp\/v2\/categories?post=6413"},{"taxonomy":"post_tag","embeddable":true,"href":"http:\/\/osnovnaskolakrk.hr\/krk\/wp-json\/wp\/v2\/tags?post=6413"}],"curies":[{"name":"wp","href":"https:\/\/api.w.org\/{rel}","templated":true}]}}