{"id":6426,"date":"2023-07-05T06:39:08","date_gmt":"2023-07-05T06:39:08","guid":{"rendered":"http:\/\/osnovnaskolakrk.hr\/krk\/?p=6426"},"modified":"2023-07-05T06:39:08","modified_gmt":"2023-07-05T06:39:08","slug":"produzeni-boravak","status":"publish","type":"post","link":"http:\/\/osnovnaskolakrk.hr\/krk\/produzeni-boravak\/","title":{"rendered":"PRODU\u017dENI BORAVAK"},"content":{"rendered":"<p>Po\u0161tovani roditelji,<\/p>\n<p>Objavljujemo odluku o upisu u\u010denika u Produ\u017eeni boravak za \u0161kolsku godinu 2023.\/24.<\/p>\n<p><strong>Upisani su svi u\u010denici od 1. &#8211; 3. razreda.<\/strong><\/p>\n<p>Srda\u010dan pozdrav,<br \/>\nu\u010diteljice Produ\u017eenog boravka<\/p>\n<div class=\"yj6qo\"><\/div>\n","protected":false},"excerpt":{"rendered":"<p>Po\u0161tovani roditelji, Objavljujemo odluku o upisu u\u010denika u Produ\u017eeni boravak za \u0161kolsku godinu 2023.\/24. Upisani su svi u\u010denici od 1. &#8211; 3. razreda. Srda\u010dan pozdrav, u\u010diteljice Produ\u017eenog boravka<\/p>\n","protected":false},"author":18,"featured_media":0,"comment_status":"closed","ping_status":"closed","sticky":false,"template":"","format":"standard","meta":[],"categories":[1],"tags":[],"_links":{"self":[{"href":"http:\/\/osnovnaskolakrk.hr\/krk\/wp-json\/wp\/v2\/posts\/6426"}],"collection":[{"href":"http:\/\/osnovnaskolakrk.hr\/krk\/wp-json\/wp\/v2\/posts"}],"about":[{"href":"http:\/\/osnovnaskolakrk.hr\/krk\/wp-json\/wp\/v2\/types\/post"}],"author":[{"embeddable":true,"href":"http:\/\/osnovnaskolakrk.hr\/krk\/wp-json\/wp\/v2\/users\/18"}],"replies":[{"embeddable":true,"href":"http:\/\/osnovnaskolakrk.hr\/krk\/wp-json\/wp\/v2\/comments?post=6426"}],"version-history":[{"count":1,"href":"http:\/\/osnovnaskolakrk.hr\/krk\/wp-json\/wp\/v2\/posts\/6426\/revisions"}],"predecessor-version":[{"id":6427,"href":"http:\/\/osnovnaskolakrk.hr\/krk\/wp-json\/wp\/v2\/posts\/6426\/revisions\/6427"}],"wp:attachment":[{"href":"http:\/\/osnovnaskolakrk.hr\/krk\/wp-json\/wp\/v2\/media?parent=6426"}],"wp:term":[{"taxonomy":"category","embeddable":true,"href":"http:\/\/osnovnaskolakrk.hr\/krk\/wp-json\/wp\/v2\/categories?post=6426"},{"taxonomy":"post_tag","embeddable":true,"href":"http:\/\/osnovnaskolakrk.hr\/krk\/wp-json\/wp\/v2\/tags?post=6426"}],"curies":[{"name":"wp","href":"https:\/\/api.w.org\/{rel}","templated":true}]}}