{"id":6428,"date":"2023-07-06T09:54:48","date_gmt":"2023-07-06T09:54:48","guid":{"rendered":"http:\/\/osnovnaskolakrk.hr\/krk\/?p=6428"},"modified":"2023-07-06T09:54:48","modified_gmt":"2023-07-06T09:54:48","slug":"obavijest-o-obvezatnim-i-dopunskim-nastavnim-sredstvima-za-skolsku-godinu-2023-2024","status":"publish","type":"post","link":"http:\/\/osnovnaskolakrk.hr\/krk\/obavijest-o-obvezatnim-i-dopunskim-nastavnim-sredstvima-za-skolsku-godinu-2023-2024\/","title":{"rendered":"OBAVIJEST O OBVEZATNIM I DOPUNSKIM NASTAVNIM SREDSTVIMA ZA \u0160KOLSKU GODINU 2023.\/2024."},"content":{"rendered":"<p>Sukladno odluci Ministarstva znanosti i obrazovanja za sve ud\u017ebenike<br \/>\nobveznih i\u00a0 izbornih predmeta od prvog do osmog razreda sredstva se osiguravaju u<br \/>\ndr\u017eavnom prora\u010dunu, a nabavu ud\u017ebenika provodi \u0161kola. Ve\u0107i dio ud\u017ebenika koji nisu<br \/>\nradni naslje\u0111uje se od prethodnih generacija. Na tra\u017eenje roditelja prila\u017eemo i popis<br \/>\nobvezatnih nastavnih sredstava.<\/p>\n<p><strong>U\u010denici \u0107e ud\u017ebenike preuzeti u \u0161koli na po\u010detku nove \u0161kolske godine.<\/strong><\/p>\n<p>Prethodno su u\u010denici morali vratiti sve ud\u017ebenike od \u0161kolske godine 2022.\/2023. koji<br \/>\nsu va\u017ee\u0107i u nadolaze\u0107oj \u0161kolskoj godini 2023.\/2024. Ukoliko to ne u\u010dine pla\u0107aju<br \/>\nnov\u010danu nadoknadu za svaki pojedini nevra\u0107eni ud\u017ebenik.<\/p>\n<p>Roditelji za svoju djecu nabavljaju dopunska nastavna sredstva\u00a0\u00a0prema dolje<br \/>\nnavedenom\u00a0popisu dopunskih nastavnih sredstava\u00a0koja \u0107e se koristiti u \u0161kolskoj<br \/>\ngodini 2023.\/2024. U dogovoru s pojedinim u\u010diteljicama razredne nastave odre\u0111ena<br \/>\ndopunska nastavna sredstva nabavljat \u0107e se skupno preko akvizitera izdava\u010dkih<br \/>\nku\u0107a.<\/p>\n<p><a href=\"http:\/\/osnovnaskolakrk.hr\/krk\/wp-content\/uploads\/POPIS-UDZBENIKA-U-SK.G.-2023.-2024.-KRK.docx\">POPIS UD\u017dBENIKA U \u0160K.G. 2023.-2024. &#8211; KRK<\/a><\/p>\n<p><a href=\"http:\/\/osnovnaskolakrk.hr\/krk\/wp-content\/uploads\/MS-KRK-VISI-RAZREDI-DOPUNSKA-SREDSTVA-2023-24.docx\">MS KRK &#8211; VISI RAZREDI &#8211; DOPUNSKA SREDSTVA &#8211; 2023-24<\/a><\/p>\n<p><a href=\"http:\/\/osnovnaskolakrk.hr\/krk\/wp-content\/uploads\/MS-KRK-NIZI-RAZREDI-DOPUNSKA-SREDSTVA-2023-24.docx\">MS KRK &#8211; NI\u017dI RAZREDI &#8211; DOPUNSKA SREDSTVA &#8211; 2023-24<\/a><\/p>\n","protected":false},"excerpt":{"rendered":"<p>Sukladno odluci Ministarstva znanosti i obrazovanja za sve ud\u017ebenike obveznih i\u00a0 izbornih predmeta od prvog do osmog razreda sredstva se osiguravaju u dr\u017eavnom prora\u010dunu, a nabavu ud\u017ebenika provodi \u0161kola. Ve\u0107i dio ud\u017ebenika koji nisu radni naslje\u0111uje se od prethodnih generacija. Na tra\u017eenje roditelja prila\u017eemo i popis obvezatnih nastavnih sredstava. U\u010denici \u0107e ud\u017ebenike preuzeti u \u0161koli [&hellip;]<\/p>\n","protected":false},"author":18,"featured_media":0,"comment_status":"closed","ping_status":"closed","sticky":false,"template":"","format":"standard","meta":[],"categories":[1],"tags":[],"_links":{"self":[{"href":"http:\/\/osnovnaskolakrk.hr\/krk\/wp-json\/wp\/v2\/posts\/6428"}],"collection":[{"href":"http:\/\/osnovnaskolakrk.hr\/krk\/wp-json\/wp\/v2\/posts"}],"about":[{"href":"http:\/\/osnovnaskolakrk.hr\/krk\/wp-json\/wp\/v2\/types\/post"}],"author":[{"embeddable":true,"href":"http:\/\/osnovnaskolakrk.hr\/krk\/wp-json\/wp\/v2\/users\/18"}],"replies":[{"embeddable":true,"href":"http:\/\/osnovnaskolakrk.hr\/krk\/wp-json\/wp\/v2\/comments?post=6428"}],"version-history":[{"count":3,"href":"http:\/\/osnovnaskolakrk.hr\/krk\/wp-json\/wp\/v2\/posts\/6428\/revisions"}],"predecessor-version":[{"id":7175,"href":"http:\/\/osnovnaskolakrk.hr\/krk\/wp-json\/wp\/v2\/posts\/6428\/revisions\/7175"}],"wp:attachment":[{"href":"http:\/\/osnovnaskolakrk.hr\/krk\/wp-json\/wp\/v2\/media?parent=6428"}],"wp:term":[{"taxonomy":"category","embeddable":true,"href":"http:\/\/osnovnaskolakrk.hr\/krk\/wp-json\/wp\/v2\/categories?post=6428"},{"taxonomy":"post_tag","embeddable":true,"href":"http:\/\/osnovnaskolakrk.hr\/krk\/wp-json\/wp\/v2\/tags?post=6428"}],"curies":[{"name":"wp","href":"https:\/\/api.w.org\/{rel}","templated":true}]}}