{"id":6434,"date":"2023-07-09T05:16:06","date_gmt":"2023-07-09T05:16:06","guid":{"rendered":"http:\/\/osnovnaskolakrk.hr\/krk\/?p=6434"},"modified":"2023-07-09T05:16:06","modified_gmt":"2023-07-09T05:16:06","slug":"zavrsna-priredba-ucenika-osmih-razreda-ms-krk-7-srpnja-2023","status":"publish","type":"post","link":"http:\/\/osnovnaskolakrk.hr\/krk\/zavrsna-priredba-ucenika-osmih-razreda-ms-krk-7-srpnja-2023\/","title":{"rendered":"Zavr\u0161na priredba u\u010denika osmih razreda M\u0160 Krk, 7. srpnja 2023."},"content":{"rendered":"<p>Ovogodi\u0161nji opro\u0161taj \u201eosma\u0161a\u201c Osnovne \u0161kole \u201eFran Krsto Frankopan\u201c, M\u0160 Krk<br \/>\nodr\u017eao se na terasi ni\u017eih razreda \u0161kole &#8211; Sceni Zidine. Mnogobrojni u\u010ditelji, roditelji i<br \/>\n\u010dlanovi obitelji do\u0161li su podr\u017eati u\u010denike i u\u010denice 8.a i 8.b razreda.<\/p>\n<p>Okupljene su kroz program vodili Karlo Dmini\u0107, Luce Franin, Kristijan Pava\u010di\u0107 i<br \/>\nDorotea Stojakovi\u0107.<\/p>\n<p>Sve\u010danost je zapo\u010dela duetom na flautama koje su izvele u\u010denice Maja Vuku\u0161i\u0107 i<br \/>\nDorotea Stojakovi\u0107 (mentori prof. Barbara K\u0161enek i prof. Jurica Goja). Voditelji su se<br \/>\nprisjetili svojih uspomena kroz osmogodi\u0161nje \u0161kolovanje i svih \u201eavantura\u201c koje su<br \/>\ndo\u017eivjeli zajedno. U\u010denici su izveli svoje razredne himne u rap verziji pod<br \/>\nmentorstvom prof. Jurice Goja. Zahvalili su se svojim obiteljima i nastavnicima na<br \/>\npodr\u0161ci \u0161to su im pru\u017eali sve ove godine.<!--more--><\/p>\n<p>Zatim se okupljenima obratio ravnatelj \u0160kole Ser\u0111o Sambli\u0107. U svojem govoru je<br \/>\nistaknuo kako \u0107e dugo pamtiti ovu generaciju i kako mu je drago \u0161to su uspjeli<br \/>\nispuniti svoj potencijal i napredovati. \u010cestitao im je na uspje\u0161no zavr\u0161enom<br \/>\n\u0161kolovanju i odabiru programa srednje \u0161kole. Po zavr\u0161etku svog govora pozvao je<br \/>\ngradona\u010delnika Darija Vasili\u0107a da se obrati okupljenima koji je \u010destitao svima na<br \/>\nuspje\u0161no zavr\u0161enom osnovno\u0161kolskom obrazovanju i po\u017eelio im sve najbolje u<br \/>\ndaljnjem \u017eivotu i \u0161kolovanju.<br \/>\nUru\u010dio je nagrade u\u010denicima i u\u010denicima koji su postigli odli\u010dan uspjeh svih osam<br \/>\ngodina: Fran Brozi\u0107, Matija Bo\u017ei\u0107, Karlo Dmini\u0107, Lucija Jakovljevi\u0107, Anteo Muzurovi\u0107<br \/>\nJane\u0161, Elisabeth Ewurakua Prah, Ana Sta\u0161i\u0107 i Dorotea Stojakovi\u0107 u 8.a razredu.<br \/>\nNagra\u0111eni u\u010denici iz 8.b razreda su Luce Franin, Kiara Mi\u0161ta, Kristijan Pava\u010di\u0107,<br \/>\nJosipa Rubini\u0107 i Maja Vuku\u0161i\u0107.<\/p>\n<p>Ravnatelj je uru\u010dio nagradu u\u010denicima i u\u010denicama koji su osmi razred zavr\u0161ili s<br \/>\nprosjekom 4,8 ili vi\u0161e: u 8.a razredu Fran Brozi\u0107, Lucija Jakovljevi\u0107 i Anteo Muzurovi\u0107<br \/>\nJane\u0161; u 8.b razredu Luce Franin, Kristijan Pava\u010di\u0107 i Josipa Rubini\u0107.<br \/>\nOvogodi\u0161nji u\u010denik generacije, Anteo Muzurovi\u0107 Jane\u0161, nagra\u0111en je mobitelom za<br \/>\nsvoj uspjeh i uzorno vladanje.<\/p>\n<p>Razrednice Ines Jelenovi\u0107 i Sandra Krmpoti\u0107-Gr\u017ean\u010di\u0107 su uru\u010dile svjedod\u017ebe i<br \/>\npohvalnice svojim u\u010denicima i u\u010denicama te se zahvalile roditeljima na suradnji.<\/p>\n<p>Svojim u\u010denicima po\u017eeljele su puno uspjeha i sre\u0107e u daljnjem \u017eivotu. Njihovi u\u010denici<br \/>\nsu im zahvalili cvije\u0107em i govorima.<\/p>\n<p>Na kraju sve\u010danosti voditelji su se prisjetili osobe koja je obilje\u017eila njihovo \u0161kolovanje<br \/>\ni dotakla njihova srca a kojoj se ne mogu zahvaliti u\u017eivo, njihove biv\u0161e u\u010diteljice i<br \/>\nrazrednice 8.a razreda, Meri Gr\u0161kovi\u0107. Zahvalili su se na njenom nesebi\u010dnom<br \/>\npomaganju i podr\u0161ci te izrazili kako im nedostaje njena vesela narav i osmijeh s kojim<br \/>\nih je do\u010dekivala svakog dana.<\/p>\n<p>Nakon sve\u010danosti roditelji, u\u010ditelji i svi uzvanici su pozvani na dru\u017eenje i tortu.<\/p>\n<p><a href=\"http:\/\/osnovnaskolakrk.hr\/krk\/wp-content\/uploads\/o1-2.jpg\" data-rel=\"lightbox-image-0\" data-rl_title=\"\" data-rl_caption=\"\" title=\"\"><img loading=\"lazy\" class=\"alignnone size-medium wp-image-6436\" src=\"http:\/\/osnovnaskolakrk.hr\/krk\/wp-content\/uploads\/o1-2-300x122.jpg\" alt=\"\" width=\"300\" height=\"122\" srcset=\"http:\/\/osnovnaskolakrk.hr\/krk\/wp-content\/uploads\/o1-2-300x122.jpg 300w, http:\/\/osnovnaskolakrk.hr\/krk\/wp-content\/uploads\/o1-2-768x312.jpg 768w, http:\/\/osnovnaskolakrk.hr\/krk\/wp-content\/uploads\/o1-2-624x254.jpg 624w, http:\/\/osnovnaskolakrk.hr\/krk\/wp-content\/uploads\/o1-2.jpg 959w\" sizes=\"(max-width: 300px) 100vw, 300px\" \/><\/a> <a href=\"http:\/\/osnovnaskolakrk.hr\/krk\/wp-content\/uploads\/o2-2.jpg\" data-rel=\"lightbox-image-1\" data-rl_title=\"\" data-rl_caption=\"\" title=\"\"><img loading=\"lazy\" class=\"alignnone size-medium wp-image-6437\" src=\"http:\/\/osnovnaskolakrk.hr\/krk\/wp-content\/uploads\/o2-2-300x225.jpg\" alt=\"\" width=\"300\" height=\"225\" srcset=\"http:\/\/osnovnaskolakrk.hr\/krk\/wp-content\/uploads\/o2-2-300x225.jpg 300w, http:\/\/osnovnaskolakrk.hr\/krk\/wp-content\/uploads\/o2-2-1024x768.jpg 1024w, http:\/\/osnovnaskolakrk.hr\/krk\/wp-content\/uploads\/o2-2-768x576.jpg 768w, http:\/\/osnovnaskolakrk.hr\/krk\/wp-content\/uploads\/o2-2-1536x1152.jpg 1536w, http:\/\/osnovnaskolakrk.hr\/krk\/wp-content\/uploads\/o2-2-624x468.jpg 624w, http:\/\/osnovnaskolakrk.hr\/krk\/wp-content\/uploads\/o2-2.jpg 1600w\" sizes=\"(max-width: 300px) 100vw, 300px\" \/><\/a> <a href=\"http:\/\/osnovnaskolakrk.hr\/krk\/wp-content\/uploads\/o3-2.jpg\" data-rel=\"lightbox-image-2\" data-rl_title=\"\" data-rl_caption=\"\" title=\"\"><img loading=\"lazy\" class=\"alignnone size-medium wp-image-6438\" src=\"http:\/\/osnovnaskolakrk.hr\/krk\/wp-content\/uploads\/o3-2-300x140.jpg\" alt=\"\" width=\"300\" height=\"140\" srcset=\"http:\/\/osnovnaskolakrk.hr\/krk\/wp-content\/uploads\/o3-2-300x140.jpg 300w, http:\/\/osnovnaskolakrk.hr\/krk\/wp-content\/uploads\/o3-2-1024x477.jpg 1024w, http:\/\/osnovnaskolakrk.hr\/krk\/wp-content\/uploads\/o3-2-768x357.jpg 768w, http:\/\/osnovnaskolakrk.hr\/krk\/wp-content\/uploads\/o3-2-1536x715.jpg 1536w, http:\/\/osnovnaskolakrk.hr\/krk\/wp-content\/uploads\/o3-2-624x290.jpg 624w, http:\/\/osnovnaskolakrk.hr\/krk\/wp-content\/uploads\/o3-2.jpg 1592w\" sizes=\"(max-width: 300px) 100vw, 300px\" \/><\/a> <a href=\"http:\/\/osnovnaskolakrk.hr\/krk\/wp-content\/uploads\/o4-2.jpg\" data-rel=\"lightbox-image-3\" data-rl_title=\"\" data-rl_caption=\"\" title=\"\"><img loading=\"lazy\" class=\"alignnone size-medium wp-image-6439\" src=\"http:\/\/osnovnaskolakrk.hr\/krk\/wp-content\/uploads\/o4-2-225x300.jpg\" alt=\"\" width=\"225\" height=\"300\" srcset=\"http:\/\/osnovnaskolakrk.hr\/krk\/wp-content\/uploads\/o4-2-225x300.jpg 225w, http:\/\/osnovnaskolakrk.hr\/krk\/wp-content\/uploads\/o4-2-768x1024.jpg 768w, http:\/\/osnovnaskolakrk.hr\/krk\/wp-content\/uploads\/o4-2-1152x1536.jpg 1152w, http:\/\/osnovnaskolakrk.hr\/krk\/wp-content\/uploads\/o4-2-624x832.jpg 624w, http:\/\/osnovnaskolakrk.hr\/krk\/wp-content\/uploads\/o4-2.jpg 1200w\" sizes=\"(max-width: 225px) 100vw, 225px\" \/><\/a> <a href=\"http:\/\/osnovnaskolakrk.hr\/krk\/wp-content\/uploads\/o6-2.jpg\" data-rel=\"lightbox-image-4\" data-rl_title=\"\" data-rl_caption=\"\" title=\"\"><img loading=\"lazy\" class=\"alignnone size-medium wp-image-6440\" src=\"http:\/\/osnovnaskolakrk.hr\/krk\/wp-content\/uploads\/o6-2-225x300.jpg\" alt=\"\" width=\"225\" height=\"300\" srcset=\"http:\/\/osnovnaskolakrk.hr\/krk\/wp-content\/uploads\/o6-2-225x300.jpg 225w, http:\/\/osnovnaskolakrk.hr\/krk\/wp-content\/uploads\/o6-2-768x1024.jpg 768w, http:\/\/osnovnaskolakrk.hr\/krk\/wp-content\/uploads\/o6-2-1152x1536.jpg 1152w, http:\/\/osnovnaskolakrk.hr\/krk\/wp-content\/uploads\/o6-2-624x832.jpg 624w, http:\/\/osnovnaskolakrk.hr\/krk\/wp-content\/uploads\/o6-2.jpg 1200w\" sizes=\"(max-width: 225px) 100vw, 225px\" \/><\/a> <a href=\"http:\/\/osnovnaskolakrk.hr\/krk\/wp-content\/uploads\/o7-2.jpg\" data-rel=\"lightbox-image-5\" data-rl_title=\"\" data-rl_caption=\"\" title=\"\"><img loading=\"lazy\" class=\"alignnone size-medium wp-image-6441\" src=\"http:\/\/osnovnaskolakrk.hr\/krk\/wp-content\/uploads\/o7-2-300x143.jpg\" alt=\"\" width=\"300\" height=\"143\" srcset=\"http:\/\/osnovnaskolakrk.hr\/krk\/wp-content\/uploads\/o7-2-300x143.jpg 300w, http:\/\/osnovnaskolakrk.hr\/krk\/wp-content\/uploads\/o7-2-1024x488.jpg 1024w, http:\/\/osnovnaskolakrk.hr\/krk\/wp-content\/uploads\/o7-2-768x366.jpg 768w, http:\/\/osnovnaskolakrk.hr\/krk\/wp-content\/uploads\/o7-2-1536x732.jpg 1536w, http:\/\/osnovnaskolakrk.hr\/krk\/wp-content\/uploads\/o7-2-624x297.jpg 624w, http:\/\/osnovnaskolakrk.hr\/krk\/wp-content\/uploads\/o7-2.jpg 1591w\" sizes=\"(max-width: 300px) 100vw, 300px\" \/><\/a> <a href=\"http:\/\/osnovnaskolakrk.hr\/krk\/wp-content\/uploads\/o8-2.jpg\" data-rel=\"lightbox-image-6\" data-rl_title=\"\" data-rl_caption=\"\" title=\"\"><img loading=\"lazy\" class=\"alignnone size-medium wp-image-6442\" src=\"http:\/\/osnovnaskolakrk.hr\/krk\/wp-content\/uploads\/o8-2-225x300.jpg\" alt=\"\" width=\"225\" height=\"300\" srcset=\"http:\/\/osnovnaskolakrk.hr\/krk\/wp-content\/uploads\/o8-2-225x300.jpg 225w, http:\/\/osnovnaskolakrk.hr\/krk\/wp-content\/uploads\/o8-2-768x1024.jpg 768w, http:\/\/osnovnaskolakrk.hr\/krk\/wp-content\/uploads\/o8-2-1152x1536.jpg 1152w, http:\/\/osnovnaskolakrk.hr\/krk\/wp-content\/uploads\/o8-2-624x832.jpg 624w, http:\/\/osnovnaskolakrk.hr\/krk\/wp-content\/uploads\/o8-2.jpg 1200w\" sizes=\"(max-width: 225px) 100vw, 225px\" \/><\/a> <a href=\"http:\/\/osnovnaskolakrk.hr\/krk\/wp-content\/uploads\/o9-2.jpg\" data-rel=\"lightbox-image-7\" data-rl_title=\"\" data-rl_caption=\"\" title=\"\"><img loading=\"lazy\" class=\"alignnone size-medium wp-image-6443\" src=\"http:\/\/osnovnaskolakrk.hr\/krk\/wp-content\/uploads\/o9-2-300x168.jpg\" alt=\"\" width=\"300\" height=\"168\" srcset=\"http:\/\/osnovnaskolakrk.hr\/krk\/wp-content\/uploads\/o9-2-300x168.jpg 300w, http:\/\/osnovnaskolakrk.hr\/krk\/wp-content\/uploads\/o9-2-1024x572.jpg 1024w, http:\/\/osnovnaskolakrk.hr\/krk\/wp-content\/uploads\/o9-2-768x429.jpg 768w, http:\/\/osnovnaskolakrk.hr\/krk\/wp-content\/uploads\/o9-2-1536x858.jpg 1536w, http:\/\/osnovnaskolakrk.hr\/krk\/wp-content\/uploads\/o9-2-624x349.jpg 624w, http:\/\/osnovnaskolakrk.hr\/krk\/wp-content\/uploads\/o9-2.jpg 1591w\" sizes=\"(max-width: 300px) 100vw, 300px\" \/><\/a> <a href=\"http:\/\/osnovnaskolakrk.hr\/krk\/wp-content\/uploads\/o10-1.jpg\" data-rel=\"lightbox-image-8\" data-rl_title=\"\" data-rl_caption=\"\" title=\"\"><img loading=\"lazy\" class=\"alignnone size-medium wp-image-6444\" src=\"http:\/\/osnovnaskolakrk.hr\/krk\/wp-content\/uploads\/o10-1-300x114.jpg\" alt=\"\" width=\"300\" height=\"114\" srcset=\"http:\/\/osnovnaskolakrk.hr\/krk\/wp-content\/uploads\/o10-1-300x114.jpg 300w, http:\/\/osnovnaskolakrk.hr\/krk\/wp-content\/uploads\/o10-1-1024x388.jpg 1024w, http:\/\/osnovnaskolakrk.hr\/krk\/wp-content\/uploads\/o10-1-768x291.jpg 768w, http:\/\/osnovnaskolakrk.hr\/krk\/wp-content\/uploads\/o10-1-1536x582.jpg 1536w, http:\/\/osnovnaskolakrk.hr\/krk\/wp-content\/uploads\/o10-1-624x236.jpg 624w, http:\/\/osnovnaskolakrk.hr\/krk\/wp-content\/uploads\/o10-1.jpg 1598w\" sizes=\"(max-width: 300px) 100vw, 300px\" \/><\/a> <a href=\"http:\/\/osnovnaskolakrk.hr\/krk\/wp-content\/uploads\/o11-2.jpg\" data-rel=\"lightbox-image-9\" data-rl_title=\"\" data-rl_caption=\"\" title=\"\"><img loading=\"lazy\" class=\"alignnone size-medium wp-image-6445\" src=\"http:\/\/osnovnaskolakrk.hr\/krk\/wp-content\/uploads\/o11-2-262x300.jpg\" alt=\"\" width=\"262\" height=\"300\" srcset=\"http:\/\/osnovnaskolakrk.hr\/krk\/wp-content\/uploads\/o11-2-262x300.jpg 262w, http:\/\/osnovnaskolakrk.hr\/krk\/wp-content\/uploads\/o11-2-895x1024.jpg 895w, http:\/\/osnovnaskolakrk.hr\/krk\/wp-content\/uploads\/o11-2-768x879.jpg 768w, http:\/\/osnovnaskolakrk.hr\/krk\/wp-content\/uploads\/o11-2-624x714.jpg 624w, http:\/\/osnovnaskolakrk.hr\/krk\/wp-content\/uploads\/o11-2.jpg 1048w\" sizes=\"(max-width: 262px) 100vw, 262px\" \/><\/a> <a href=\"http:\/\/osnovnaskolakrk.hr\/krk\/wp-content\/uploads\/o12-3.jpg\" data-rel=\"lightbox-image-10\" data-rl_title=\"\" data-rl_caption=\"\" title=\"\"><img loading=\"lazy\" class=\"alignnone size-medium wp-image-6446\" src=\"http:\/\/osnovnaskolakrk.hr\/krk\/wp-content\/uploads\/o12-3-300x225.jpg\" alt=\"\" width=\"300\" height=\"225\" srcset=\"http:\/\/osnovnaskolakrk.hr\/krk\/wp-content\/uploads\/o12-3-300x225.jpg 300w, http:\/\/osnovnaskolakrk.hr\/krk\/wp-content\/uploads\/o12-3-1024x768.jpg 1024w, http:\/\/osnovnaskolakrk.hr\/krk\/wp-content\/uploads\/o12-3-768x576.jpg 768w, http:\/\/osnovnaskolakrk.hr\/krk\/wp-content\/uploads\/o12-3-1536x1152.jpg 1536w, http:\/\/osnovnaskolakrk.hr\/krk\/wp-content\/uploads\/o12-3-624x468.jpg 624w, http:\/\/osnovnaskolakrk.hr\/krk\/wp-content\/uploads\/o12-3.jpg 1600w\" sizes=\"(max-width: 300px) 100vw, 300px\" \/><\/a> <a href=\"http:\/\/osnovnaskolakrk.hr\/krk\/wp-content\/uploads\/o13-2.jpg\" data-rel=\"lightbox-image-11\" data-rl_title=\"\" data-rl_caption=\"\" title=\"\"><img loading=\"lazy\" class=\"alignnone size-medium wp-image-6447\" src=\"http:\/\/osnovnaskolakrk.hr\/krk\/wp-content\/uploads\/o13-2-278x300.jpg\" alt=\"\" width=\"278\" height=\"300\" srcset=\"http:\/\/osnovnaskolakrk.hr\/krk\/wp-content\/uploads\/o13-2-278x300.jpg 278w, http:\/\/osnovnaskolakrk.hr\/krk\/wp-content\/uploads\/o13-2-947x1024.jpg 947w, http:\/\/osnovnaskolakrk.hr\/krk\/wp-content\/uploads\/o13-2-768x830.jpg 768w, http:\/\/osnovnaskolakrk.hr\/krk\/wp-content\/uploads\/o13-2-624x675.jpg 624w, http:\/\/osnovnaskolakrk.hr\/krk\/wp-content\/uploads\/o13-2.jpg 1184w\" sizes=\"(max-width: 278px) 100vw, 278px\" \/><\/a> <a href=\"http:\/\/osnovnaskolakrk.hr\/krk\/wp-content\/uploads\/o14-1.jpg\" data-rel=\"lightbox-image-12\" data-rl_title=\"\" data-rl_caption=\"\" title=\"\"><img loading=\"lazy\" class=\"alignnone size-medium wp-image-6448\" src=\"http:\/\/osnovnaskolakrk.hr\/krk\/wp-content\/uploads\/o14-1-300x225.jpg\" alt=\"\" width=\"300\" height=\"225\" srcset=\"http:\/\/osnovnaskolakrk.hr\/krk\/wp-content\/uploads\/o14-1-300x225.jpg 300w, http:\/\/osnovnaskolakrk.hr\/krk\/wp-content\/uploads\/o14-1-1024x768.jpg 1024w, http:\/\/osnovnaskolakrk.hr\/krk\/wp-content\/uploads\/o14-1-768x576.jpg 768w, http:\/\/osnovnaskolakrk.hr\/krk\/wp-content\/uploads\/o14-1-1536x1152.jpg 1536w, http:\/\/osnovnaskolakrk.hr\/krk\/wp-content\/uploads\/o14-1-624x468.jpg 624w, http:\/\/osnovnaskolakrk.hr\/krk\/wp-content\/uploads\/o14-1.jpg 1600w\" sizes=\"(max-width: 300px) 100vw, 300px\" \/><\/a> <a href=\"http:\/\/osnovnaskolakrk.hr\/krk\/wp-content\/uploads\/o15-1.jpg\" data-rel=\"lightbox-image-13\" data-rl_title=\"\" data-rl_caption=\"\" title=\"\"><img loading=\"lazy\" class=\"alignnone size-medium wp-image-6449\" src=\"http:\/\/osnovnaskolakrk.hr\/krk\/wp-content\/uploads\/o15-1-300x207.jpg\" alt=\"\" width=\"300\" height=\"207\" srcset=\"http:\/\/osnovnaskolakrk.hr\/krk\/wp-content\/uploads\/o15-1-300x207.jpg 300w, http:\/\/osnovnaskolakrk.hr\/krk\/wp-content\/uploads\/o15-1-1024x707.jpg 1024w, http:\/\/osnovnaskolakrk.hr\/krk\/wp-content\/uploads\/o15-1-768x530.jpg 768w, http:\/\/osnovnaskolakrk.hr\/krk\/wp-content\/uploads\/o15-1-624x431.jpg 624w, http:\/\/osnovnaskolakrk.hr\/krk\/wp-content\/uploads\/o15-1.jpg 1182w\" sizes=\"(max-width: 300px) 100vw, 300px\" \/><\/a> <a href=\"http:\/\/osnovnaskolakrk.hr\/krk\/wp-content\/uploads\/o16-1.jpg\" data-rel=\"lightbox-image-14\" data-rl_title=\"\" data-rl_caption=\"\" title=\"\"><img loading=\"lazy\" class=\"alignnone size-medium wp-image-6450\" src=\"http:\/\/osnovnaskolakrk.hr\/krk\/wp-content\/uploads\/o16-1-225x300.jpg\" alt=\"\" width=\"225\" height=\"300\" srcset=\"http:\/\/osnovnaskolakrk.hr\/krk\/wp-content\/uploads\/o16-1-225x300.jpg 225w, http:\/\/osnovnaskolakrk.hr\/krk\/wp-content\/uploads\/o16-1-768x1024.jpg 768w, http:\/\/osnovnaskolakrk.hr\/krk\/wp-content\/uploads\/o16-1-1152x1536.jpg 1152w, http:\/\/osnovnaskolakrk.hr\/krk\/wp-content\/uploads\/o16-1-624x832.jpg 624w, http:\/\/osnovnaskolakrk.hr\/krk\/wp-content\/uploads\/o16-1.jpg 1200w\" sizes=\"(max-width: 225px) 100vw, 225px\" \/><\/a> <a href=\"http:\/\/osnovnaskolakrk.hr\/krk\/wp-content\/uploads\/o17-2.jpg\" data-rel=\"lightbox-image-15\" data-rl_title=\"\" data-rl_caption=\"\" title=\"\"><img loading=\"lazy\" class=\"alignnone size-medium wp-image-6451\" src=\"http:\/\/osnovnaskolakrk.hr\/krk\/wp-content\/uploads\/o17-2-300x225.jpg\" alt=\"\" width=\"300\" height=\"225\" srcset=\"http:\/\/osnovnaskolakrk.hr\/krk\/wp-content\/uploads\/o17-2-300x225.jpg 300w, http:\/\/osnovnaskolakrk.hr\/krk\/wp-content\/uploads\/o17-2-1024x768.jpg 1024w, http:\/\/osnovnaskolakrk.hr\/krk\/wp-content\/uploads\/o17-2-768x576.jpg 768w, http:\/\/osnovnaskolakrk.hr\/krk\/wp-content\/uploads\/o17-2-1536x1152.jpg 1536w, http:\/\/osnovnaskolakrk.hr\/krk\/wp-content\/uploads\/o17-2-624x468.jpg 624w, http:\/\/osnovnaskolakrk.hr\/krk\/wp-content\/uploads\/o17-2.jpg 1600w\" sizes=\"(max-width: 300px) 100vw, 300px\" \/><\/a><\/p>\n","protected":false},"excerpt":{"rendered":"<p>Ovogodi\u0161nji opro\u0161taj \u201eosma\u0161a\u201c Osnovne \u0161kole \u201eFran Krsto Frankopan\u201c, M\u0160 Krk odr\u017eao se na terasi ni\u017eih razreda \u0161kole &#8211; Sceni Zidine. Mnogobrojni u\u010ditelji, roditelji i \u010dlanovi obitelji do\u0161li su podr\u017eati u\u010denike i u\u010denice 8.a i 8.b razreda. Okupljene su kroz program vodili Karlo Dmini\u0107, Luce Franin, Kristijan Pava\u010di\u0107 i Dorotea Stojakovi\u0107. Sve\u010danost je zapo\u010dela duetom na [&hellip;]<\/p>\n","protected":false},"author":18,"featured_media":6435,"comment_status":"closed","ping_status":"closed","sticky":false,"template":"","format":"standard","meta":[],"categories":[1],"tags":[],"_links":{"self":[{"href":"http:\/\/osnovnaskolakrk.hr\/krk\/wp-json\/wp\/v2\/posts\/6434"}],"collection":[{"href":"http:\/\/osnovnaskolakrk.hr\/krk\/wp-json\/wp\/v2\/posts"}],"about":[{"href":"http:\/\/osnovnaskolakrk.hr\/krk\/wp-json\/wp\/v2\/types\/post"}],"author":[{"embeddable":true,"href":"http:\/\/osnovnaskolakrk.hr\/krk\/wp-json\/wp\/v2\/users\/18"}],"replies":[{"embeddable":true,"href":"http:\/\/osnovnaskolakrk.hr\/krk\/wp-json\/wp\/v2\/comments?post=6434"}],"version-history":[{"count":1,"href":"http:\/\/osnovnaskolakrk.hr\/krk\/wp-json\/wp\/v2\/posts\/6434\/revisions"}],"predecessor-version":[{"id":6452,"href":"http:\/\/osnovnaskolakrk.hr\/krk\/wp-json\/wp\/v2\/posts\/6434\/revisions\/6452"}],"wp:featuredmedia":[{"embeddable":true,"href":"http:\/\/osnovnaskolakrk.hr\/krk\/wp-json\/wp\/v2\/media\/6435"}],"wp:attachment":[{"href":"http:\/\/osnovnaskolakrk.hr\/krk\/wp-json\/wp\/v2\/media?parent=6434"}],"wp:term":[{"taxonomy":"category","embeddable":true,"href":"http:\/\/osnovnaskolakrk.hr\/krk\/wp-json\/wp\/v2\/categories?post=6434"},{"taxonomy":"post_tag","embeddable":true,"href":"http:\/\/osnovnaskolakrk.hr\/krk\/wp-json\/wp\/v2\/tags?post=6434"}],"curies":[{"name":"wp","href":"https:\/\/api.w.org\/{rel}","templated":true}]}}