{"id":6454,"date":"2023-07-14T12:36:06","date_gmt":"2023-07-14T12:36:06","guid":{"rendered":"http:\/\/osnovnaskolakrk.hr\/krk\/?p=6454"},"modified":"2023-07-14T12:36:06","modified_gmt":"2023-07-14T12:36:06","slug":"zavrsen-ovogodisnji-vjeronaucni-kamp-2023","status":"publish","type":"post","link":"http:\/\/osnovnaskolakrk.hr\/krk\/zavrsen-ovogodisnji-vjeronaucni-kamp-2023\/","title":{"rendered":"ZAVR\u0160EN OVOGODI\u0160NJI VJERONAU\u010cNI KAMP 2023."},"content":{"rendered":"<p>Nakon zavr\u0161etka nastavne godine, za djecu osnovne \u0161kole u Krku organiziran je vjeronau\u010dni<br \/>\nkamp na \u017eupnom dobru \u201eOaza kraljice mira\u201c. Bio je to 27. kamp po redu koji se organizira u<br \/>\nsuradnji sa \u017eupom Krk. Prethodile su prijave, a zatim slaganje grupa. Tako je ovogodi\u0161nji<br \/>\nvjeronau\u010dni kamp zapo\u010deo 22. lipnja, a zavr\u0161io 13. srpnja. U tom je razdoblju sudjelovalo<br \/>\n170 djece raspore\u0111enih u 8 grupa, od zavr\u0161enog 1. do 7. razreda. Rad kampa odvijao se<br \/>\ntijekom dana, te je bio ispunjen razli\u010ditim aktivnostima kroz koje su djeca imala priliku rasti u<br \/>\nzajedni\u0161tvu i vjeri. <!--more-->Na\u0161a je \u201eOaza\u201c tijekom ovog ljetovanja bila ispunjena cvrkutom ne samo<br \/>\nptica iz \u0161ume koja nas okru\u017euje, ve\u0107 i cvrkutom veselih dje\u010djih glasova koji su i kroz pjesmu<br \/>\nizra\u017eavali svoju radost. Iz dana u dan otkrivali smo Bo\u017eju blizinu kroz molitvu, sv. misu,<br \/>\nispovijed, kroz igru, zabavu i dru\u017eenje. Bilo je tu zanimljivih kateheza i motivacijskih igara.<br \/>\nPosljednja grupa koja je u Oazi boravila bila su djeca zavr\u0161enog 7. razreda. Njihov je boravak<br \/>\npo ne\u010demu ipak bio poseban. U suradnji sa Robijem Brozi\u0107em iz Caritasa biskupije Krk ,<br \/>\norganiziran je odlazak u dom umirovljenika Mali Kartec. Tako su se sedma\u0161i \u2013 budu\u0107i<br \/>\nkrizmanici, imali prilike dru\u017eiti se sa korisnicima Doma. Zajedno smo se igrali, pjevali, pru\u017eili<br \/>\nsvoju ruku u branju lavande i pakiranju mirisnih paketi\u0107a. Bilo je tu i ugodnih razgovora. Kad<br \/>\nje dru\u017eenje zavr\u0161ilo, zaista smo se mogli zapitati tko je u ovom susretu vi\u0161e primio, a tko dao.<br \/>\nJer djeca su posvjedo\u010dila da ih je ovaj susret obogatio i ispunio. I dok smo se s nekom<br \/>\ntoplinom u srcu vra\u0107ali prema Oazi, po\u017eeljeli smo da ovo ne bude zadnji ovakav susret, nego<br \/>\nda ih bude jo\u0161.<br \/>\nDa bi ovogodi\u0161nja \u201eOaza\u201c mogla biti ovako organizirana, prethodila je priprema Oaze u kojoj<br \/>\nsu sudjelovali i roditelji djece koja su boravila u \u201cOazi\u201c. Tijekom boravka u Oazi o djeci su se<br \/>\nbrinule vjerou\u010diteljice Mirjana i Vesna, a u jednom dijelu ljetovanja su se pridru\u017eili i svoje<br \/>\nsnage dali na raspolaganje student Antonio Jure\u0161i\u0107 i u\u010ditelji Jurica i Lucija Goja. Svaka grupa<br \/>\nu \u201eOazi\u201c je imala i sv. misu koju je predvodio upravitelj \u017eupe Krk pre\u010d. Franjo Vel\u010di\u0107, a bio je<br \/>\ntu i pre\u010d. Anton Toljani\u0107 koji je bio na raspolaganju za sv. Ispovijed.<br \/>\nDa bi se u \u201eOazi\u201c mogle odvijati sve ove aktivnosti bile su tu i kuharice Marina i Davorka koje<br \/>\nsu pripremile puno ukusnih obroka, te sedma\u0161i Katarina, Mare i Bla\u017e koji su nesebi\u010dno dali<br \/>\nsvoje vrijeme poma\u017eu\u0107i u svemu \u0161to je bilo potrebno. Ove godine na\u0161 \u017eupnik Anton Valkovi\u0107<br \/>\nzbog svoje bolesti na\u017ealost nije bio sa nama. Razveselili smo se njegovom posjetu i po\u017eeljeli<br \/>\nmu brz oporavak. Zahvalili smo mu za organizaciju pro\u0161logodi\u0161njih ljetovanja.<br \/>\nVjerujemo da je i ovogodi\u0161nji vjeronau\u010dni kamp pridonio ispunjavanju slobodnog vremena<br \/>\nkojeg djeca tijekom ljeta imaju puno vi\u0161e nego tijekom ostalog dijela godine, te da je bio<br \/>\npoticaj za kvalitetnije organiziranje vremena za ostatak ljeta koje je pred nama. Zahvalni<br \/>\nsvima koji su omogu\u0107ili ovo ljetovanje nadamo se novim susretima u na\u0161oj \u201eOazi\u201c.<\/p>\n<p>vjerou\u010diteljica Vesna<\/p>\n<p><a href=\"http:\/\/osnovnaskolakrk.hr\/krk\/wp-content\/uploads\/o1-3-scaled.jpg\" data-rel=\"lightbox-image-0\" data-rl_title=\"\" data-rl_caption=\"\" title=\"\"><img loading=\"lazy\" class=\"alignnone size-medium wp-image-6456\" src=\"http:\/\/osnovnaskolakrk.hr\/krk\/wp-content\/uploads\/o1-3-300x225.jpg\" alt=\"\" width=\"300\" height=\"225\" srcset=\"http:\/\/osnovnaskolakrk.hr\/krk\/wp-content\/uploads\/o1-3-300x225.jpg 300w, http:\/\/osnovnaskolakrk.hr\/krk\/wp-content\/uploads\/o1-3-1024x768.jpg 1024w, http:\/\/osnovnaskolakrk.hr\/krk\/wp-content\/uploads\/o1-3-768x576.jpg 768w, http:\/\/osnovnaskolakrk.hr\/krk\/wp-content\/uploads\/o1-3-1536x1152.jpg 1536w, http:\/\/osnovnaskolakrk.hr\/krk\/wp-content\/uploads\/o1-3-2048x1536.jpg 2048w, http:\/\/osnovnaskolakrk.hr\/krk\/wp-content\/uploads\/o1-3-624x468.jpg 624w\" sizes=\"(max-width: 300px) 100vw, 300px\" \/><\/a> <a href=\"http:\/\/osnovnaskolakrk.hr\/krk\/wp-content\/uploads\/o2-3-scaled.jpg\" data-rel=\"lightbox-image-1\" data-rl_title=\"\" data-rl_caption=\"\" title=\"\"><img loading=\"lazy\" class=\"alignnone size-medium wp-image-6457\" src=\"http:\/\/osnovnaskolakrk.hr\/krk\/wp-content\/uploads\/o2-3-300x225.jpg\" alt=\"\" width=\"300\" height=\"225\" srcset=\"http:\/\/osnovnaskolakrk.hr\/krk\/wp-content\/uploads\/o2-3-300x225.jpg 300w, http:\/\/osnovnaskolakrk.hr\/krk\/wp-content\/uploads\/o2-3-1024x768.jpg 1024w, http:\/\/osnovnaskolakrk.hr\/krk\/wp-content\/uploads\/o2-3-768x576.jpg 768w, http:\/\/osnovnaskolakrk.hr\/krk\/wp-content\/uploads\/o2-3-1536x1152.jpg 1536w, http:\/\/osnovnaskolakrk.hr\/krk\/wp-content\/uploads\/o2-3-2048x1536.jpg 2048w, http:\/\/osnovnaskolakrk.hr\/krk\/wp-content\/uploads\/o2-3-624x468.jpg 624w\" sizes=\"(max-width: 300px) 100vw, 300px\" \/><\/a> <a href=\"http:\/\/osnovnaskolakrk.hr\/krk\/wp-content\/uploads\/o3-3-scaled.jpg\" data-rel=\"lightbox-image-2\" data-rl_title=\"\" data-rl_caption=\"\" title=\"\"><img loading=\"lazy\" class=\"alignnone size-medium wp-image-6458\" src=\"http:\/\/osnovnaskolakrk.hr\/krk\/wp-content\/uploads\/o3-3-300x225.jpg\" alt=\"\" width=\"300\" height=\"225\" srcset=\"http:\/\/osnovnaskolakrk.hr\/krk\/wp-content\/uploads\/o3-3-300x225.jpg 300w, http:\/\/osnovnaskolakrk.hr\/krk\/wp-content\/uploads\/o3-3-1024x768.jpg 1024w, http:\/\/osnovnaskolakrk.hr\/krk\/wp-content\/uploads\/o3-3-768x576.jpg 768w, http:\/\/osnovnaskolakrk.hr\/krk\/wp-content\/uploads\/o3-3-1536x1152.jpg 1536w, http:\/\/osnovnaskolakrk.hr\/krk\/wp-content\/uploads\/o3-3-2048x1536.jpg 2048w, http:\/\/osnovnaskolakrk.hr\/krk\/wp-content\/uploads\/o3-3-624x468.jpg 624w\" sizes=\"(max-width: 300px) 100vw, 300px\" \/><\/a> <a href=\"http:\/\/osnovnaskolakrk.hr\/krk\/wp-content\/uploads\/o4-3-scaled.jpg\" data-rel=\"lightbox-image-3\" data-rl_title=\"\" data-rl_caption=\"\" title=\"\"><img loading=\"lazy\" class=\"alignnone size-medium wp-image-6459\" src=\"http:\/\/osnovnaskolakrk.hr\/krk\/wp-content\/uploads\/o4-3-300x169.jpg\" alt=\"\" width=\"300\" height=\"169\" srcset=\"http:\/\/osnovnaskolakrk.hr\/krk\/wp-content\/uploads\/o4-3-300x169.jpg 300w, http:\/\/osnovnaskolakrk.hr\/krk\/wp-content\/uploads\/o4-3-1024x578.jpg 1024w, http:\/\/osnovnaskolakrk.hr\/krk\/wp-content\/uploads\/o4-3-768x433.jpg 768w, http:\/\/osnovnaskolakrk.hr\/krk\/wp-content\/uploads\/o4-3-1536x866.jpg 1536w, http:\/\/osnovnaskolakrk.hr\/krk\/wp-content\/uploads\/o4-3-2048x1155.jpg 2048w, http:\/\/osnovnaskolakrk.hr\/krk\/wp-content\/uploads\/o4-3-624x352.jpg 624w\" sizes=\"(max-width: 300px) 100vw, 300px\" \/><\/a> <a href=\"http:\/\/osnovnaskolakrk.hr\/krk\/wp-content\/uploads\/o5-2-scaled.jpg\" data-rel=\"lightbox-image-4\" data-rl_title=\"\" data-rl_caption=\"\" title=\"\"><img loading=\"lazy\" class=\"alignnone size-medium wp-image-6460\" src=\"http:\/\/osnovnaskolakrk.hr\/krk\/wp-content\/uploads\/o5-2-300x225.jpg\" alt=\"\" width=\"300\" height=\"225\" srcset=\"http:\/\/osnovnaskolakrk.hr\/krk\/wp-content\/uploads\/o5-2-300x225.jpg 300w, http:\/\/osnovnaskolakrk.hr\/krk\/wp-content\/uploads\/o5-2-1024x768.jpg 1024w, http:\/\/osnovnaskolakrk.hr\/krk\/wp-content\/uploads\/o5-2-768x576.jpg 768w, http:\/\/osnovnaskolakrk.hr\/krk\/wp-content\/uploads\/o5-2-1536x1152.jpg 1536w, http:\/\/osnovnaskolakrk.hr\/krk\/wp-content\/uploads\/o5-2-2048x1536.jpg 2048w, http:\/\/osnovnaskolakrk.hr\/krk\/wp-content\/uploads\/o5-2-624x468.jpg 624w\" sizes=\"(max-width: 300px) 100vw, 300px\" \/><\/a> <a href=\"http:\/\/osnovnaskolakrk.hr\/krk\/wp-content\/uploads\/o6-3-scaled.jpg\" data-rel=\"lightbox-image-5\" data-rl_title=\"\" data-rl_caption=\"\" title=\"\"><img loading=\"lazy\" class=\"alignnone size-medium wp-image-6461\" src=\"http:\/\/osnovnaskolakrk.hr\/krk\/wp-content\/uploads\/o6-3-300x169.jpg\" alt=\"\" width=\"300\" height=\"169\" srcset=\"http:\/\/osnovnaskolakrk.hr\/krk\/wp-content\/uploads\/o6-3-300x169.jpg 300w, http:\/\/osnovnaskolakrk.hr\/krk\/wp-content\/uploads\/o6-3-1024x576.jpg 1024w, http:\/\/osnovnaskolakrk.hr\/krk\/wp-content\/uploads\/o6-3-768x432.jpg 768w, http:\/\/osnovnaskolakrk.hr\/krk\/wp-content\/uploads\/o6-3-1536x864.jpg 1536w, http:\/\/osnovnaskolakrk.hr\/krk\/wp-content\/uploads\/o6-3-2048x1152.jpg 2048w, http:\/\/osnovnaskolakrk.hr\/krk\/wp-content\/uploads\/o6-3-624x351.jpg 624w\" sizes=\"(max-width: 300px) 100vw, 300px\" \/><\/a> <a href=\"http:\/\/osnovnaskolakrk.hr\/krk\/wp-content\/uploads\/o7-3-scaled.jpg\" data-rel=\"lightbox-image-6\" data-rl_title=\"\" data-rl_caption=\"\" title=\"\"><img loading=\"lazy\" class=\"alignnone size-medium wp-image-6462\" src=\"http:\/\/osnovnaskolakrk.hr\/krk\/wp-content\/uploads\/o7-3-300x225.jpg\" alt=\"\" width=\"300\" height=\"225\" srcset=\"http:\/\/osnovnaskolakrk.hr\/krk\/wp-content\/uploads\/o7-3-300x225.jpg 300w, http:\/\/osnovnaskolakrk.hr\/krk\/wp-content\/uploads\/o7-3-1024x768.jpg 1024w, http:\/\/osnovnaskolakrk.hr\/krk\/wp-content\/uploads\/o7-3-768x576.jpg 768w, http:\/\/osnovnaskolakrk.hr\/krk\/wp-content\/uploads\/o7-3-1536x1152.jpg 1536w, http:\/\/osnovnaskolakrk.hr\/krk\/wp-content\/uploads\/o7-3-2048x1536.jpg 2048w, http:\/\/osnovnaskolakrk.hr\/krk\/wp-content\/uploads\/o7-3-624x468.jpg 624w\" sizes=\"(max-width: 300px) 100vw, 300px\" \/><\/a> <a href=\"http:\/\/osnovnaskolakrk.hr\/krk\/wp-content\/uploads\/o8-3-scaled.jpg\" data-rel=\"lightbox-image-7\" data-rl_title=\"\" data-rl_caption=\"\" title=\"\"><img loading=\"lazy\" class=\"alignnone size-medium wp-image-6463\" src=\"http:\/\/osnovnaskolakrk.hr\/krk\/wp-content\/uploads\/o8-3-300x225.jpg\" alt=\"\" width=\"300\" height=\"225\" srcset=\"http:\/\/osnovnaskolakrk.hr\/krk\/wp-content\/uploads\/o8-3-300x225.jpg 300w, http:\/\/osnovnaskolakrk.hr\/krk\/wp-content\/uploads\/o8-3-1024x768.jpg 1024w, http:\/\/osnovnaskolakrk.hr\/krk\/wp-content\/uploads\/o8-3-768x576.jpg 768w, http:\/\/osnovnaskolakrk.hr\/krk\/wp-content\/uploads\/o8-3-1536x1152.jpg 1536w, http:\/\/osnovnaskolakrk.hr\/krk\/wp-content\/uploads\/o8-3-2048x1536.jpg 2048w, http:\/\/osnovnaskolakrk.hr\/krk\/wp-content\/uploads\/o8-3-624x468.jpg 624w\" sizes=\"(max-width: 300px) 100vw, 300px\" \/><\/a> <a href=\"http:\/\/osnovnaskolakrk.hr\/krk\/wp-content\/uploads\/o9-3-scaled.jpg\" data-rel=\"lightbox-image-8\" data-rl_title=\"\" data-rl_caption=\"\" title=\"\"><img loading=\"lazy\" class=\"alignnone size-medium wp-image-6464\" src=\"http:\/\/osnovnaskolakrk.hr\/krk\/wp-content\/uploads\/o9-3-300x225.jpg\" alt=\"\" width=\"300\" height=\"225\" srcset=\"http:\/\/osnovnaskolakrk.hr\/krk\/wp-content\/uploads\/o9-3-300x225.jpg 300w, http:\/\/osnovnaskolakrk.hr\/krk\/wp-content\/uploads\/o9-3-1024x768.jpg 1024w, http:\/\/osnovnaskolakrk.hr\/krk\/wp-content\/uploads\/o9-3-768x576.jpg 768w, http:\/\/osnovnaskolakrk.hr\/krk\/wp-content\/uploads\/o9-3-1536x1152.jpg 1536w, http:\/\/osnovnaskolakrk.hr\/krk\/wp-content\/uploads\/o9-3-2048x1536.jpg 2048w, http:\/\/osnovnaskolakrk.hr\/krk\/wp-content\/uploads\/o9-3-624x468.jpg 624w\" sizes=\"(max-width: 300px) 100vw, 300px\" \/><\/a> <a href=\"http:\/\/osnovnaskolakrk.hr\/krk\/wp-content\/uploads\/o10-2-scaled.jpg\" data-rel=\"lightbox-image-9\" data-rl_title=\"\" data-rl_caption=\"\" title=\"\"><img loading=\"lazy\" class=\"alignnone size-medium wp-image-6465\" src=\"http:\/\/osnovnaskolakrk.hr\/krk\/wp-content\/uploads\/o10-2-300x225.jpg\" alt=\"\" width=\"300\" height=\"225\" srcset=\"http:\/\/osnovnaskolakrk.hr\/krk\/wp-content\/uploads\/o10-2-300x225.jpg 300w, http:\/\/osnovnaskolakrk.hr\/krk\/wp-content\/uploads\/o10-2-1024x768.jpg 1024w, http:\/\/osnovnaskolakrk.hr\/krk\/wp-content\/uploads\/o10-2-768x576.jpg 768w, http:\/\/osnovnaskolakrk.hr\/krk\/wp-content\/uploads\/o10-2-1536x1152.jpg 1536w, http:\/\/osnovnaskolakrk.hr\/krk\/wp-content\/uploads\/o10-2-2048x1536.jpg 2048w, http:\/\/osnovnaskolakrk.hr\/krk\/wp-content\/uploads\/o10-2-624x468.jpg 624w\" sizes=\"(max-width: 300px) 100vw, 300px\" \/><\/a> <a href=\"http:\/\/osnovnaskolakrk.hr\/krk\/wp-content\/uploads\/o11-3.jpg\" data-rel=\"lightbox-image-10\" data-rl_title=\"\" data-rl_caption=\"\" title=\"\"><img loading=\"lazy\" class=\"alignnone size-medium wp-image-6466\" src=\"http:\/\/osnovnaskolakrk.hr\/krk\/wp-content\/uploads\/o11-3-300x225.jpg\" alt=\"\" width=\"300\" height=\"225\" srcset=\"http:\/\/osnovnaskolakrk.hr\/krk\/wp-content\/uploads\/o11-3-300x225.jpg 300w, http:\/\/osnovnaskolakrk.hr\/krk\/wp-content\/uploads\/o11-3-1024x768.jpg 1024w, http:\/\/osnovnaskolakrk.hr\/krk\/wp-content\/uploads\/o11-3-768x576.jpg 768w, http:\/\/osnovnaskolakrk.hr\/krk\/wp-content\/uploads\/o11-3-1536x1152.jpg 1536w, http:\/\/osnovnaskolakrk.hr\/krk\/wp-content\/uploads\/o11-3-624x468.jpg 624w, http:\/\/osnovnaskolakrk.hr\/krk\/wp-content\/uploads\/o11-3.jpg 1800w\" sizes=\"(max-width: 300px) 100vw, 300px\" \/><\/a> <a href=\"http:\/\/osnovnaskolakrk.hr\/krk\/wp-content\/uploads\/o12-4-scaled.jpg\" data-rel=\"lightbox-image-11\" data-rl_title=\"\" data-rl_caption=\"\" title=\"\"><img loading=\"lazy\" class=\"alignnone size-medium wp-image-6467\" src=\"http:\/\/osnovnaskolakrk.hr\/krk\/wp-content\/uploads\/o12-4-300x225.jpg\" alt=\"\" width=\"300\" height=\"225\" srcset=\"http:\/\/osnovnaskolakrk.hr\/krk\/wp-content\/uploads\/o12-4-300x225.jpg 300w, http:\/\/osnovnaskolakrk.hr\/krk\/wp-content\/uploads\/o12-4-1024x768.jpg 1024w, http:\/\/osnovnaskolakrk.hr\/krk\/wp-content\/uploads\/o12-4-768x576.jpg 768w, http:\/\/osnovnaskolakrk.hr\/krk\/wp-content\/uploads\/o12-4-1536x1152.jpg 1536w, http:\/\/osnovnaskolakrk.hr\/krk\/wp-content\/uploads\/o12-4-2048x1536.jpg 2048w, http:\/\/osnovnaskolakrk.hr\/krk\/wp-content\/uploads\/o12-4-624x468.jpg 624w\" sizes=\"(max-width: 300px) 100vw, 300px\" \/><\/a> <a href=\"http:\/\/osnovnaskolakrk.hr\/krk\/wp-content\/uploads\/o13-3-scaled.jpg\" data-rel=\"lightbox-image-12\" data-rl_title=\"\" data-rl_caption=\"\" title=\"\"><img loading=\"lazy\" class=\"alignnone size-medium wp-image-6468\" src=\"http:\/\/osnovnaskolakrk.hr\/krk\/wp-content\/uploads\/o13-3-300x169.jpg\" alt=\"\" width=\"300\" height=\"169\" srcset=\"http:\/\/osnovnaskolakrk.hr\/krk\/wp-content\/uploads\/o13-3-300x169.jpg 300w, http:\/\/osnovnaskolakrk.hr\/krk\/wp-content\/uploads\/o13-3-1024x578.jpg 1024w, http:\/\/osnovnaskolakrk.hr\/krk\/wp-content\/uploads\/o13-3-768x433.jpg 768w, http:\/\/osnovnaskolakrk.hr\/krk\/wp-content\/uploads\/o13-3-1536x866.jpg 1536w, http:\/\/osnovnaskolakrk.hr\/krk\/wp-content\/uploads\/o13-3-2048x1155.jpg 2048w, http:\/\/osnovnaskolakrk.hr\/krk\/wp-content\/uploads\/o13-3-624x352.jpg 624w\" sizes=\"(max-width: 300px) 100vw, 300px\" \/><\/a> <a href=\"http:\/\/osnovnaskolakrk.hr\/krk\/wp-content\/uploads\/o14-2-scaled.jpg\" data-rel=\"lightbox-image-13\" data-rl_title=\"\" data-rl_caption=\"\" title=\"\"><img loading=\"lazy\" class=\"alignnone size-medium wp-image-6469\" src=\"http:\/\/osnovnaskolakrk.hr\/krk\/wp-content\/uploads\/o14-2-300x225.jpg\" alt=\"\" width=\"300\" height=\"225\" srcset=\"http:\/\/osnovnaskolakrk.hr\/krk\/wp-content\/uploads\/o14-2-300x225.jpg 300w, http:\/\/osnovnaskolakrk.hr\/krk\/wp-content\/uploads\/o14-2-1024x768.jpg 1024w, http:\/\/osnovnaskolakrk.hr\/krk\/wp-content\/uploads\/o14-2-768x576.jpg 768w, http:\/\/osnovnaskolakrk.hr\/krk\/wp-content\/uploads\/o14-2-1536x1152.jpg 1536w, http:\/\/osnovnaskolakrk.hr\/krk\/wp-content\/uploads\/o14-2-2048x1536.jpg 2048w, http:\/\/osnovnaskolakrk.hr\/krk\/wp-content\/uploads\/o14-2-624x468.jpg 624w\" sizes=\"(max-width: 300px) 100vw, 300px\" \/><\/a> <a href=\"http:\/\/osnovnaskolakrk.hr\/krk\/wp-content\/uploads\/o15-2-scaled.jpg\" data-rel=\"lightbox-image-14\" data-rl_title=\"\" data-rl_caption=\"\" title=\"\"><img loading=\"lazy\" class=\"alignnone size-medium wp-image-6470\" src=\"http:\/\/osnovnaskolakrk.hr\/krk\/wp-content\/uploads\/o15-2-300x225.jpg\" alt=\"\" width=\"300\" height=\"225\" srcset=\"http:\/\/osnovnaskolakrk.hr\/krk\/wp-content\/uploads\/o15-2-300x225.jpg 300w, http:\/\/osnovnaskolakrk.hr\/krk\/wp-content\/uploads\/o15-2-1024x768.jpg 1024w, http:\/\/osnovnaskolakrk.hr\/krk\/wp-content\/uploads\/o15-2-768x576.jpg 768w, http:\/\/osnovnaskolakrk.hr\/krk\/wp-content\/uploads\/o15-2-1536x1152.jpg 1536w, http:\/\/osnovnaskolakrk.hr\/krk\/wp-content\/uploads\/o15-2-2048x1536.jpg 2048w, http:\/\/osnovnaskolakrk.hr\/krk\/wp-content\/uploads\/o15-2-624x468.jpg 624w\" sizes=\"(max-width: 300px) 100vw, 300px\" \/><\/a> <a href=\"http:\/\/osnovnaskolakrk.hr\/krk\/wp-content\/uploads\/o16-2-scaled.jpg\" data-rel=\"lightbox-image-15\" data-rl_title=\"\" data-rl_caption=\"\" title=\"\"><img loading=\"lazy\" class=\"alignnone size-medium wp-image-6471\" src=\"http:\/\/osnovnaskolakrk.hr\/krk\/wp-content\/uploads\/o16-2-300x225.jpg\" alt=\"\" width=\"300\" height=\"225\" srcset=\"http:\/\/osnovnaskolakrk.hr\/krk\/wp-content\/uploads\/o16-2-300x225.jpg 300w, http:\/\/osnovnaskolakrk.hr\/krk\/wp-content\/uploads\/o16-2-1024x768.jpg 1024w, http:\/\/osnovnaskolakrk.hr\/krk\/wp-content\/uploads\/o16-2-768x576.jpg 768w, http:\/\/osnovnaskolakrk.hr\/krk\/wp-content\/uploads\/o16-2-1536x1152.jpg 1536w, http:\/\/osnovnaskolakrk.hr\/krk\/wp-content\/uploads\/o16-2-2048x1536.jpg 2048w, http:\/\/osnovnaskolakrk.hr\/krk\/wp-content\/uploads\/o16-2-624x468.jpg 624w\" sizes=\"(max-width: 300px) 100vw, 300px\" \/><\/a><a href=\"http:\/\/osnovnaskolakrk.hr\/krk\/wp-content\/uploads\/o18-1-scaled.jpg\" data-rel=\"lightbox-image-16\" data-rl_title=\"\" data-rl_caption=\"\" title=\"\"><img loading=\"lazy\" class=\"alignnone size-medium wp-image-6472\" src=\"http:\/\/osnovnaskolakrk.hr\/krk\/wp-content\/uploads\/o18-1-300x225.jpg\" alt=\"\" width=\"300\" height=\"225\" srcset=\"http:\/\/osnovnaskolakrk.hr\/krk\/wp-content\/uploads\/o18-1-300x225.jpg 300w, http:\/\/osnovnaskolakrk.hr\/krk\/wp-content\/uploads\/o18-1-1024x768.jpg 1024w, http:\/\/osnovnaskolakrk.hr\/krk\/wp-content\/uploads\/o18-1-768x576.jpg 768w, http:\/\/osnovnaskolakrk.hr\/krk\/wp-content\/uploads\/o18-1-1536x1152.jpg 1536w, http:\/\/osnovnaskolakrk.hr\/krk\/wp-content\/uploads\/o18-1-2048x1536.jpg 2048w, http:\/\/osnovnaskolakrk.hr\/krk\/wp-content\/uploads\/o18-1-624x468.jpg 624w\" sizes=\"(max-width: 300px) 100vw, 300px\" \/><\/a> <a href=\"http:\/\/osnovnaskolakrk.hr\/krk\/wp-content\/uploads\/o19.jpg\" data-rel=\"lightbox-image-17\" data-rl_title=\"\" data-rl_caption=\"\" title=\"\"><img loading=\"lazy\" class=\"alignnone size-medium wp-image-6473\" src=\"http:\/\/osnovnaskolakrk.hr\/krk\/wp-content\/uploads\/o19-300x225.jpg\" alt=\"\" width=\"300\" height=\"225\" srcset=\"http:\/\/osnovnaskolakrk.hr\/krk\/wp-content\/uploads\/o19-300x225.jpg 300w, http:\/\/osnovnaskolakrk.hr\/krk\/wp-content\/uploads\/o19-1024x768.jpg 1024w, http:\/\/osnovnaskolakrk.hr\/krk\/wp-content\/uploads\/o19-768x576.jpg 768w, http:\/\/osnovnaskolakrk.hr\/krk\/wp-content\/uploads\/o19-1536x1152.jpg 1536w, http:\/\/osnovnaskolakrk.hr\/krk\/wp-content\/uploads\/o19-624x468.jpg 624w, http:\/\/osnovnaskolakrk.hr\/krk\/wp-content\/uploads\/o19.jpg 1800w\" sizes=\"(max-width: 300px) 100vw, 300px\" \/><\/a> <a href=\"http:\/\/osnovnaskolakrk.hr\/krk\/wp-content\/uploads\/o20.jpg\" data-rel=\"lightbox-image-18\" data-rl_title=\"\" data-rl_caption=\"\" title=\"\"><img loading=\"lazy\" class=\"alignnone size-medium wp-image-6474\" src=\"http:\/\/osnovnaskolakrk.hr\/krk\/wp-content\/uploads\/o20-300x225.jpg\" alt=\"\" width=\"300\" height=\"225\" srcset=\"http:\/\/osnovnaskolakrk.hr\/krk\/wp-content\/uploads\/o20-300x225.jpg 300w, http:\/\/osnovnaskolakrk.hr\/krk\/wp-content\/uploads\/o20-1024x768.jpg 1024w, http:\/\/osnovnaskolakrk.hr\/krk\/wp-content\/uploads\/o20-768x576.jpg 768w, http:\/\/osnovnaskolakrk.hr\/krk\/wp-content\/uploads\/o20-1536x1152.jpg 1536w, http:\/\/osnovnaskolakrk.hr\/krk\/wp-content\/uploads\/o20-624x468.jpg 624w, http:\/\/osnovnaskolakrk.hr\/krk\/wp-content\/uploads\/o20.jpg 1800w\" sizes=\"(max-width: 300px) 100vw, 300px\" \/><\/a> <a href=\"http:\/\/osnovnaskolakrk.hr\/krk\/wp-content\/uploads\/o21.jpg\" data-rel=\"lightbox-image-19\" data-rl_title=\"\" data-rl_caption=\"\" title=\"\"><img loading=\"lazy\" class=\"alignnone size-medium wp-image-6475\" src=\"http:\/\/osnovnaskolakrk.hr\/krk\/wp-content\/uploads\/o21-225x300.jpg\" alt=\"\" width=\"225\" height=\"300\" srcset=\"http:\/\/osnovnaskolakrk.hr\/krk\/wp-content\/uploads\/o21-225x300.jpg 225w, http:\/\/osnovnaskolakrk.hr\/krk\/wp-content\/uploads\/o21-768x1024.jpg 768w, http:\/\/osnovnaskolakrk.hr\/krk\/wp-content\/uploads\/o21-1152x1536.jpg 1152w, http:\/\/osnovnaskolakrk.hr\/krk\/wp-content\/uploads\/o21-624x832.jpg 624w, http:\/\/osnovnaskolakrk.hr\/krk\/wp-content\/uploads\/o21.jpg 1350w\" sizes=\"(max-width: 225px) 100vw, 225px\" \/><\/a> <a href=\"http:\/\/osnovnaskolakrk.hr\/krk\/wp-content\/uploads\/o22.jpg\" data-rel=\"lightbox-image-20\" data-rl_title=\"\" data-rl_caption=\"\" title=\"\"><img loading=\"lazy\" class=\"alignnone size-medium wp-image-6476\" src=\"http:\/\/osnovnaskolakrk.hr\/krk\/wp-content\/uploads\/o22-300x225.jpg\" alt=\"\" width=\"300\" height=\"225\" srcset=\"http:\/\/osnovnaskolakrk.hr\/krk\/wp-content\/uploads\/o22-300x225.jpg 300w, http:\/\/osnovnaskolakrk.hr\/krk\/wp-content\/uploads\/o22-1024x768.jpg 1024w, http:\/\/osnovnaskolakrk.hr\/krk\/wp-content\/uploads\/o22-768x576.jpg 768w, http:\/\/osnovnaskolakrk.hr\/krk\/wp-content\/uploads\/o22-1536x1152.jpg 1536w, http:\/\/osnovnaskolakrk.hr\/krk\/wp-content\/uploads\/o22-624x468.jpg 624w, http:\/\/osnovnaskolakrk.hr\/krk\/wp-content\/uploads\/o22.jpg 1800w\" sizes=\"(max-width: 300px) 100vw, 300px\" \/><\/a> <a href=\"http:\/\/osnovnaskolakrk.hr\/krk\/wp-content\/uploads\/o23.jpg\" data-rel=\"lightbox-image-21\" data-rl_title=\"\" data-rl_caption=\"\" title=\"\"><img loading=\"lazy\" class=\"alignnone size-medium wp-image-6477\" src=\"http:\/\/osnovnaskolakrk.hr\/krk\/wp-content\/uploads\/o23-300x225.jpg\" alt=\"\" width=\"300\" height=\"225\" srcset=\"http:\/\/osnovnaskolakrk.hr\/krk\/wp-content\/uploads\/o23-300x225.jpg 300w, http:\/\/osnovnaskolakrk.hr\/krk\/wp-content\/uploads\/o23-1024x768.jpg 1024w, http:\/\/osnovnaskolakrk.hr\/krk\/wp-content\/uploads\/o23-768x576.jpg 768w, http:\/\/osnovnaskolakrk.hr\/krk\/wp-content\/uploads\/o23-1536x1152.jpg 1536w, http:\/\/osnovnaskolakrk.hr\/krk\/wp-content\/uploads\/o23-624x468.jpg 624w, http:\/\/osnovnaskolakrk.hr\/krk\/wp-content\/uploads\/o23.jpg 1800w\" sizes=\"(max-width: 300px) 100vw, 300px\" \/><\/a><\/p>\n","protected":false},"excerpt":{"rendered":"<p>Nakon zavr\u0161etka nastavne godine, za djecu osnovne \u0161kole u Krku organiziran je vjeronau\u010dni kamp na \u017eupnom dobru \u201eOaza kraljice mira\u201c. Bio je to 27. kamp po redu koji se organizira u suradnji sa \u017eupom Krk. Prethodile su prijave, a zatim slaganje grupa. Tako je ovogodi\u0161nji vjeronau\u010dni kamp zapo\u010deo 22. lipnja, a zavr\u0161io 13. srpnja. U [&hellip;]<\/p>\n","protected":false},"author":18,"featured_media":6455,"comment_status":"closed","ping_status":"closed","sticky":false,"template":"","format":"standard","meta":[],"categories":[1],"tags":[],"_links":{"self":[{"href":"http:\/\/osnovnaskolakrk.hr\/krk\/wp-json\/wp\/v2\/posts\/6454"}],"collection":[{"href":"http:\/\/osnovnaskolakrk.hr\/krk\/wp-json\/wp\/v2\/posts"}],"about":[{"href":"http:\/\/osnovnaskolakrk.hr\/krk\/wp-json\/wp\/v2\/types\/post"}],"author":[{"embeddable":true,"href":"http:\/\/osnovnaskolakrk.hr\/krk\/wp-json\/wp\/v2\/users\/18"}],"replies":[{"embeddable":true,"href":"http:\/\/osnovnaskolakrk.hr\/krk\/wp-json\/wp\/v2\/comments?post=6454"}],"version-history":[{"count":1,"href":"http:\/\/osnovnaskolakrk.hr\/krk\/wp-json\/wp\/v2\/posts\/6454\/revisions"}],"predecessor-version":[{"id":6478,"href":"http:\/\/osnovnaskolakrk.hr\/krk\/wp-json\/wp\/v2\/posts\/6454\/revisions\/6478"}],"wp:featuredmedia":[{"embeddable":true,"href":"http:\/\/osnovnaskolakrk.hr\/krk\/wp-json\/wp\/v2\/media\/6455"}],"wp:attachment":[{"href":"http:\/\/osnovnaskolakrk.hr\/krk\/wp-json\/wp\/v2\/media?parent=6454"}],"wp:term":[{"taxonomy":"category","embeddable":true,"href":"http:\/\/osnovnaskolakrk.hr\/krk\/wp-json\/wp\/v2\/categories?post=6454"},{"taxonomy":"post_tag","embeddable":true,"href":"http:\/\/osnovnaskolakrk.hr\/krk\/wp-json\/wp\/v2\/tags?post=6454"}],"curies":[{"name":"wp","href":"https:\/\/api.w.org\/{rel}","templated":true}]}}