{"id":8211,"date":"2026-04-13T06:08:34","date_gmt":"2026-04-13T06:08:34","guid":{"rendered":"http:\/\/osnovnaskolakrk.hr\/krk\/?p=8211"},"modified":"2026-04-13T06:08:34","modified_gmt":"2026-04-13T06:08:34","slug":"skolski-zbor-pozvan-na-drzavno-natjecanje","status":"publish","type":"post","link":"http:\/\/osnovnaskolakrk.hr\/krk\/skolski-zbor-pozvan-na-drzavno-natjecanje\/","title":{"rendered":"\u0160kolski zbor pozvan na dr\u017eavno natjecanje"},"content":{"rendered":"<p>Nastupom na \u017eupanijskom natjecanju zborova i smotri glazbenih aktivnosti u\u010denika<br \/>\nPrimorsko-goranske \u017eupanije, \u201cGlazbene dje\u010dje \u010darolije\u201d, na\u0161 \u0161kolski pjeva\u010dki zbor<br \/>\npredlo\u017een je za dr\u017eavnu razinu natjecanja.<\/p>\n<p>Poziv na dr\u017eavno natjecanje \u010dekao se s nestrpljenjem, sve dok se nisu preslu\u0161ali zborovi svih \u017eupanija i izabrali najbolji. Tre\u0107u godinu zaredom, \u0161kolski pjeva\u010dki zbor O\u0160 \u201eFran Krsto Frankopan\u201c dobio je poziv dr\u017eanog povjerenstva AZOO i kvalificirao se na dr\u017eavno natjecanje zborova koje \u0107e se odr\u017eati 6. i 7. svibnja 2026. u sklopu 69. Glazbenih sve\u010danosti hrvatske mlade\u017ei!<\/p>\n<p>Pjeva\u010dki zbor vi\u0161eg uzrasta \u201cFran Krsto Frankopan\u201d M\u0160 Krk broji 50 \u010dlanova \u2013 zbora\u0161a koji<br \/>\nse za sudjelovanje na natjecanju pripremaju redovitim probama kroz pet mjeseci, odnosno<br \/>\nve\u0107i dio \u0161kolske godine. Propozicije za natjecanje su vrlo zahtjevne, svaki detalj izvedbe se<br \/>\npazi i vrednuje, a na pjeva\u010de-zbora\u0161e stru\u010dni \u017eiri gleda kao na male profesionalce od kojih<br \/>\no\u010dekuje vrhunsku interpretaciju glazbe zabilje\u017eene u partituri. Pjeva\u010di na\u0161eg \u0161kolskog<br \/>\nzbora zato marljivo rade na posljednjim pripremama za nastup na dr\u017eavnom natjecanju, a<br \/>\nmi im \u017eeliimo odli\u010dnu izvedbu i \u0161to bolji plasman na natjecanju! \u0160kolski zbor vode i<br \/>\npripremaju u\u010ditelji <strong>Jurica Goja<\/strong> i <strong>Dana Baj\u010di\u0107.<\/strong><\/p>\n","protected":false},"excerpt":{"rendered":"<p>Nastupom na \u017eupanijskom natjecanju zborova i smotri glazbenih aktivnosti u\u010denika Primorsko-goranske \u017eupanije, \u201cGlazbene dje\u010dje \u010darolije\u201d, na\u0161 \u0161kolski pjeva\u010dki zbor predlo\u017een je za dr\u017eavnu razinu natjecanja. Poziv na dr\u017eavno natjecanje \u010dekao se s nestrpljenjem, sve dok se nisu preslu\u0161ali zborovi svih \u017eupanija i izabrali najbolji. Tre\u0107u godinu zaredom, \u0161kolski pjeva\u010dki zbor O\u0160 \u201eFran Krsto Frankopan\u201c dobio [&hellip;]<\/p>\n","protected":false},"author":18,"featured_media":8212,"comment_status":"closed","ping_status":"closed","sticky":false,"template":"","format":"standard","meta":[],"categories":[1],"tags":[],"_links":{"self":[{"href":"http:\/\/osnovnaskolakrk.hr\/krk\/wp-json\/wp\/v2\/posts\/8211"}],"collection":[{"href":"http:\/\/osnovnaskolakrk.hr\/krk\/wp-json\/wp\/v2\/posts"}],"about":[{"href":"http:\/\/osnovnaskolakrk.hr\/krk\/wp-json\/wp\/v2\/types\/post"}],"author":[{"embeddable":true,"href":"http:\/\/osnovnaskolakrk.hr\/krk\/wp-json\/wp\/v2\/users\/18"}],"replies":[{"embeddable":true,"href":"http:\/\/osnovnaskolakrk.hr\/krk\/wp-json\/wp\/v2\/comments?post=8211"}],"version-history":[{"count":1,"href":"http:\/\/osnovnaskolakrk.hr\/krk\/wp-json\/wp\/v2\/posts\/8211\/revisions"}],"predecessor-version":[{"id":8213,"href":"http:\/\/osnovnaskolakrk.hr\/krk\/wp-json\/wp\/v2\/posts\/8211\/revisions\/8213"}],"wp:featuredmedia":[{"embeddable":true,"href":"http:\/\/osnovnaskolakrk.hr\/krk\/wp-json\/wp\/v2\/media\/8212"}],"wp:attachment":[{"href":"http:\/\/osnovnaskolakrk.hr\/krk\/wp-json\/wp\/v2\/media?parent=8211"}],"wp:term":[{"taxonomy":"category","embeddable":true,"href":"http:\/\/osnovnaskolakrk.hr\/krk\/wp-json\/wp\/v2\/categories?post=8211"},{"taxonomy":"post_tag","embeddable":true,"href":"http:\/\/osnovnaskolakrk.hr\/krk\/wp-json\/wp\/v2\/tags?post=8211"}],"curies":[{"name":"wp","href":"https:\/\/api.w.org\/{rel}","templated":true}]}}