{"id":10240,"date":"2025-02-05T07:17:05","date_gmt":"2025-02-05T07:17:05","guid":{"rendered":"https:\/\/osnovnaskolakrk.hr\/punat\/?p=10240"},"modified":"2025-02-05T07:17:05","modified_gmt":"2025-02-05T07:17:05","slug":"cetvrtasi-obiljezili-dan-australije","status":"publish","type":"post","link":"http:\/\/osnovnaskolakrk.hr\/punat\/cetvrtasi-obiljezili-dan-australije\/","title":{"rendered":"\u010cetvrta\u0161i obilje\u017eili Dan Australije"},"content":{"rendered":"<p style=\"text-align: justify;\"><a href=\"https:\/\/osnovnaskolakrk.hr\/punat\/cetvrtasi-obiljezili-dan-australije\/img-8be967feaf7ad7d1f997ef25befc48e7-v\/\" rel=\"attachment wp-att-10241\"><img loading=\"lazy\" decoding=\"async\" class=\"alignleft size-full wp-image-10241\" src=\"http:\/\/osnovnaskolakrk.hr\/punat\/wp-content\/uploads\/2025\/02\/IMG-8be967feaf7ad7d1f997ef25befc48e7-V.jpg\" alt=\"\" width=\"1600\" height=\"1200\" srcset=\"http:\/\/osnovnaskolakrk.hr\/punat\/wp-content\/uploads\/2025\/02\/IMG-8be967feaf7ad7d1f997ef25befc48e7-V.jpg 1600w, http:\/\/osnovnaskolakrk.hr\/punat\/wp-content\/uploads\/2025\/02\/IMG-8be967feaf7ad7d1f997ef25befc48e7-V-1536x1152.jpg 1536w, http:\/\/osnovnaskolakrk.hr\/punat\/wp-content\/uploads\/2025\/02\/IMG-8be967feaf7ad7d1f997ef25befc48e7-V-624x468.jpg 624w\" sizes=\"auto, (max-width: 1600px) 100vw, 1600px\" \/><\/a>Svake godine krajem sije\u010dnja se obilje\u017eava dan Australije. U\u010denici \u010detvrtog razreda su\u00a0 na nastavi Engleskog jezika protekli mjesec proveli u\u010de\u0107i o ovoj dr\u017eavi koja ih je odu\u0161evila.\u00a0 Na satu su pogledali video o posebnostima ove dr\u017eave te su u\u010denici odlu\u010dili kao zavr\u0161etak ove cjeline napraviti plakat\u00a0 na kojemu su istaknuli zanimljivosti po kojemu je Australija jedinstvena Na taj na\u010din smo obilje\u017eili\u00a0 zavr\u0161etak cjeline ali dan Australije.<\/p>\n<p><!--more--><\/p>\n<p style=\"text-align: right;\">u\u010diteljica Margareta Orli\u0107<\/p>\n\n\t\t<style type=\"text\/css\">\n\t\t\t#gallery-1 {\n\t\t\t\tmargin: auto;\n\t\t\t}\n\t\t\t#gallery-1 .gallery-item {\n\t\t\t\tfloat: left;\n\t\t\t\tmargin-top: 10px;\n\t\t\t\ttext-align: center;\n\t\t\t\twidth: 33%;\n\t\t\t}\n\t\t\t#gallery-1 img {\n\t\t\t\tborder: 2px solid #cfcfcf;\n\t\t\t}\n\t\t\t#gallery-1 .gallery-caption {\n\t\t\t\tmargin-left: 0;\n\t\t\t}\n\t\t\t\/* see gallery_shortcode() in wp-includes\/media.php *\/\n\t\t<\/style>\n\t\t<div id='gallery-1' class='gallery galleryid-10240 gallery-columns-3 gallery-size-thumbnail'><dl class='gallery-item'>\n\t\t\t<dt class='gallery-icon landscape'>\n\t\t\t\t<a href='http:\/\/osnovnaskolakrk.hr\/punat\/wp-content\/uploads\/2025\/02\/IMG-3c42b1b6e92a2ed82b0b06e1d5856a63-V.jpg' title=\"\" data-rl_title=\"\" class=\"rl-gallery-link\" data-rl_caption=\"\" data-rel=\"lightbox-gallery-1\"><img loading=\"lazy\" decoding=\"async\" width=\"150\" height=\"150\" src=\"http:\/\/osnovnaskolakrk.hr\/punat\/wp-content\/uploads\/2025\/02\/IMG-3c42b1b6e92a2ed82b0b06e1d5856a63-V-150x150.jpg\" class=\"attachment-thumbnail size-thumbnail\" alt=\"\" \/><\/a>\n\t\t\t<\/dt><\/dl><dl class='gallery-item'>\n\t\t\t<dt class='gallery-icon landscape'>\n\t\t\t\t<a href='http:\/\/osnovnaskolakrk.hr\/punat\/wp-content\/uploads\/2025\/02\/IMG-4e57f28dbfdeb4df8814a2bfb6452b6e-V.jpg' title=\"\" data-rl_title=\"\" class=\"rl-gallery-link\" data-rl_caption=\"\" data-rel=\"lightbox-gallery-1\"><img loading=\"lazy\" decoding=\"async\" width=\"150\" height=\"150\" src=\"http:\/\/osnovnaskolakrk.hr\/punat\/wp-content\/uploads\/2025\/02\/IMG-4e57f28dbfdeb4df8814a2bfb6452b6e-V-150x150.jpg\" class=\"attachment-thumbnail size-thumbnail\" alt=\"\" \/><\/a>\n\t\t\t<\/dt><\/dl><dl class='gallery-item'>\n\t\t\t<dt class='gallery-icon landscape'>\n\t\t\t\t<a href='http:\/\/osnovnaskolakrk.hr\/punat\/wp-content\/uploads\/2025\/02\/IMG-5bb44ac1a7cfa1d36fe166c0ec2f08fd-V.jpg' title=\"\" data-rl_title=\"\" class=\"rl-gallery-link\" data-rl_caption=\"\" data-rel=\"lightbox-gallery-1\"><img loading=\"lazy\" decoding=\"async\" width=\"150\" height=\"150\" src=\"http:\/\/osnovnaskolakrk.hr\/punat\/wp-content\/uploads\/2025\/02\/IMG-5bb44ac1a7cfa1d36fe166c0ec2f08fd-V-150x150.jpg\" class=\"attachment-thumbnail size-thumbnail\" alt=\"\" \/><\/a>\n\t\t\t<\/dt><\/dl><br style=\"clear: both\" \/><dl class='gallery-item'>\n\t\t\t<dt class='gallery-icon landscape'>\n\t\t\t\t<a href='http:\/\/osnovnaskolakrk.hr\/punat\/wp-content\/uploads\/2025\/02\/IMG-74ccf7cc7c04692bdb2a1c4662e0c584-V.jpg' title=\"\" data-rl_title=\"\" class=\"rl-gallery-link\" data-rl_caption=\"\" data-rel=\"lightbox-gallery-1\"><img loading=\"lazy\" decoding=\"async\" width=\"150\" height=\"150\" src=\"http:\/\/osnovnaskolakrk.hr\/punat\/wp-content\/uploads\/2025\/02\/IMG-74ccf7cc7c04692bdb2a1c4662e0c584-V-150x150.jpg\" class=\"attachment-thumbnail size-thumbnail\" alt=\"\" \/><\/a>\n\t\t\t<\/dt><\/dl><dl class='gallery-item'>\n\t\t\t<dt class='gallery-icon landscape'>\n\t\t\t\t<a href='http:\/\/osnovnaskolakrk.hr\/punat\/wp-content\/uploads\/2025\/02\/IMG-d849f29bedf1afbaee33e18271cfe5ff-V.jpg' title=\"\" data-rl_title=\"\" class=\"rl-gallery-link\" data-rl_caption=\"\" data-rel=\"lightbox-gallery-1\"><img loading=\"lazy\" decoding=\"async\" width=\"150\" height=\"150\" src=\"http:\/\/osnovnaskolakrk.hr\/punat\/wp-content\/uploads\/2025\/02\/IMG-d849f29bedf1afbaee33e18271cfe5ff-V-150x150.jpg\" class=\"attachment-thumbnail size-thumbnail\" alt=\"\" \/><\/a>\n\t\t\t<\/dt><\/dl><dl class='gallery-item'>\n\t\t\t<dt class='gallery-icon landscape'>\n\t\t\t\t<a href='http:\/\/osnovnaskolakrk.hr\/punat\/wp-content\/uploads\/2025\/02\/IMG-0e1c9dff10b5260093b2fb8c4bd8f3a6-V.jpg' title=\"\" data-rl_title=\"\" class=\"rl-gallery-link\" data-rl_caption=\"\" data-rel=\"lightbox-gallery-1\"><img loading=\"lazy\" decoding=\"async\" width=\"150\" height=\"150\" src=\"http:\/\/osnovnaskolakrk.hr\/punat\/wp-content\/uploads\/2025\/02\/IMG-0e1c9dff10b5260093b2fb8c4bd8f3a6-V-150x150.jpg\" class=\"attachment-thumbnail size-thumbnail\" alt=\"\" \/><\/a>\n\t\t\t<\/dt><\/dl><br style=\"clear: both\" \/>\n\t\t<\/div>\n\n","protected":false},"excerpt":{"rendered":"<p>Svake godine krajem sije\u010dnja se obilje\u017eava dan Australije. U\u010denici \u010detvrtog razreda su\u00a0 na nastavi Engleskog jezika protekli mjesec proveli u\u010de\u0107i o ovoj dr\u017eavi koja ih je odu\u0161evila.\u00a0 Na satu su pogledali video o posebnostima ove dr\u017eave te su u\u010denici odlu\u010dili kao zavr\u0161etak ove cjeline napraviti plakat\u00a0 na kojemu su istaknuli zanimljivosti po kojemu je Australija [&hellip;]<\/p>\n","protected":false},"author":2,"featured_media":0,"comment_status":"closed","ping_status":"closed","sticky":false,"template":"","format":"standard","meta":{"footnotes":""},"categories":[1],"tags":[],"class_list":["post-10240","post","type-post","status-publish","format-standard","hentry","category-nekategorizirano"],"yoast_head":"<!-- This site is optimized with the Yoast SEO plugin v15.9 - https:\/\/yoast.com\/wordpress\/plugins\/seo\/ -->\n<meta name=\"robots\" content=\"index, follow, max-snippet:-1, max-image-preview:large, max-video-preview:-1\" \/>\n<link rel=\"canonical\" href=\"http:\/\/osnovnaskolakrk.hr\/punat\/cetvrtasi-obiljezili-dan-australije\/\" \/>\n<meta property=\"og:locale\" content=\"hr_HR\" \/>\n<meta property=\"og:type\" content=\"article\" \/>\n<meta property=\"og:title\" content=\"\u010cetvrta\u0161i obilje\u017eili Dan Australije - O\u0160 &quot;Fran Krsto Frankopan&quot; Krk P\u0160 Punat\" \/>\n<meta property=\"og:description\" content=\"Svake godine krajem sije\u010dnja se obilje\u017eava dan Australije. U\u010denici \u010detvrtog razreda su\u00a0 na nastavi Engleskog jezika protekli mjesec proveli u\u010de\u0107i o ovoj dr\u017eavi koja ih je odu\u0161evila.\u00a0 Na satu su pogledali video o posebnostima ove dr\u017eave te su u\u010denici odlu\u010dili kao zavr\u0161etak ove cjeline napraviti plakat\u00a0 na kojemu su istaknuli zanimljivosti po kojemu je Australija [&hellip;]\" \/>\n<meta property=\"og:url\" content=\"http:\/\/osnovnaskolakrk.hr\/punat\/cetvrtasi-obiljezili-dan-australije\/\" \/>\n<meta property=\"og:site_name\" content=\"O\u0160 &quot;Fran Krsto Frankopan&quot; Krk P\u0160 Punat\" \/>\n<meta property=\"article:published_time\" content=\"2025-02-05T07:17:05+00:00\" \/>\n<meta property=\"og:image\" content=\"http:\/\/osnovnaskolakrk.hr\/punat\/wp-content\/uploads\/2025\/02\/IMG-3c42b1b6e92a2ed82b0b06e1d5856a63-V-150x150.jpg\" \/>\n<meta name=\"twitter:card\" content=\"summary_large_image\" \/>\n<meta name=\"twitter:label1\" content=\"Procijenjeno vrijeme \u010ditanja\">\n\t<meta name=\"twitter:data1\" content=\"1 minuta\">\n<script type=\"application\/ld+json\" class=\"yoast-schema-graph\">{\"@context\":\"https:\/\/schema.org\",\"@graph\":[{\"@type\":\"WebSite\",\"@id\":\"https:\/\/osnovnaskolakrk.hr\/punat\/#website\",\"url\":\"https:\/\/osnovnaskolakrk.hr\/punat\/\",\"name\":\"O\\u0160 &quot;Fran Krsto Frankopan&quot; Krk P\\u0160 Punat\",\"description\":\"\",\"potentialAction\":[{\"@type\":\"SearchAction\",\"target\":\"https:\/\/osnovnaskolakrk.hr\/punat\/?s={search_term_string}\",\"query-input\":\"required name=search_term_string\"}],\"inLanguage\":\"hr\"},{\"@type\":\"ImageObject\",\"@id\":\"http:\/\/osnovnaskolakrk.hr\/punat\/cetvrtasi-obiljezili-dan-australije\/#primaryimage\",\"inLanguage\":\"hr\",\"url\":\"http:\/\/osnovnaskolakrk.hr\/punat\/wp-content\/uploads\/2025\/02\/IMG-8be967feaf7ad7d1f997ef25befc48e7-V.jpg\",\"width\":1600,\"height\":1200},{\"@type\":\"WebPage\",\"@id\":\"http:\/\/osnovnaskolakrk.hr\/punat\/cetvrtasi-obiljezili-dan-australije\/#webpage\",\"url\":\"http:\/\/osnovnaskolakrk.hr\/punat\/cetvrtasi-obiljezili-dan-australije\/\",\"name\":\"\\u010cetvrta\\u0161i obilje\\u017eili Dan Australije - O\\u0160 &quot;Fran Krsto Frankopan&quot; Krk P\\u0160 Punat\",\"isPartOf\":{\"@id\":\"https:\/\/osnovnaskolakrk.hr\/punat\/#website\"},\"primaryImageOfPage\":{\"@id\":\"http:\/\/osnovnaskolakrk.hr\/punat\/cetvrtasi-obiljezili-dan-australije\/#primaryimage\"},\"datePublished\":\"2025-02-05T07:17:05+00:00\",\"dateModified\":\"2025-02-05T07:17:05+00:00\",\"author\":{\"@id\":\"https:\/\/osnovnaskolakrk.hr\/punat\/#\/schema\/person\/f195e1d386c0da5d18a64e28e2916495\"},\"breadcrumb\":{\"@id\":\"http:\/\/osnovnaskolakrk.hr\/punat\/cetvrtasi-obiljezili-dan-australije\/#breadcrumb\"},\"inLanguage\":\"hr\",\"potentialAction\":[{\"@type\":\"ReadAction\",\"target\":[\"http:\/\/osnovnaskolakrk.hr\/punat\/cetvrtasi-obiljezili-dan-australije\/\"]}]},{\"@type\":\"BreadcrumbList\",\"@id\":\"http:\/\/osnovnaskolakrk.hr\/punat\/cetvrtasi-obiljezili-dan-australije\/#breadcrumb\",\"itemListElement\":[{\"@type\":\"ListItem\",\"position\":1,\"item\":{\"@type\":\"WebPage\",\"@id\":\"https:\/\/osnovnaskolakrk.hr\/punat\/\",\"url\":\"https:\/\/osnovnaskolakrk.hr\/punat\/\",\"name\":\"Po\\u010detna stranica\"}},{\"@type\":\"ListItem\",\"position\":2,\"item\":{\"@type\":\"WebPage\",\"@id\":\"http:\/\/osnovnaskolakrk.hr\/punat\/cetvrtasi-obiljezili-dan-australije\/\",\"url\":\"http:\/\/osnovnaskolakrk.hr\/punat\/cetvrtasi-obiljezili-dan-australije\/\",\"name\":\"\\u010cetvrta\\u0161i obilje\\u017eili Dan Australije\"}}]},{\"@type\":\"Person\",\"@id\":\"https:\/\/osnovnaskolakrk.hr\/punat\/#\/schema\/person\/f195e1d386c0da5d18a64e28e2916495\",\"name\":\"Martina Jurjevi\\u0107\",\"image\":{\"@type\":\"ImageObject\",\"@id\":\"https:\/\/osnovnaskolakrk.hr\/punat\/#personlogo\",\"inLanguage\":\"hr\",\"url\":\"https:\/\/secure.gravatar.com\/avatar\/b466d5772e1b685344cea20229553ca1bb8616d50baa0b69e0d6286793f66e8a?s=96&d=mm&r=g\",\"caption\":\"Martina Jurjevi\\u0107\"}}]}<\/script>\n<!-- \/ Yoast SEO plugin. -->","_links":{"self":[{"href":"http:\/\/osnovnaskolakrk.hr\/punat\/wp-json\/wp\/v2\/posts\/10240","targetHints":{"allow":["GET"]}}],"collection":[{"href":"http:\/\/osnovnaskolakrk.hr\/punat\/wp-json\/wp\/v2\/posts"}],"about":[{"href":"http:\/\/osnovnaskolakrk.hr\/punat\/wp-json\/wp\/v2\/types\/post"}],"author":[{"embeddable":true,"href":"http:\/\/osnovnaskolakrk.hr\/punat\/wp-json\/wp\/v2\/users\/2"}],"replies":[{"embeddable":true,"href":"http:\/\/osnovnaskolakrk.hr\/punat\/wp-json\/wp\/v2\/comments?post=10240"}],"version-history":[{"count":2,"href":"http:\/\/osnovnaskolakrk.hr\/punat\/wp-json\/wp\/v2\/posts\/10240\/revisions"}],"predecessor-version":[{"id":10249,"href":"http:\/\/osnovnaskolakrk.hr\/punat\/wp-json\/wp\/v2\/posts\/10240\/revisions\/10249"}],"wp:attachment":[{"href":"http:\/\/osnovnaskolakrk.hr\/punat\/wp-json\/wp\/v2\/media?parent=10240"}],"wp:term":[{"taxonomy":"category","embeddable":true,"href":"http:\/\/osnovnaskolakrk.hr\/punat\/wp-json\/wp\/v2\/categories?post=10240"},{"taxonomy":"post_tag","embeddable":true,"href":"http:\/\/osnovnaskolakrk.hr\/punat\/wp-json\/wp\/v2\/tags?post=10240"}],"curies":[{"name":"wp","href":"https:\/\/api.w.org\/{rel}","templated":true}]}}