{"id":11013,"date":"2025-06-26T05:42:30","date_gmt":"2025-06-26T05:42:30","guid":{"rendered":"https:\/\/osnovnaskolakrk.hr\/punat\/?p=11013"},"modified":"2025-06-26T05:42:30","modified_gmt":"2025-06-26T05:42:30","slug":"glazbena-razglednica-otoka-krka","status":"publish","type":"post","link":"http:\/\/osnovnaskolakrk.hr\/punat\/glazbena-razglednica-otoka-krka\/","title":{"rendered":"Glazbena razglednica otoka krka"},"content":{"rendered":"<p style=\"text-align: justify;\"><em><a href=\"https:\/\/osnovnaskolakrk.hr\/punat\/glazbena-razglednica-otoka-krka\/krcki-most\/\" rel=\"attachment wp-att-11014\"><img loading=\"lazy\" decoding=\"async\" class=\"alignleft size-full wp-image-11014\" src=\"http:\/\/osnovnaskolakrk.hr\/punat\/wp-content\/uploads\/2025\/06\/krcki-most.webp\" alt=\"\" width=\"800\" height=\"482\" srcset=\"http:\/\/osnovnaskolakrk.hr\/punat\/wp-content\/uploads\/2025\/06\/krcki-most.webp 800w, http:\/\/osnovnaskolakrk.hr\/punat\/wp-content\/uploads\/2025\/06\/krcki-most-624x376.webp 624w\" sizes=\"auto, (max-width: 800px) 100vw, 800px\" \/><\/a>Ove \u0161kolske godine sudjelovali smo u projektu kojeg je organizirala Osnovna \u0161kola &#8220;Omi\u0161alj&#8221;. Prenosimo izvje\u0161taj o projektu u cijelosti.<\/em><\/p>\n<p><!--more--><\/p>\n<p style=\"text-align: justify;\">Kao i pro\u0161le \u0161kolske godine, krenuli smo u istra\u017eivanje na\u0161eg mjesta i na\u0161e op\u0107ine, ali ove godine odlu\u010dili smo istra\u017eiti i ostala mjesta na otoku Krku. Skupili smo lijepi broj fotografija koje smo slo\u017eili u jednu razglednicu koja prikazuje dio otoka Krka uz pjesmu klape Krk \u201cOtok od zlata\u201d, \u0161to je bio i cilj na\u0161eg projekta. Projekt su osmislili u\u010denici O\u0160 Omi\u0161alj sa svojim profesoricama informatike, Samantom i Sarom Male\u0161i\u0107, te vjerou\u010diteljicom, prof. Katarinom \u010cakarun, a u prikupljanju fotografija sudjelovali su i:<\/p>\n<ul style=\"text-align: justify;\">\n<li>u\u010denici O\u0160 Malinska s vjerou\u010diteljicama prof. Ivonom Mr\u0161i\u0107 i prof. Marijom Mandeki\u0107<\/li>\n<li>u\u010denici O\u0160 Krk, P\u0160 Punat i P\u0160 Vrbnik s profesorima informatike Klaudijom Topi\u0107 Matkovi\u0107 i Teodorom Tomljenovi\u0107 te vjerou\u010diteljicama prof. Slavom Petrinovi\u0107 i prof. Martinom Jurjevi\u0107.<\/li>\n<\/ul>\n<p style=\"text-align: justify;\">Nadamo se da \u0107ete i ove godine u\u017eivati u video uratku koji je rezultat ovog projekta!<\/p>\n<p>izvor: os-omisalj.hr<\/p>\n<figure class=\"wp-block-embed wp-block-embed-youtube is-type-video is-provider-youtube epyt-figure\"><div class=\"wp-block-embed__wrapper\"><iframe loading=\"lazy\"  id=\"_ytid_52291\"  width=\"625\" height=\"469\"  data-origwidth=\"625\" data-origheight=\"469\" src=\"https:\/\/www.youtube.com\/embed\/bEIl8_dI9iU?enablejsapi=1&autoplay=0&cc_load_policy=0&cc_lang_pref=&iv_load_policy=1&loop=0&modestbranding=0&rel=1&fs=1&playsinline=0&autohide=2&theme=dark&color=red&controls=1&\" class=\"__youtube_prefs__  no-lazyload\" title=\"YouTube player\"  allow=\"fullscreen; accelerometer; autoplay; clipboard-write; encrypted-media; gyroscope; picture-in-picture\" allowfullscreen data-no-lazy=\"1\" data-skipgform_ajax_framebjll=\"\"><\/iframe><\/div><\/figure>\n","protected":false},"excerpt":{"rendered":"<p>Ove \u0161kolske godine sudjelovali smo u projektu kojeg je organizirala Osnovna \u0161kola &#8220;Omi\u0161alj&#8221;. Prenosimo izvje\u0161taj o projektu u cijelosti.<\/p>\n","protected":false},"author":2,"featured_media":0,"comment_status":"closed","ping_status":"closed","sticky":false,"template":"","format":"standard","meta":{"footnotes":""},"categories":[1],"tags":[],"class_list":["post-11013","post","type-post","status-publish","format-standard","hentry","category-nekategorizirano"],"yoast_head":"<!-- This site is optimized with the Yoast SEO plugin v15.9 - https:\/\/yoast.com\/wordpress\/plugins\/seo\/ -->\n<meta name=\"robots\" content=\"index, follow, max-snippet:-1, max-image-preview:large, max-video-preview:-1\" \/>\n<link rel=\"canonical\" href=\"http:\/\/osnovnaskolakrk.hr\/punat\/glazbena-razglednica-otoka-krka\/\" \/>\n<meta property=\"og:locale\" content=\"hr_HR\" \/>\n<meta property=\"og:type\" content=\"article\" \/>\n<meta property=\"og:title\" content=\"Glazbena razglednica otoka krka - O\u0160 &quot;Fran Krsto Frankopan&quot; Krk P\u0160 Punat\" \/>\n<meta property=\"og:description\" content=\"Ove \u0161kolske godine sudjelovali smo u projektu kojeg je organizirala Osnovna \u0161kola &#8220;Omi\u0161alj&#8221;. Prenosimo izvje\u0161taj o projektu u cijelosti.\" \/>\n<meta property=\"og:url\" content=\"http:\/\/osnovnaskolakrk.hr\/punat\/glazbena-razglednica-otoka-krka\/\" \/>\n<meta property=\"og:site_name\" content=\"O\u0160 &quot;Fran Krsto Frankopan&quot; Krk P\u0160 Punat\" \/>\n<meta property=\"article:published_time\" content=\"2025-06-26T05:42:30+00:00\" \/>\n<meta property=\"og:image\" content=\"http:\/\/osnovnaskolakrk.hr\/punat\/wp-content\/uploads\/2025\/06\/krcki-most.webp\" \/>\n<meta name=\"twitter:card\" content=\"summary_large_image\" \/>\n<meta name=\"twitter:label1\" content=\"Procijenjeno vrijeme \u010ditanja\">\n\t<meta name=\"twitter:data1\" content=\"1 minuta\">\n<script type=\"application\/ld+json\" class=\"yoast-schema-graph\">{\"@context\":\"https:\/\/schema.org\",\"@graph\":[{\"@type\":\"WebSite\",\"@id\":\"https:\/\/osnovnaskolakrk.hr\/punat\/#website\",\"url\":\"https:\/\/osnovnaskolakrk.hr\/punat\/\",\"name\":\"O\\u0160 &quot;Fran Krsto Frankopan&quot; Krk P\\u0160 Punat\",\"description\":\"\",\"potentialAction\":[{\"@type\":\"SearchAction\",\"target\":\"https:\/\/osnovnaskolakrk.hr\/punat\/?s={search_term_string}\",\"query-input\":\"required name=search_term_string\"}],\"inLanguage\":\"hr\"},{\"@type\":\"ImageObject\",\"@id\":\"http:\/\/osnovnaskolakrk.hr\/punat\/glazbena-razglednica-otoka-krka\/#primaryimage\",\"inLanguage\":\"hr\",\"url\":\"http:\/\/osnovnaskolakrk.hr\/punat\/wp-content\/uploads\/2025\/06\/krcki-most.webp\",\"width\":800,\"height\":482},{\"@type\":\"WebPage\",\"@id\":\"http:\/\/osnovnaskolakrk.hr\/punat\/glazbena-razglednica-otoka-krka\/#webpage\",\"url\":\"http:\/\/osnovnaskolakrk.hr\/punat\/glazbena-razglednica-otoka-krka\/\",\"name\":\"Glazbena razglednica otoka krka - O\\u0160 &quot;Fran Krsto Frankopan&quot; Krk P\\u0160 Punat\",\"isPartOf\":{\"@id\":\"https:\/\/osnovnaskolakrk.hr\/punat\/#website\"},\"primaryImageOfPage\":{\"@id\":\"http:\/\/osnovnaskolakrk.hr\/punat\/glazbena-razglednica-otoka-krka\/#primaryimage\"},\"datePublished\":\"2025-06-26T05:42:30+00:00\",\"dateModified\":\"2025-06-26T05:42:30+00:00\",\"author\":{\"@id\":\"https:\/\/osnovnaskolakrk.hr\/punat\/#\/schema\/person\/f195e1d386c0da5d18a64e28e2916495\"},\"breadcrumb\":{\"@id\":\"http:\/\/osnovnaskolakrk.hr\/punat\/glazbena-razglednica-otoka-krka\/#breadcrumb\"},\"inLanguage\":\"hr\",\"potentialAction\":[{\"@type\":\"ReadAction\",\"target\":[\"http:\/\/osnovnaskolakrk.hr\/punat\/glazbena-razglednica-otoka-krka\/\"]}]},{\"@type\":\"BreadcrumbList\",\"@id\":\"http:\/\/osnovnaskolakrk.hr\/punat\/glazbena-razglednica-otoka-krka\/#breadcrumb\",\"itemListElement\":[{\"@type\":\"ListItem\",\"position\":1,\"item\":{\"@type\":\"WebPage\",\"@id\":\"https:\/\/osnovnaskolakrk.hr\/punat\/\",\"url\":\"https:\/\/osnovnaskolakrk.hr\/punat\/\",\"name\":\"Po\\u010detna stranica\"}},{\"@type\":\"ListItem\",\"position\":2,\"item\":{\"@type\":\"WebPage\",\"@id\":\"http:\/\/osnovnaskolakrk.hr\/punat\/glazbena-razglednica-otoka-krka\/\",\"url\":\"http:\/\/osnovnaskolakrk.hr\/punat\/glazbena-razglednica-otoka-krka\/\",\"name\":\"Glazbena razglednica otoka krka\"}}]},{\"@type\":\"Person\",\"@id\":\"https:\/\/osnovnaskolakrk.hr\/punat\/#\/schema\/person\/f195e1d386c0da5d18a64e28e2916495\",\"name\":\"Martina Jurjevi\\u0107\",\"image\":{\"@type\":\"ImageObject\",\"@id\":\"https:\/\/osnovnaskolakrk.hr\/punat\/#personlogo\",\"inLanguage\":\"hr\",\"url\":\"https:\/\/secure.gravatar.com\/avatar\/b466d5772e1b685344cea20229553ca1bb8616d50baa0b69e0d6286793f66e8a?s=96&d=mm&r=g\",\"caption\":\"Martina Jurjevi\\u0107\"}}]}<\/script>\n<!-- \/ Yoast SEO plugin. -->","_links":{"self":[{"href":"http:\/\/osnovnaskolakrk.hr\/punat\/wp-json\/wp\/v2\/posts\/11013","targetHints":{"allow":["GET"]}}],"collection":[{"href":"http:\/\/osnovnaskolakrk.hr\/punat\/wp-json\/wp\/v2\/posts"}],"about":[{"href":"http:\/\/osnovnaskolakrk.hr\/punat\/wp-json\/wp\/v2\/types\/post"}],"author":[{"embeddable":true,"href":"http:\/\/osnovnaskolakrk.hr\/punat\/wp-json\/wp\/v2\/users\/2"}],"replies":[{"embeddable":true,"href":"http:\/\/osnovnaskolakrk.hr\/punat\/wp-json\/wp\/v2\/comments?post=11013"}],"version-history":[{"count":2,"href":"http:\/\/osnovnaskolakrk.hr\/punat\/wp-json\/wp\/v2\/posts\/11013\/revisions"}],"predecessor-version":[{"id":11016,"href":"http:\/\/osnovnaskolakrk.hr\/punat\/wp-json\/wp\/v2\/posts\/11013\/revisions\/11016"}],"wp:attachment":[{"href":"http:\/\/osnovnaskolakrk.hr\/punat\/wp-json\/wp\/v2\/media?parent=11013"}],"wp:term":[{"taxonomy":"category","embeddable":true,"href":"http:\/\/osnovnaskolakrk.hr\/punat\/wp-json\/wp\/v2\/categories?post=11013"},{"taxonomy":"post_tag","embeddable":true,"href":"http:\/\/osnovnaskolakrk.hr\/punat\/wp-json\/wp\/v2\/tags?post=11013"}],"curies":[{"name":"wp","href":"https:\/\/api.w.org\/{rel}","templated":true}]}}