{"id":11189,"date":"2025-10-15T06:55:18","date_gmt":"2025-10-15T06:55:18","guid":{"rendered":"https:\/\/osnovnaskolakrk.hr\/punat\/?p=11189"},"modified":"2025-10-15T06:55:19","modified_gmt":"2025-10-15T06:55:19","slug":"dan-pjesacenja","status":"publish","type":"post","link":"http:\/\/osnovnaskolakrk.hr\/punat\/dan-pjesacenja\/","title":{"rendered":"Dan pje\u0161a\u010denja"},"content":{"rendered":"<p style=\"text-align: justify;\"><a href=\"https:\/\/osnovnaskolakrk.hr\/punat\/dan-pjesacenja\/6-r-2\/\" rel=\"attachment wp-att-11190\"><img loading=\"lazy\" decoding=\"async\" class=\"alignleft size-full wp-image-11190\" src=\"http:\/\/osnovnaskolakrk.hr\/punat\/wp-content\/uploads\/2025\/10\/6.r.jpg\" alt=\"\" width=\"1600\" height=\"900\" srcset=\"http:\/\/osnovnaskolakrk.hr\/punat\/wp-content\/uploads\/2025\/10\/6.r.jpg 1600w, http:\/\/osnovnaskolakrk.hr\/punat\/wp-content\/uploads\/2025\/10\/6.r-1536x864.jpg 1536w, http:\/\/osnovnaskolakrk.hr\/punat\/wp-content\/uploads\/2025\/10\/6.r-624x351.jpg 624w\" sizes=\"auto, (max-width: 1600px) 100vw, 1600px\" \/><\/a>Ove godine Dan pje\u0161a\u010denja obilje\u017eili smo 26.09.2025 godine. Na\u0161u rutu zapo\u010deli smo kod odlagali\u0161ta sme\u0107a Treskavac i zavr\u0161ili na pla\u017ei Medane, gdje smo bili po\u010da\u0161\u0107eni s \u00a0ukusnim ru\u010dkom koji su nam priredile mama Antonija Doki\u0107 i mama Martina Orli\u0107. Veliko hvala mama na ulo\u017eenom trudu!<\/p>\n<p><!--more--><\/p>\n<p style=\"text-align: justify;\">Na predivan petak krenuli smo u \u0161etnju kroz \u0161umu, zrak je bio svije\u017e , a ptice su predivno cvrkutale. Put nas je vodio kroz livadu punu cvije\u0107a. Tokom hoda shvatili smo da nije bit svega telefoni i dru\u0161tvene mre\u017ee, ve\u0107 ljepota prirode i va\u017enost zajedni\u0161tva. Dok smo pje\u0161a\u010dili osje\u0107ali smo se smireno i sretno jer priroda je bila tako lijepa, a na\u0161 duh zajedni\u0161tva taj dan je dobio i jo\u0161 jedno zna\u010denje. Naime, upravo 26.09. dvoje u\u010denika na\u0161em razreda imalo je ro\u0111endan. Viktor i ja smo taj dan slavili 12.ro\u0111endan pa smo usput i to proslavili i po\u010dastili se tortom.<\/p>\n<p style=\"text-align: justify;\">Ovogodi\u0161nji dan pje\u0161a\u010denja svima \u0107e ostati u lijepom sje\u0107anju. Uz kvalitetno vrijeme provedeno u prirodi, daleko od suvremene tehnologije, spojili smo ugodno s korisnim i u\u017eivali u predivnoj prirodi koja nas okru\u017euje, sa nama posebno dragim ljudima. Jer prijatelji iz osnovne \u0161kole, ekipa iz osnovno\u0161kolskih klupa, je ekipa koja se pamti cijelog \u017eivota i zato je toliko posebno stvarati uspomene sa njima.<\/p>\n<p style=\"text-align: right;\">Leonarda Un\u010danin, 6. razred<\/p>\n\n\t\t<style type=\"text\/css\">\n\t\t\t#gallery-1 {\n\t\t\t\tmargin: auto;\n\t\t\t}\n\t\t\t#gallery-1 .gallery-item {\n\t\t\t\tfloat: left;\n\t\t\t\tmargin-top: 10px;\n\t\t\t\ttext-align: center;\n\t\t\t\twidth: 33%;\n\t\t\t}\n\t\t\t#gallery-1 img {\n\t\t\t\tborder: 2px solid #cfcfcf;\n\t\t\t}\n\t\t\t#gallery-1 .gallery-caption {\n\t\t\t\tmargin-left: 0;\n\t\t\t}\n\t\t\t\/* see gallery_shortcode() in wp-includes\/media.php *\/\n\t\t<\/style>\n\t\t<div id='gallery-1' class='gallery galleryid-11189 gallery-columns-3 gallery-size-thumbnail'><dl class='gallery-item'>\n\t\t\t<dt class='gallery-icon portrait'>\n\t\t\t\t<a href='http:\/\/osnovnaskolakrk.hr\/punat\/wp-content\/uploads\/2025\/10\/6.r-2.jpg' title=\"\" data-rl_title=\"\" class=\"rl-gallery-link\" data-rl_caption=\"\" data-rel=\"lightbox-gallery-1\"><img loading=\"lazy\" decoding=\"async\" width=\"150\" height=\"150\" src=\"http:\/\/osnovnaskolakrk.hr\/punat\/wp-content\/uploads\/2025\/10\/6.r-2-150x150.jpg\" class=\"attachment-thumbnail size-thumbnail\" alt=\"\" \/><\/a>\n\t\t\t<\/dt><\/dl><dl class='gallery-item'>\n\t\t\t<dt class='gallery-icon portrait'>\n\t\t\t\t<a href='http:\/\/osnovnaskolakrk.hr\/punat\/wp-content\/uploads\/2025\/10\/6.r-3.jpg' title=\"\" data-rl_title=\"\" class=\"rl-gallery-link\" data-rl_caption=\"\" data-rel=\"lightbox-gallery-1\"><img loading=\"lazy\" decoding=\"async\" width=\"150\" height=\"150\" src=\"http:\/\/osnovnaskolakrk.hr\/punat\/wp-content\/uploads\/2025\/10\/6.r-3-150x150.jpg\" class=\"attachment-thumbnail size-thumbnail\" alt=\"\" \/><\/a>\n\t\t\t<\/dt><\/dl>\n\t\t\t<br style='clear: both' \/>\n\t\t<\/div>\n\n","protected":false},"excerpt":{"rendered":"<p>Ove godine Dan pje\u0161a\u010denja obilje\u017eili smo 26.09.2025 godine. Na\u0161u rutu zapo\u010deli smo kod odlagali\u0161ta sme\u0107a Treskavac i zavr\u0161ili na pla\u017ei Medane, gdje smo bili po\u010da\u0161\u0107eni s \u00a0ukusnim ru\u010dkom koji su nam priredile mama Antonija Doki\u0107 i mama Martina Orli\u0107. Veliko hvala mama na ulo\u017eenom trudu!<\/p>\n","protected":false},"author":2,"featured_media":0,"comment_status":"closed","ping_status":"closed","sticky":false,"template":"","format":"standard","meta":{"footnotes":""},"categories":[1],"tags":[],"class_list":["post-11189","post","type-post","status-publish","format-standard","hentry","category-nekategorizirano"],"yoast_head":"<!-- This site is optimized with the Yoast SEO plugin v15.9 - https:\/\/yoast.com\/wordpress\/plugins\/seo\/ -->\n<meta name=\"robots\" content=\"index, follow, max-snippet:-1, max-image-preview:large, max-video-preview:-1\" \/>\n<link rel=\"canonical\" href=\"http:\/\/osnovnaskolakrk.hr\/punat\/dan-pjesacenja\/\" \/>\n<meta property=\"og:locale\" content=\"hr_HR\" \/>\n<meta property=\"og:type\" content=\"article\" \/>\n<meta property=\"og:title\" content=\"Dan pje\u0161a\u010denja - O\u0160 &quot;Fran Krsto Frankopan&quot; Krk P\u0160 Punat\" \/>\n<meta property=\"og:description\" content=\"Ove godine Dan pje\u0161a\u010denja obilje\u017eili smo 26.09.2025 godine. Na\u0161u rutu zapo\u010deli smo kod odlagali\u0161ta sme\u0107a Treskavac i zavr\u0161ili na pla\u017ei Medane, gdje smo bili po\u010da\u0161\u0107eni s \u00a0ukusnim ru\u010dkom koji su nam priredile mama Antonija Doki\u0107 i mama Martina Orli\u0107. Veliko hvala mama na ulo\u017eenom trudu!\" \/>\n<meta property=\"og:url\" content=\"http:\/\/osnovnaskolakrk.hr\/punat\/dan-pjesacenja\/\" \/>\n<meta property=\"og:site_name\" content=\"O\u0160 &quot;Fran Krsto Frankopan&quot; Krk P\u0160 Punat\" \/>\n<meta property=\"article:published_time\" content=\"2025-10-15T06:55:18+00:00\" \/>\n<meta property=\"article:modified_time\" content=\"2025-10-15T06:55:19+00:00\" \/>\n<meta property=\"og:image\" content=\"http:\/\/osnovnaskolakrk.hr\/punat\/wp-content\/uploads\/2025\/10\/6.r-2-150x150.jpg\" \/>\n<meta name=\"twitter:card\" content=\"summary_large_image\" \/>\n<meta name=\"twitter:label1\" content=\"Procijenjeno vrijeme \u010ditanja\">\n\t<meta name=\"twitter:data1\" content=\"1 minuta\">\n<script type=\"application\/ld+json\" class=\"yoast-schema-graph\">{\"@context\":\"https:\/\/schema.org\",\"@graph\":[{\"@type\":\"WebSite\",\"@id\":\"https:\/\/osnovnaskolakrk.hr\/punat\/#website\",\"url\":\"https:\/\/osnovnaskolakrk.hr\/punat\/\",\"name\":\"O\\u0160 &quot;Fran Krsto Frankopan&quot; Krk P\\u0160 Punat\",\"description\":\"\",\"potentialAction\":[{\"@type\":\"SearchAction\",\"target\":\"https:\/\/osnovnaskolakrk.hr\/punat\/?s={search_term_string}\",\"query-input\":\"required name=search_term_string\"}],\"inLanguage\":\"hr\"},{\"@type\":\"ImageObject\",\"@id\":\"http:\/\/osnovnaskolakrk.hr\/punat\/dan-pjesacenja\/#primaryimage\",\"inLanguage\":\"hr\",\"url\":\"http:\/\/osnovnaskolakrk.hr\/punat\/wp-content\/uploads\/2025\/10\/6.r.jpg\",\"width\":1600,\"height\":900},{\"@type\":\"WebPage\",\"@id\":\"http:\/\/osnovnaskolakrk.hr\/punat\/dan-pjesacenja\/#webpage\",\"url\":\"http:\/\/osnovnaskolakrk.hr\/punat\/dan-pjesacenja\/\",\"name\":\"Dan pje\\u0161a\\u010denja - O\\u0160 &quot;Fran Krsto Frankopan&quot; Krk P\\u0160 Punat\",\"isPartOf\":{\"@id\":\"https:\/\/osnovnaskolakrk.hr\/punat\/#website\"},\"primaryImageOfPage\":{\"@id\":\"http:\/\/osnovnaskolakrk.hr\/punat\/dan-pjesacenja\/#primaryimage\"},\"datePublished\":\"2025-10-15T06:55:18+00:00\",\"dateModified\":\"2025-10-15T06:55:19+00:00\",\"author\":{\"@id\":\"https:\/\/osnovnaskolakrk.hr\/punat\/#\/schema\/person\/f195e1d386c0da5d18a64e28e2916495\"},\"breadcrumb\":{\"@id\":\"http:\/\/osnovnaskolakrk.hr\/punat\/dan-pjesacenja\/#breadcrumb\"},\"inLanguage\":\"hr\",\"potentialAction\":[{\"@type\":\"ReadAction\",\"target\":[\"http:\/\/osnovnaskolakrk.hr\/punat\/dan-pjesacenja\/\"]}]},{\"@type\":\"BreadcrumbList\",\"@id\":\"http:\/\/osnovnaskolakrk.hr\/punat\/dan-pjesacenja\/#breadcrumb\",\"itemListElement\":[{\"@type\":\"ListItem\",\"position\":1,\"item\":{\"@type\":\"WebPage\",\"@id\":\"https:\/\/osnovnaskolakrk.hr\/punat\/\",\"url\":\"https:\/\/osnovnaskolakrk.hr\/punat\/\",\"name\":\"Po\\u010detna stranica\"}},{\"@type\":\"ListItem\",\"position\":2,\"item\":{\"@type\":\"WebPage\",\"@id\":\"http:\/\/osnovnaskolakrk.hr\/punat\/dan-pjesacenja\/\",\"url\":\"http:\/\/osnovnaskolakrk.hr\/punat\/dan-pjesacenja\/\",\"name\":\"Dan pje\\u0161a\\u010denja\"}}]},{\"@type\":\"Person\",\"@id\":\"https:\/\/osnovnaskolakrk.hr\/punat\/#\/schema\/person\/f195e1d386c0da5d18a64e28e2916495\",\"name\":\"Martina Jurjevi\\u0107\",\"image\":{\"@type\":\"ImageObject\",\"@id\":\"https:\/\/osnovnaskolakrk.hr\/punat\/#personlogo\",\"inLanguage\":\"hr\",\"url\":\"https:\/\/secure.gravatar.com\/avatar\/b466d5772e1b685344cea20229553ca1bb8616d50baa0b69e0d6286793f66e8a?s=96&d=mm&r=g\",\"caption\":\"Martina Jurjevi\\u0107\"}}]}<\/script>\n<!-- \/ Yoast SEO plugin. -->","_links":{"self":[{"href":"http:\/\/osnovnaskolakrk.hr\/punat\/wp-json\/wp\/v2\/posts\/11189","targetHints":{"allow":["GET"]}}],"collection":[{"href":"http:\/\/osnovnaskolakrk.hr\/punat\/wp-json\/wp\/v2\/posts"}],"about":[{"href":"http:\/\/osnovnaskolakrk.hr\/punat\/wp-json\/wp\/v2\/types\/post"}],"author":[{"embeddable":true,"href":"http:\/\/osnovnaskolakrk.hr\/punat\/wp-json\/wp\/v2\/users\/2"}],"replies":[{"embeddable":true,"href":"http:\/\/osnovnaskolakrk.hr\/punat\/wp-json\/wp\/v2\/comments?post=11189"}],"version-history":[{"count":2,"href":"http:\/\/osnovnaskolakrk.hr\/punat\/wp-json\/wp\/v2\/posts\/11189\/revisions"}],"predecessor-version":[{"id":11194,"href":"http:\/\/osnovnaskolakrk.hr\/punat\/wp-json\/wp\/v2\/posts\/11189\/revisions\/11194"}],"wp:attachment":[{"href":"http:\/\/osnovnaskolakrk.hr\/punat\/wp-json\/wp\/v2\/media?parent=11189"}],"wp:term":[{"taxonomy":"category","embeddable":true,"href":"http:\/\/osnovnaskolakrk.hr\/punat\/wp-json\/wp\/v2\/categories?post=11189"},{"taxonomy":"post_tag","embeddable":true,"href":"http:\/\/osnovnaskolakrk.hr\/punat\/wp-json\/wp\/v2\/tags?post=11189"}],"curies":[{"name":"wp","href":"https:\/\/api.w.org\/{rel}","templated":true}]}}