{"id":11308,"date":"2025-10-17T19:19:13","date_gmt":"2025-10-17T19:19:13","guid":{"rendered":"https:\/\/osnovnaskolakrk.hr\/punat\/?p=11308"},"modified":"2025-10-17T19:19:13","modified_gmt":"2025-10-17T19:19:13","slug":"druga-berba-u-skolskom-masliniku","status":"publish","type":"post","link":"http:\/\/osnovnaskolakrk.hr\/punat\/druga-berba-u-skolskom-masliniku\/","title":{"rendered":"Druga berba u \u0161kolskom masliniku"},"content":{"rendered":"<p style=\"text-align: justify;\"><a href=\"https:\/\/osnovnaskolakrk.hr\/punat\/druga-berba-u-skolskom-masliniku\/20251017_092338_resized\/\" rel=\"attachment wp-att-11309\"><img loading=\"lazy\" decoding=\"async\" class=\"alignleft size-full wp-image-11309\" src=\"http:\/\/osnovnaskolakrk.hr\/punat\/wp-content\/uploads\/2025\/10\/20251017_092338_resized.jpg\" alt=\"\" width=\"2000\" height=\"1126\" srcset=\"http:\/\/osnovnaskolakrk.hr\/punat\/wp-content\/uploads\/2025\/10\/20251017_092338_resized.jpg 2000w, http:\/\/osnovnaskolakrk.hr\/punat\/wp-content\/uploads\/2025\/10\/20251017_092338_resized-1536x865.jpg 1536w, http:\/\/osnovnaskolakrk.hr\/punat\/wp-content\/uploads\/2025\/10\/20251017_092338_resized-624x351.jpg 624w\" sizes=\"auto, (max-width: 2000px) 100vw, 2000px\" \/><\/a>U petak, 17. listopada 2025. u\u010denici 7. i 8. razreda obavili su drugu berbu maslina u \u0161kolskom masliniku.<\/p>\n<p style=\"text-align: justify;\">Neki s vi\u0161e a neki s manje elana postavljali su ponjave, razdijelili ka\u0161ete i kante, odlu\u010dili se brati \u010de\u0161lji\u0107ima ili rukama i prionuli na prikupljanje optimalno pro\u0161aranih plodova. Pri tom su im pomagali barba \u017darko i u\u010diteljice Martina M\u0160 i Martina J.<\/p>\n<p><!--more--><\/p>\n<p style=\"text-align: justify;\">U veseloj atmosferi u vrlo kratkom roku obavili su svoj posao, a masline je na meljavu odnio ravnatelj Ser\u0111o osobno! Zahvaljujemo uljari Nono i g. Sini\u0161i Tudoru koji su bez naknade preradili na\u0161ih 33 kg maslina u zlatne kapljice.<\/p>\n\n\t\t<style type=\"text\/css\">\n\t\t\t#gallery-1 {\n\t\t\t\tmargin: auto;\n\t\t\t}\n\t\t\t#gallery-1 .gallery-item {\n\t\t\t\tfloat: left;\n\t\t\t\tmargin-top: 10px;\n\t\t\t\ttext-align: center;\n\t\t\t\twidth: 33%;\n\t\t\t}\n\t\t\t#gallery-1 img {\n\t\t\t\tborder: 2px solid #cfcfcf;\n\t\t\t}\n\t\t\t#gallery-1 .gallery-caption {\n\t\t\t\tmargin-left: 0;\n\t\t\t}\n\t\t\t\/* see gallery_shortcode() in wp-includes\/media.php *\/\n\t\t<\/style>\n\t\t<div id='gallery-1' class='gallery galleryid-11308 gallery-columns-3 gallery-size-thumbnail'><dl class='gallery-item'>\n\t\t\t<dt class='gallery-icon landscape'>\n\t\t\t\t<a href='http:\/\/osnovnaskolakrk.hr\/punat\/wp-content\/uploads\/2025\/10\/20251017_085436_resized.jpg' title=\"\" data-rl_title=\"\" class=\"rl-gallery-link\" data-rl_caption=\"\" data-rel=\"lightbox-gallery-1\"><img loading=\"lazy\" decoding=\"async\" width=\"150\" height=\"150\" src=\"http:\/\/osnovnaskolakrk.hr\/punat\/wp-content\/uploads\/2025\/10\/20251017_085436_resized-150x150.jpg\" class=\"attachment-thumbnail size-thumbnail\" alt=\"\" \/><\/a>\n\t\t\t<\/dt><\/dl><dl class='gallery-item'>\n\t\t\t<dt class='gallery-icon landscape'>\n\t\t\t\t<a href='http:\/\/osnovnaskolakrk.hr\/punat\/wp-content\/uploads\/2025\/10\/20251017_085502_resized.jpg' title=\"\" data-rl_title=\"\" class=\"rl-gallery-link\" data-rl_caption=\"\" data-rel=\"lightbox-gallery-1\"><img loading=\"lazy\" decoding=\"async\" width=\"150\" height=\"150\" src=\"http:\/\/osnovnaskolakrk.hr\/punat\/wp-content\/uploads\/2025\/10\/20251017_085502_resized-150x150.jpg\" class=\"attachment-thumbnail size-thumbnail\" alt=\"\" \/><\/a>\n\t\t\t<\/dt><\/dl><dl class='gallery-item'>\n\t\t\t<dt class='gallery-icon portrait'>\n\t\t\t\t<a href='http:\/\/osnovnaskolakrk.hr\/punat\/wp-content\/uploads\/2025\/10\/20251017_085540_resized.jpg' title=\"\" data-rl_title=\"\" class=\"rl-gallery-link\" data-rl_caption=\"\" data-rel=\"lightbox-gallery-1\"><img loading=\"lazy\" decoding=\"async\" width=\"150\" height=\"150\" src=\"http:\/\/osnovnaskolakrk.hr\/punat\/wp-content\/uploads\/2025\/10\/20251017_085540_resized-150x150.jpg\" class=\"attachment-thumbnail size-thumbnail\" alt=\"\" \/><\/a>\n\t\t\t<\/dt><\/dl><br style=\"clear: both\" \/><dl class='gallery-item'>\n\t\t\t<dt class='gallery-icon portrait'>\n\t\t\t\t<a href='http:\/\/osnovnaskolakrk.hr\/punat\/wp-content\/uploads\/2025\/10\/20251017_085608_resized.jpg' title=\"\" data-rl_title=\"\" class=\"rl-gallery-link\" data-rl_caption=\"\" data-rel=\"lightbox-gallery-1\"><img loading=\"lazy\" decoding=\"async\" width=\"150\" height=\"150\" src=\"http:\/\/osnovnaskolakrk.hr\/punat\/wp-content\/uploads\/2025\/10\/20251017_085608_resized-150x150.jpg\" class=\"attachment-thumbnail size-thumbnail\" alt=\"\" \/><\/a>\n\t\t\t<\/dt><\/dl><dl class='gallery-item'>\n\t\t\t<dt class='gallery-icon portrait'>\n\t\t\t\t<a href='http:\/\/osnovnaskolakrk.hr\/punat\/wp-content\/uploads\/2025\/10\/20251017_085626_resized.jpg' title=\"\" data-rl_title=\"\" class=\"rl-gallery-link\" data-rl_caption=\"\" data-rel=\"lightbox-gallery-1\"><img loading=\"lazy\" decoding=\"async\" width=\"150\" height=\"150\" src=\"http:\/\/osnovnaskolakrk.hr\/punat\/wp-content\/uploads\/2025\/10\/20251017_085626_resized-150x150.jpg\" class=\"attachment-thumbnail size-thumbnail\" alt=\"\" \/><\/a>\n\t\t\t<\/dt><\/dl><dl class='gallery-item'>\n\t\t\t<dt class='gallery-icon portrait'>\n\t\t\t\t<a href='http:\/\/osnovnaskolakrk.hr\/punat\/wp-content\/uploads\/2025\/10\/20251017_090228_resized.jpg' title=\"\" data-rl_title=\"\" class=\"rl-gallery-link\" data-rl_caption=\"\" data-rel=\"lightbox-gallery-1\"><img loading=\"lazy\" decoding=\"async\" width=\"150\" height=\"150\" src=\"http:\/\/osnovnaskolakrk.hr\/punat\/wp-content\/uploads\/2025\/10\/20251017_090228_resized-150x150.jpg\" class=\"attachment-thumbnail size-thumbnail\" alt=\"\" \/><\/a>\n\t\t\t<\/dt><\/dl><br style=\"clear: both\" \/><dl class='gallery-item'>\n\t\t\t<dt class='gallery-icon landscape'>\n\t\t\t\t<a href='http:\/\/osnovnaskolakrk.hr\/punat\/wp-content\/uploads\/2025\/10\/20251017_091202_resized.jpg' title=\"\" data-rl_title=\"\" class=\"rl-gallery-link\" data-rl_caption=\"\" data-rel=\"lightbox-gallery-1\"><img loading=\"lazy\" decoding=\"async\" width=\"150\" height=\"150\" src=\"http:\/\/osnovnaskolakrk.hr\/punat\/wp-content\/uploads\/2025\/10\/20251017_091202_resized-150x150.jpg\" class=\"attachment-thumbnail size-thumbnail\" alt=\"\" \/><\/a>\n\t\t\t<\/dt><\/dl><dl class='gallery-item'>\n\t\t\t<dt class='gallery-icon landscape'>\n\t\t\t\t<a href='http:\/\/osnovnaskolakrk.hr\/punat\/wp-content\/uploads\/2025\/10\/20251017_092033_resized.jpg' title=\"\" data-rl_title=\"\" class=\"rl-gallery-link\" data-rl_caption=\"\" data-rel=\"lightbox-gallery-1\"><img loading=\"lazy\" decoding=\"async\" width=\"150\" height=\"150\" src=\"http:\/\/osnovnaskolakrk.hr\/punat\/wp-content\/uploads\/2025\/10\/20251017_092033_resized-150x150.jpg\" class=\"attachment-thumbnail size-thumbnail\" alt=\"\" \/><\/a>\n\t\t\t<\/dt><\/dl>\n\t\t\t<br style='clear: both' \/>\n\t\t<\/div>\n\n","protected":false},"excerpt":{"rendered":"<p>U petak, 17. listopada 2025. u\u010denici 7. i 8. razreda obavili su drugu berbu maslina u \u0161kolskom masliniku. Neki s vi\u0161e a neki s manje elana postavljali su ponjave, razdijelili ka\u0161ete i kante, odlu\u010dili se brati \u010de\u0161lji\u0107ima ili rukama i prionuli na prikupljanje optimalno pro\u0161aranih plodova. Pri tom su im pomagali barba \u017darko i u\u010diteljice [&hellip;]<\/p>\n","protected":false},"author":2,"featured_media":0,"comment_status":"closed","ping_status":"closed","sticky":false,"template":"","format":"standard","meta":{"footnotes":""},"categories":[1],"tags":[],"class_list":["post-11308","post","type-post","status-publish","format-standard","hentry","category-nekategorizirano"],"yoast_head":"<!-- This site is optimized with the Yoast SEO plugin v15.9 - https:\/\/yoast.com\/wordpress\/plugins\/seo\/ -->\n<meta name=\"robots\" content=\"index, follow, max-snippet:-1, max-image-preview:large, max-video-preview:-1\" \/>\n<link rel=\"canonical\" href=\"http:\/\/osnovnaskolakrk.hr\/punat\/druga-berba-u-skolskom-masliniku\/\" \/>\n<meta property=\"og:locale\" content=\"hr_HR\" \/>\n<meta property=\"og:type\" content=\"article\" \/>\n<meta property=\"og:title\" content=\"Druga berba u \u0161kolskom masliniku - O\u0160 &quot;Fran Krsto Frankopan&quot; Krk P\u0160 Punat\" \/>\n<meta property=\"og:description\" content=\"U petak, 17. listopada 2025. u\u010denici 7. i 8. razreda obavili su drugu berbu maslina u \u0161kolskom masliniku. Neki s vi\u0161e a neki s manje elana postavljali su ponjave, razdijelili ka\u0161ete i kante, odlu\u010dili se brati \u010de\u0161lji\u0107ima ili rukama i prionuli na prikupljanje optimalno pro\u0161aranih plodova. Pri tom su im pomagali barba \u017darko i u\u010diteljice [&hellip;]\" \/>\n<meta property=\"og:url\" content=\"http:\/\/osnovnaskolakrk.hr\/punat\/druga-berba-u-skolskom-masliniku\/\" \/>\n<meta property=\"og:site_name\" content=\"O\u0160 &quot;Fran Krsto Frankopan&quot; Krk P\u0160 Punat\" \/>\n<meta property=\"article:published_time\" content=\"2025-10-17T19:19:13+00:00\" \/>\n<meta property=\"og:image\" content=\"http:\/\/osnovnaskolakrk.hr\/punat\/wp-content\/uploads\/2025\/10\/20251017_085436_resized-150x150.jpg\" \/>\n<meta name=\"twitter:card\" content=\"summary_large_image\" \/>\n<meta name=\"twitter:label1\" content=\"Procijenjeno vrijeme \u010ditanja\">\n\t<meta name=\"twitter:data1\" content=\"1 minuta\">\n<script type=\"application\/ld+json\" class=\"yoast-schema-graph\">{\"@context\":\"https:\/\/schema.org\",\"@graph\":[{\"@type\":\"WebSite\",\"@id\":\"https:\/\/osnovnaskolakrk.hr\/punat\/#website\",\"url\":\"https:\/\/osnovnaskolakrk.hr\/punat\/\",\"name\":\"O\\u0160 &quot;Fran Krsto Frankopan&quot; Krk P\\u0160 Punat\",\"description\":\"\",\"potentialAction\":[{\"@type\":\"SearchAction\",\"target\":\"https:\/\/osnovnaskolakrk.hr\/punat\/?s={search_term_string}\",\"query-input\":\"required name=search_term_string\"}],\"inLanguage\":\"hr\"},{\"@type\":\"ImageObject\",\"@id\":\"http:\/\/osnovnaskolakrk.hr\/punat\/druga-berba-u-skolskom-masliniku\/#primaryimage\",\"inLanguage\":\"hr\",\"url\":\"http:\/\/osnovnaskolakrk.hr\/punat\/wp-content\/uploads\/2025\/10\/20251017_092338_resized.jpg\",\"width\":2000,\"height\":1126},{\"@type\":\"WebPage\",\"@id\":\"http:\/\/osnovnaskolakrk.hr\/punat\/druga-berba-u-skolskom-masliniku\/#webpage\",\"url\":\"http:\/\/osnovnaskolakrk.hr\/punat\/druga-berba-u-skolskom-masliniku\/\",\"name\":\"Druga berba u \\u0161kolskom masliniku - O\\u0160 &quot;Fran Krsto Frankopan&quot; Krk P\\u0160 Punat\",\"isPartOf\":{\"@id\":\"https:\/\/osnovnaskolakrk.hr\/punat\/#website\"},\"primaryImageOfPage\":{\"@id\":\"http:\/\/osnovnaskolakrk.hr\/punat\/druga-berba-u-skolskom-masliniku\/#primaryimage\"},\"datePublished\":\"2025-10-17T19:19:13+00:00\",\"dateModified\":\"2025-10-17T19:19:13+00:00\",\"author\":{\"@id\":\"https:\/\/osnovnaskolakrk.hr\/punat\/#\/schema\/person\/f195e1d386c0da5d18a64e28e2916495\"},\"breadcrumb\":{\"@id\":\"http:\/\/osnovnaskolakrk.hr\/punat\/druga-berba-u-skolskom-masliniku\/#breadcrumb\"},\"inLanguage\":\"hr\",\"potentialAction\":[{\"@type\":\"ReadAction\",\"target\":[\"http:\/\/osnovnaskolakrk.hr\/punat\/druga-berba-u-skolskom-masliniku\/\"]}]},{\"@type\":\"BreadcrumbList\",\"@id\":\"http:\/\/osnovnaskolakrk.hr\/punat\/druga-berba-u-skolskom-masliniku\/#breadcrumb\",\"itemListElement\":[{\"@type\":\"ListItem\",\"position\":1,\"item\":{\"@type\":\"WebPage\",\"@id\":\"https:\/\/osnovnaskolakrk.hr\/punat\/\",\"url\":\"https:\/\/osnovnaskolakrk.hr\/punat\/\",\"name\":\"Po\\u010detna stranica\"}},{\"@type\":\"ListItem\",\"position\":2,\"item\":{\"@type\":\"WebPage\",\"@id\":\"http:\/\/osnovnaskolakrk.hr\/punat\/druga-berba-u-skolskom-masliniku\/\",\"url\":\"http:\/\/osnovnaskolakrk.hr\/punat\/druga-berba-u-skolskom-masliniku\/\",\"name\":\"Druga berba u \\u0161kolskom masliniku\"}}]},{\"@type\":\"Person\",\"@id\":\"https:\/\/osnovnaskolakrk.hr\/punat\/#\/schema\/person\/f195e1d386c0da5d18a64e28e2916495\",\"name\":\"Martina Jurjevi\\u0107\",\"image\":{\"@type\":\"ImageObject\",\"@id\":\"https:\/\/osnovnaskolakrk.hr\/punat\/#personlogo\",\"inLanguage\":\"hr\",\"url\":\"https:\/\/secure.gravatar.com\/avatar\/b466d5772e1b685344cea20229553ca1bb8616d50baa0b69e0d6286793f66e8a?s=96&d=mm&r=g\",\"caption\":\"Martina Jurjevi\\u0107\"}}]}<\/script>\n<!-- \/ Yoast SEO plugin. -->","_links":{"self":[{"href":"http:\/\/osnovnaskolakrk.hr\/punat\/wp-json\/wp\/v2\/posts\/11308","targetHints":{"allow":["GET"]}}],"collection":[{"href":"http:\/\/osnovnaskolakrk.hr\/punat\/wp-json\/wp\/v2\/posts"}],"about":[{"href":"http:\/\/osnovnaskolakrk.hr\/punat\/wp-json\/wp\/v2\/types\/post"}],"author":[{"embeddable":true,"href":"http:\/\/osnovnaskolakrk.hr\/punat\/wp-json\/wp\/v2\/users\/2"}],"replies":[{"embeddable":true,"href":"http:\/\/osnovnaskolakrk.hr\/punat\/wp-json\/wp\/v2\/comments?post=11308"}],"version-history":[{"count":2,"href":"http:\/\/osnovnaskolakrk.hr\/punat\/wp-json\/wp\/v2\/posts\/11308\/revisions"}],"predecessor-version":[{"id":11319,"href":"http:\/\/osnovnaskolakrk.hr\/punat\/wp-json\/wp\/v2\/posts\/11308\/revisions\/11319"}],"wp:attachment":[{"href":"http:\/\/osnovnaskolakrk.hr\/punat\/wp-json\/wp\/v2\/media?parent=11308"}],"wp:term":[{"taxonomy":"category","embeddable":true,"href":"http:\/\/osnovnaskolakrk.hr\/punat\/wp-json\/wp\/v2\/categories?post=11308"},{"taxonomy":"post_tag","embeddable":true,"href":"http:\/\/osnovnaskolakrk.hr\/punat\/wp-json\/wp\/v2\/tags?post=11308"}],"curies":[{"name":"wp","href":"https:\/\/api.w.org\/{rel}","templated":true}]}}