{"id":11412,"date":"2025-10-28T06:22:19","date_gmt":"2025-10-28T06:22:19","guid":{"rendered":"https:\/\/osnovnaskolakrk.hr\/punat\/?p=11412"},"modified":"2025-10-28T06:22:19","modified_gmt":"2025-10-28T06:22:19","slug":"straussov-200-rodendan","status":"publish","type":"post","link":"http:\/\/osnovnaskolakrk.hr\/punat\/straussov-200-rodendan\/","title":{"rendered":"Straussov 200. ro\u0111endan"},"content":{"rendered":"<p style=\"text-align: justify;\"><a href=\"https:\/\/osnovnaskolakrk.hr\/punat\/straussov-200-rodendan\/20251027_104021\/\" rel=\"attachment wp-att-11413\"><img loading=\"lazy\" decoding=\"async\" class=\"alignleft size-full wp-image-11413\" src=\"http:\/\/osnovnaskolakrk.hr\/punat\/wp-content\/uploads\/2025\/10\/20251027_104021.jpg\" alt=\"\" width=\"1200\" height=\"675\" srcset=\"http:\/\/osnovnaskolakrk.hr\/punat\/wp-content\/uploads\/2025\/10\/20251027_104021.jpg 1200w, http:\/\/osnovnaskolakrk.hr\/punat\/wp-content\/uploads\/2025\/10\/20251027_104021-624x351.jpg 624w\" sizes=\"auto, (max-width: 1200px) 100vw, 1200px\" \/><\/a>Danas smo u \u0161koli proslavili jedan vrlo poseban ro\u0111endan. Naime, rije\u010d je o 200. ro\u0111endanu slavnog skladatelja Johanna Straussa &#8211; kralja valcera, koji se ove godine obilje\u017eava u cijelom svijetu.<\/p>\n<p style=\"text-align: justify;\"><!--more--><\/p>\n<p>U organizaciji jezi\u010dno &#8211; kreativne grupe,\u00a0 kroz smijeh, glazbu i pokret otputovali smo u vrijeme kada su se po Be\u010du plesali valceri, \u010dule polke i kad je Strauss dirigirao.<\/p>\n<p>Program je zapo\u010deo monologom samog Johanna Straussa \u2013 kojeg je utjelovio Erik \u017dic.<br \/>\nOn nam je ispri\u010dao svoju \u017eivotnu pri\u010du: o glazbi, svome ocu i slavnim skladbama kao \u0161to su Radetzky mar\u0161, Tritsch -Tratsch polka i, naravno, valcer Na lijepom plavom Dunavu.<br \/>\nU pauzama je nastupila na\u0161a plesna skupina \u201cStraussine\u201d i dvorski plesa\u010di valcera, koji su nas poveli u \u010darobni svijet plesa i glazbe!<\/p>\n<p>Za uspomenu na ovaj dan u album spremamo video snimku i fotografije.<\/p>\n<p style=\"text-align: right;\">\nMarta Fereti\u0107<\/p>\n<figure class=\"wp-block-embed wp-block-embed-youtube is-type-video is-provider-youtube epyt-figure\"><div class=\"wp-block-embed__wrapper\"><iframe loading=\"lazy\"  id=\"_ytid_72677\"  width=\"625\" height=\"352\"  data-origwidth=\"625\" data-origheight=\"352\" src=\"https:\/\/www.youtube.com\/embed\/YyILlCsgs6o?enablejsapi=1&autoplay=0&cc_load_policy=0&cc_lang_pref=&iv_load_policy=1&loop=0&modestbranding=0&rel=1&fs=1&playsinline=0&autohide=2&theme=dark&color=red&controls=1&\" class=\"__youtube_prefs__  no-lazyload\" title=\"YouTube player\"  allow=\"fullscreen; accelerometer; autoplay; clipboard-write; encrypted-media; gyroscope; picture-in-picture\" allowfullscreen data-no-lazy=\"1\" data-skipgform_ajax_framebjll=\"\"><\/iframe><\/div><\/figure>\n","protected":false},"excerpt":{"rendered":"<p>Danas smo u \u0161koli proslavili jedan vrlo poseban ro\u0111endan. Naime, rije\u010d je o 200. ro\u0111endanu slavnog skladatelja Johanna Straussa &#8211; kralja valcera, koji se ove godine obilje\u017eava u cijelom svijetu.<\/p>\n","protected":false},"author":2,"featured_media":0,"comment_status":"closed","ping_status":"closed","sticky":false,"template":"","format":"standard","meta":{"footnotes":""},"categories":[1],"tags":[],"class_list":["post-11412","post","type-post","status-publish","format-standard","hentry","category-nekategorizirano"],"yoast_head":"<!-- This site is optimized with the Yoast SEO plugin v15.9 - https:\/\/yoast.com\/wordpress\/plugins\/seo\/ -->\n<meta name=\"robots\" content=\"index, follow, max-snippet:-1, max-image-preview:large, max-video-preview:-1\" \/>\n<link rel=\"canonical\" href=\"http:\/\/osnovnaskolakrk.hr\/punat\/straussov-200-rodendan\/\" \/>\n<meta property=\"og:locale\" content=\"hr_HR\" \/>\n<meta property=\"og:type\" content=\"article\" \/>\n<meta property=\"og:title\" content=\"Straussov 200. ro\u0111endan - O\u0160 &quot;Fran Krsto Frankopan&quot; Krk P\u0160 Punat\" \/>\n<meta property=\"og:description\" content=\"Danas smo u \u0161koli proslavili jedan vrlo poseban ro\u0111endan. Naime, rije\u010d je o 200. ro\u0111endanu slavnog skladatelja Johanna Straussa &#8211; kralja valcera, koji se ove godine obilje\u017eava u cijelom svijetu.\" \/>\n<meta property=\"og:url\" content=\"http:\/\/osnovnaskolakrk.hr\/punat\/straussov-200-rodendan\/\" \/>\n<meta property=\"og:site_name\" content=\"O\u0160 &quot;Fran Krsto Frankopan&quot; Krk P\u0160 Punat\" \/>\n<meta property=\"article:published_time\" content=\"2025-10-28T06:22:19+00:00\" \/>\n<meta property=\"og:image\" content=\"http:\/\/osnovnaskolakrk.hr\/punat\/wp-content\/uploads\/2025\/10\/20251027_104021.jpg\" \/>\n<meta name=\"twitter:card\" content=\"summary_large_image\" \/>\n<meta name=\"twitter:label1\" content=\"Procijenjeno vrijeme \u010ditanja\">\n\t<meta name=\"twitter:data1\" content=\"1 minuta\">\n<script type=\"application\/ld+json\" class=\"yoast-schema-graph\">{\"@context\":\"https:\/\/schema.org\",\"@graph\":[{\"@type\":\"WebSite\",\"@id\":\"https:\/\/osnovnaskolakrk.hr\/punat\/#website\",\"url\":\"https:\/\/osnovnaskolakrk.hr\/punat\/\",\"name\":\"O\\u0160 &quot;Fran Krsto Frankopan&quot; Krk P\\u0160 Punat\",\"description\":\"\",\"potentialAction\":[{\"@type\":\"SearchAction\",\"target\":\"https:\/\/osnovnaskolakrk.hr\/punat\/?s={search_term_string}\",\"query-input\":\"required name=search_term_string\"}],\"inLanguage\":\"hr\"},{\"@type\":\"ImageObject\",\"@id\":\"http:\/\/osnovnaskolakrk.hr\/punat\/straussov-200-rodendan\/#primaryimage\",\"inLanguage\":\"hr\",\"url\":\"http:\/\/osnovnaskolakrk.hr\/punat\/wp-content\/uploads\/2025\/10\/20251027_104021.jpg\",\"width\":1200,\"height\":675},{\"@type\":\"WebPage\",\"@id\":\"http:\/\/osnovnaskolakrk.hr\/punat\/straussov-200-rodendan\/#webpage\",\"url\":\"http:\/\/osnovnaskolakrk.hr\/punat\/straussov-200-rodendan\/\",\"name\":\"Straussov 200. ro\\u0111endan - O\\u0160 &quot;Fran Krsto Frankopan&quot; Krk P\\u0160 Punat\",\"isPartOf\":{\"@id\":\"https:\/\/osnovnaskolakrk.hr\/punat\/#website\"},\"primaryImageOfPage\":{\"@id\":\"http:\/\/osnovnaskolakrk.hr\/punat\/straussov-200-rodendan\/#primaryimage\"},\"datePublished\":\"2025-10-28T06:22:19+00:00\",\"dateModified\":\"2025-10-28T06:22:19+00:00\",\"author\":{\"@id\":\"https:\/\/osnovnaskolakrk.hr\/punat\/#\/schema\/person\/f195e1d386c0da5d18a64e28e2916495\"},\"breadcrumb\":{\"@id\":\"http:\/\/osnovnaskolakrk.hr\/punat\/straussov-200-rodendan\/#breadcrumb\"},\"inLanguage\":\"hr\",\"potentialAction\":[{\"@type\":\"ReadAction\",\"target\":[\"http:\/\/osnovnaskolakrk.hr\/punat\/straussov-200-rodendan\/\"]}]},{\"@type\":\"BreadcrumbList\",\"@id\":\"http:\/\/osnovnaskolakrk.hr\/punat\/straussov-200-rodendan\/#breadcrumb\",\"itemListElement\":[{\"@type\":\"ListItem\",\"position\":1,\"item\":{\"@type\":\"WebPage\",\"@id\":\"https:\/\/osnovnaskolakrk.hr\/punat\/\",\"url\":\"https:\/\/osnovnaskolakrk.hr\/punat\/\",\"name\":\"Po\\u010detna stranica\"}},{\"@type\":\"ListItem\",\"position\":2,\"item\":{\"@type\":\"WebPage\",\"@id\":\"http:\/\/osnovnaskolakrk.hr\/punat\/straussov-200-rodendan\/\",\"url\":\"http:\/\/osnovnaskolakrk.hr\/punat\/straussov-200-rodendan\/\",\"name\":\"Straussov 200. ro\\u0111endan\"}}]},{\"@type\":\"Person\",\"@id\":\"https:\/\/osnovnaskolakrk.hr\/punat\/#\/schema\/person\/f195e1d386c0da5d18a64e28e2916495\",\"name\":\"Martina Jurjevi\\u0107\",\"image\":{\"@type\":\"ImageObject\",\"@id\":\"https:\/\/osnovnaskolakrk.hr\/punat\/#personlogo\",\"inLanguage\":\"hr\",\"url\":\"https:\/\/secure.gravatar.com\/avatar\/b466d5772e1b685344cea20229553ca1bb8616d50baa0b69e0d6286793f66e8a?s=96&d=mm&r=g\",\"caption\":\"Martina Jurjevi\\u0107\"}}]}<\/script>\n<!-- \/ Yoast SEO plugin. -->","_links":{"self":[{"href":"http:\/\/osnovnaskolakrk.hr\/punat\/wp-json\/wp\/v2\/posts\/11412","targetHints":{"allow":["GET"]}}],"collection":[{"href":"http:\/\/osnovnaskolakrk.hr\/punat\/wp-json\/wp\/v2\/posts"}],"about":[{"href":"http:\/\/osnovnaskolakrk.hr\/punat\/wp-json\/wp\/v2\/types\/post"}],"author":[{"embeddable":true,"href":"http:\/\/osnovnaskolakrk.hr\/punat\/wp-json\/wp\/v2\/users\/2"}],"replies":[{"embeddable":true,"href":"http:\/\/osnovnaskolakrk.hr\/punat\/wp-json\/wp\/v2\/comments?post=11412"}],"version-history":[{"count":2,"href":"http:\/\/osnovnaskolakrk.hr\/punat\/wp-json\/wp\/v2\/posts\/11412\/revisions"}],"predecessor-version":[{"id":11415,"href":"http:\/\/osnovnaskolakrk.hr\/punat\/wp-json\/wp\/v2\/posts\/11412\/revisions\/11415"}],"wp:attachment":[{"href":"http:\/\/osnovnaskolakrk.hr\/punat\/wp-json\/wp\/v2\/media?parent=11412"}],"wp:term":[{"taxonomy":"category","embeddable":true,"href":"http:\/\/osnovnaskolakrk.hr\/punat\/wp-json\/wp\/v2\/categories?post=11412"},{"taxonomy":"post_tag","embeddable":true,"href":"http:\/\/osnovnaskolakrk.hr\/punat\/wp-json\/wp\/v2\/tags?post=11412"}],"curies":[{"name":"wp","href":"https:\/\/api.w.org\/{rel}","templated":true}]}}