{"id":11450,"date":"2025-11-07T11:07:25","date_gmt":"2025-11-07T11:07:25","guid":{"rendered":"https:\/\/osnovnaskolakrk.hr\/punat\/?p=11450"},"modified":"2025-11-07T11:07:25","modified_gmt":"2025-11-07T11:07:25","slug":"posjet-hrvatskom-kulturnom-domu-na-susaku","status":"publish","type":"post","link":"http:\/\/osnovnaskolakrk.hr\/punat\/posjet-hrvatskom-kulturnom-domu-na-susaku\/","title":{"rendered":"Posjet Hrvatskom kulturnom domu na Su\u0161aku"},"content":{"rendered":"<p style=\"text-align: justify;\"><a href=\"https:\/\/osnovnaskolakrk.hr\/punat\/posjet-hrvatskom-kulturnom-domu-na-susaku\/img-0192f3f736f8458ba474a226cf9d7258-v\/\" rel=\"attachment wp-att-11451\"><img loading=\"lazy\" decoding=\"async\" class=\"alignleft size-full wp-image-11451\" src=\"http:\/\/osnovnaskolakrk.hr\/punat\/wp-content\/uploads\/2025\/11\/IMG-0192f3f736f8458ba474a226cf9d7258-V.jpg\" alt=\"\" width=\"1600\" height=\"1200\" srcset=\"http:\/\/osnovnaskolakrk.hr\/punat\/wp-content\/uploads\/2025\/11\/IMG-0192f3f736f8458ba474a226cf9d7258-V.jpg 1600w, http:\/\/osnovnaskolakrk.hr\/punat\/wp-content\/uploads\/2025\/11\/IMG-0192f3f736f8458ba474a226cf9d7258-V-1536x1152.jpg 1536w, http:\/\/osnovnaskolakrk.hr\/punat\/wp-content\/uploads\/2025\/11\/IMG-0192f3f736f8458ba474a226cf9d7258-V-624x468.jpg 624w\" sizes=\"auto, (max-width: 1600px) 100vw, 1600px\" \/><\/a>U petak, 7. studenoga u\u010denici 1.a i b te 2. razreda na\u0161e \u0161kole posjetili su Hrvatski kulturni dom na Su\u0161aku, gdje su pogledali nagra\u0111ivanu predstavu \u201eMisto di raste lavundulilili\u201c u izvedbi Kazali\u0161ta lutaka Zadar.<\/p>\n<p style=\"text-align: justify;\"><!--more--><br \/>\nPredstava je odu\u0161evila u\u010denike svojom toplom pri\u010dom i ma\u0161tovitim lutkarskim likovima. Djeca su s velikim zanimanjem pratila doga\u0111anja na pozornici te u\u017eivala u \u010daroliji kazali\u0161ta.<br \/>\nNakon predstave u\u010denici su pro\u0161etali sredi\u0161tem Rijeke, u\u017eivaju\u0107i u zajedni\u010dkom dru\u017eenju i predivnom jesenskom danu.<br \/>\nU\u010denici su se vratili u Punat prepuni dojmova, osmijeha i lijepih uspomena na jo\u0161 jedan zajedni\u010dki \u0161kolski izlet.<\/p>\n<p style=\"text-align: right;\">1.a i b, 2. razred i u\u010diteljice<\/p>\n\n\t\t<style type=\"text\/css\">\n\t\t\t#gallery-1 {\n\t\t\t\tmargin: auto;\n\t\t\t}\n\t\t\t#gallery-1 .gallery-item {\n\t\t\t\tfloat: left;\n\t\t\t\tmargin-top: 10px;\n\t\t\t\ttext-align: center;\n\t\t\t\twidth: 33%;\n\t\t\t}\n\t\t\t#gallery-1 img {\n\t\t\t\tborder: 2px solid #cfcfcf;\n\t\t\t}\n\t\t\t#gallery-1 .gallery-caption {\n\t\t\t\tmargin-left: 0;\n\t\t\t}\n\t\t\t\/* see gallery_shortcode() in wp-includes\/media.php *\/\n\t\t<\/style>\n\t\t<div id='gallery-1' class='gallery galleryid-11450 gallery-columns-3 gallery-size-thumbnail'><dl class='gallery-item'>\n\t\t\t<dt class='gallery-icon landscape'>\n\t\t\t\t<a href='http:\/\/osnovnaskolakrk.hr\/punat\/wp-content\/uploads\/2025\/11\/IMG-55f8a2b18bfa62e85ac1a9e5265424cc-V.jpg' title=\"\" data-rl_title=\"\" class=\"rl-gallery-link\" data-rl_caption=\"\" data-rel=\"lightbox-gallery-1\"><img loading=\"lazy\" decoding=\"async\" width=\"150\" height=\"150\" src=\"http:\/\/osnovnaskolakrk.hr\/punat\/wp-content\/uploads\/2025\/11\/IMG-55f8a2b18bfa62e85ac1a9e5265424cc-V-150x150.jpg\" class=\"attachment-thumbnail size-thumbnail\" alt=\"\" \/><\/a>\n\t\t\t<\/dt><\/dl><dl class='gallery-item'>\n\t\t\t<dt class='gallery-icon landscape'>\n\t\t\t\t<a href='http:\/\/osnovnaskolakrk.hr\/punat\/wp-content\/uploads\/2025\/11\/IMG-5a6d157591c58ca119248aea5ab75b82-V.jpg' title=\"\" data-rl_title=\"\" class=\"rl-gallery-link\" data-rl_caption=\"\" data-rel=\"lightbox-gallery-1\"><img loading=\"lazy\" decoding=\"async\" width=\"150\" height=\"150\" src=\"http:\/\/osnovnaskolakrk.hr\/punat\/wp-content\/uploads\/2025\/11\/IMG-5a6d157591c58ca119248aea5ab75b82-V-150x150.jpg\" class=\"attachment-thumbnail size-thumbnail\" alt=\"\" \/><\/a>\n\t\t\t<\/dt><\/dl><dl class='gallery-item'>\n\t\t\t<dt class='gallery-icon portrait'>\n\t\t\t\t<a href='http:\/\/osnovnaskolakrk.hr\/punat\/wp-content\/uploads\/2025\/11\/IMG-aed6fb69a58bfe0e5c071d5710751d6a-V.jpg' title=\"\" data-rl_title=\"\" class=\"rl-gallery-link\" data-rl_caption=\"\" data-rel=\"lightbox-gallery-1\"><img loading=\"lazy\" decoding=\"async\" width=\"150\" height=\"150\" src=\"http:\/\/osnovnaskolakrk.hr\/punat\/wp-content\/uploads\/2025\/11\/IMG-aed6fb69a58bfe0e5c071d5710751d6a-V-150x150.jpg\" class=\"attachment-thumbnail size-thumbnail\" alt=\"\" \/><\/a>\n\t\t\t<\/dt><\/dl><br style=\"clear: both\" \/><dl class='gallery-item'>\n\t\t\t<dt class='gallery-icon portrait'>\n\t\t\t\t<a href='http:\/\/osnovnaskolakrk.hr\/punat\/wp-content\/uploads\/2025\/11\/IMG-9a9a5685c630876b6529faad6bfb0b1d-V.jpg' title=\"\" data-rl_title=\"\" class=\"rl-gallery-link\" data-rl_caption=\"\" data-rel=\"lightbox-gallery-1\"><img loading=\"lazy\" decoding=\"async\" width=\"150\" height=\"150\" src=\"http:\/\/osnovnaskolakrk.hr\/punat\/wp-content\/uploads\/2025\/11\/IMG-9a9a5685c630876b6529faad6bfb0b1d-V-150x150.jpg\" class=\"attachment-thumbnail size-thumbnail\" alt=\"\" \/><\/a>\n\t\t\t<\/dt><\/dl>\n\t\t\t<br style='clear: both' \/>\n\t\t<\/div>\n\n","protected":false},"excerpt":{"rendered":"<p>U petak, 7. studenoga u\u010denici 1.a i b te 2. razreda na\u0161e \u0161kole posjetili su Hrvatski kulturni dom na Su\u0161aku, gdje su pogledali nagra\u0111ivanu predstavu \u201eMisto di raste lavundulilili\u201c u izvedbi Kazali\u0161ta lutaka Zadar.<\/p>\n","protected":false},"author":2,"featured_media":0,"comment_status":"closed","ping_status":"closed","sticky":false,"template":"","format":"standard","meta":{"footnotes":""},"categories":[1],"tags":[],"class_list":["post-11450","post","type-post","status-publish","format-standard","hentry","category-nekategorizirano"],"yoast_head":"<!-- This site is optimized with the Yoast SEO plugin v15.9 - https:\/\/yoast.com\/wordpress\/plugins\/seo\/ -->\n<meta name=\"robots\" content=\"index, follow, max-snippet:-1, max-image-preview:large, max-video-preview:-1\" \/>\n<link rel=\"canonical\" href=\"http:\/\/osnovnaskolakrk.hr\/punat\/posjet-hrvatskom-kulturnom-domu-na-susaku\/\" \/>\n<meta property=\"og:locale\" content=\"hr_HR\" \/>\n<meta property=\"og:type\" content=\"article\" \/>\n<meta property=\"og:title\" content=\"Posjet Hrvatskom kulturnom domu na Su\u0161aku - O\u0160 &quot;Fran Krsto Frankopan&quot; Krk P\u0160 Punat\" \/>\n<meta property=\"og:description\" content=\"U petak, 7. studenoga u\u010denici 1.a i b te 2. razreda na\u0161e \u0161kole posjetili su Hrvatski kulturni dom na Su\u0161aku, gdje su pogledali nagra\u0111ivanu predstavu \u201eMisto di raste lavundulilili\u201c u izvedbi Kazali\u0161ta lutaka Zadar.\" \/>\n<meta property=\"og:url\" content=\"http:\/\/osnovnaskolakrk.hr\/punat\/posjet-hrvatskom-kulturnom-domu-na-susaku\/\" \/>\n<meta property=\"og:site_name\" content=\"O\u0160 &quot;Fran Krsto Frankopan&quot; Krk P\u0160 Punat\" \/>\n<meta property=\"article:published_time\" content=\"2025-11-07T11:07:25+00:00\" \/>\n<meta property=\"og:image\" content=\"http:\/\/osnovnaskolakrk.hr\/punat\/wp-content\/uploads\/2025\/11\/IMG-55f8a2b18bfa62e85ac1a9e5265424cc-V-150x150.jpg\" \/>\n<meta name=\"twitter:card\" content=\"summary_large_image\" \/>\n<meta name=\"twitter:label1\" content=\"Procijenjeno vrijeme \u010ditanja\">\n\t<meta name=\"twitter:data1\" content=\"1 minuta\">\n<script type=\"application\/ld+json\" class=\"yoast-schema-graph\">{\"@context\":\"https:\/\/schema.org\",\"@graph\":[{\"@type\":\"WebSite\",\"@id\":\"https:\/\/osnovnaskolakrk.hr\/punat\/#website\",\"url\":\"https:\/\/osnovnaskolakrk.hr\/punat\/\",\"name\":\"O\\u0160 &quot;Fran Krsto Frankopan&quot; Krk P\\u0160 Punat\",\"description\":\"\",\"potentialAction\":[{\"@type\":\"SearchAction\",\"target\":\"https:\/\/osnovnaskolakrk.hr\/punat\/?s={search_term_string}\",\"query-input\":\"required name=search_term_string\"}],\"inLanguage\":\"hr\"},{\"@type\":\"ImageObject\",\"@id\":\"http:\/\/osnovnaskolakrk.hr\/punat\/posjet-hrvatskom-kulturnom-domu-na-susaku\/#primaryimage\",\"inLanguage\":\"hr\",\"url\":\"http:\/\/osnovnaskolakrk.hr\/punat\/wp-content\/uploads\/2025\/11\/IMG-0192f3f736f8458ba474a226cf9d7258-V.jpg\",\"width\":1600,\"height\":1200},{\"@type\":\"WebPage\",\"@id\":\"http:\/\/osnovnaskolakrk.hr\/punat\/posjet-hrvatskom-kulturnom-domu-na-susaku\/#webpage\",\"url\":\"http:\/\/osnovnaskolakrk.hr\/punat\/posjet-hrvatskom-kulturnom-domu-na-susaku\/\",\"name\":\"Posjet Hrvatskom kulturnom domu na Su\\u0161aku - O\\u0160 &quot;Fran Krsto Frankopan&quot; Krk P\\u0160 Punat\",\"isPartOf\":{\"@id\":\"https:\/\/osnovnaskolakrk.hr\/punat\/#website\"},\"primaryImageOfPage\":{\"@id\":\"http:\/\/osnovnaskolakrk.hr\/punat\/posjet-hrvatskom-kulturnom-domu-na-susaku\/#primaryimage\"},\"datePublished\":\"2025-11-07T11:07:25+00:00\",\"dateModified\":\"2025-11-07T11:07:25+00:00\",\"author\":{\"@id\":\"https:\/\/osnovnaskolakrk.hr\/punat\/#\/schema\/person\/f195e1d386c0da5d18a64e28e2916495\"},\"breadcrumb\":{\"@id\":\"http:\/\/osnovnaskolakrk.hr\/punat\/posjet-hrvatskom-kulturnom-domu-na-susaku\/#breadcrumb\"},\"inLanguage\":\"hr\",\"potentialAction\":[{\"@type\":\"ReadAction\",\"target\":[\"http:\/\/osnovnaskolakrk.hr\/punat\/posjet-hrvatskom-kulturnom-domu-na-susaku\/\"]}]},{\"@type\":\"BreadcrumbList\",\"@id\":\"http:\/\/osnovnaskolakrk.hr\/punat\/posjet-hrvatskom-kulturnom-domu-na-susaku\/#breadcrumb\",\"itemListElement\":[{\"@type\":\"ListItem\",\"position\":1,\"item\":{\"@type\":\"WebPage\",\"@id\":\"https:\/\/osnovnaskolakrk.hr\/punat\/\",\"url\":\"https:\/\/osnovnaskolakrk.hr\/punat\/\",\"name\":\"Po\\u010detna stranica\"}},{\"@type\":\"ListItem\",\"position\":2,\"item\":{\"@type\":\"WebPage\",\"@id\":\"http:\/\/osnovnaskolakrk.hr\/punat\/posjet-hrvatskom-kulturnom-domu-na-susaku\/\",\"url\":\"http:\/\/osnovnaskolakrk.hr\/punat\/posjet-hrvatskom-kulturnom-domu-na-susaku\/\",\"name\":\"Posjet Hrvatskom kulturnom domu na Su\\u0161aku\"}}]},{\"@type\":\"Person\",\"@id\":\"https:\/\/osnovnaskolakrk.hr\/punat\/#\/schema\/person\/f195e1d386c0da5d18a64e28e2916495\",\"name\":\"Martina Jurjevi\\u0107\",\"image\":{\"@type\":\"ImageObject\",\"@id\":\"https:\/\/osnovnaskolakrk.hr\/punat\/#personlogo\",\"inLanguage\":\"hr\",\"url\":\"https:\/\/secure.gravatar.com\/avatar\/b466d5772e1b685344cea20229553ca1bb8616d50baa0b69e0d6286793f66e8a?s=96&d=mm&r=g\",\"caption\":\"Martina Jurjevi\\u0107\"}}]}<\/script>\n<!-- \/ Yoast SEO plugin. -->","_links":{"self":[{"href":"http:\/\/osnovnaskolakrk.hr\/punat\/wp-json\/wp\/v2\/posts\/11450","targetHints":{"allow":["GET"]}}],"collection":[{"href":"http:\/\/osnovnaskolakrk.hr\/punat\/wp-json\/wp\/v2\/posts"}],"about":[{"href":"http:\/\/osnovnaskolakrk.hr\/punat\/wp-json\/wp\/v2\/types\/post"}],"author":[{"embeddable":true,"href":"http:\/\/osnovnaskolakrk.hr\/punat\/wp-json\/wp\/v2\/users\/2"}],"replies":[{"embeddable":true,"href":"http:\/\/osnovnaskolakrk.hr\/punat\/wp-json\/wp\/v2\/comments?post=11450"}],"version-history":[{"count":2,"href":"http:\/\/osnovnaskolakrk.hr\/punat\/wp-json\/wp\/v2\/posts\/11450\/revisions"}],"predecessor-version":[{"id":11457,"href":"http:\/\/osnovnaskolakrk.hr\/punat\/wp-json\/wp\/v2\/posts\/11450\/revisions\/11457"}],"wp:attachment":[{"href":"http:\/\/osnovnaskolakrk.hr\/punat\/wp-json\/wp\/v2\/media?parent=11450"}],"wp:term":[{"taxonomy":"category","embeddable":true,"href":"http:\/\/osnovnaskolakrk.hr\/punat\/wp-json\/wp\/v2\/categories?post=11450"},{"taxonomy":"post_tag","embeddable":true,"href":"http:\/\/osnovnaskolakrk.hr\/punat\/wp-json\/wp\/v2\/tags?post=11450"}],"curies":[{"name":"wp","href":"https:\/\/api.w.org\/{rel}","templated":true}]}}