{"id":11473,"date":"2025-11-17T12:13:57","date_gmt":"2025-11-17T12:13:57","guid":{"rendered":"https:\/\/osnovnaskolakrk.hr\/punat\/?p=11473"},"modified":"2025-11-17T12:13:57","modified_gmt":"2025-11-17T12:13:57","slug":"doprinesi-i-ti-cistoj-plazi","status":"publish","type":"post","link":"http:\/\/osnovnaskolakrk.hr\/punat\/doprinesi-i-ti-cistoj-plazi\/","title":{"rendered":"&#8220;Doprinesi i ti \u010distoj pla\u017ei&#8221;"},"content":{"rendered":"<p style=\"text-align: justify;\"><a href=\"https:\/\/osnovnaskolakrk.hr\/punat\/doprinesi-i-ti-cistoj-plazi\/img-b4d1ceaeef72ff88d8615cb26f911317-v\/\" rel=\"attachment wp-att-11476\"><img loading=\"lazy\" decoding=\"async\" class=\"alignleft size-full wp-image-11476\" src=\"http:\/\/osnovnaskolakrk.hr\/punat\/wp-content\/uploads\/2025\/11\/IMG-b4d1ceaeef72ff88d8615cb26f911317-V.jpg\" alt=\"\" width=\"1600\" height=\"1200\" srcset=\"http:\/\/osnovnaskolakrk.hr\/punat\/wp-content\/uploads\/2025\/11\/IMG-b4d1ceaeef72ff88d8615cb26f911317-V.jpg 1600w, http:\/\/osnovnaskolakrk.hr\/punat\/wp-content\/uploads\/2025\/11\/IMG-b4d1ceaeef72ff88d8615cb26f911317-V-1536x1152.jpg 1536w, http:\/\/osnovnaskolakrk.hr\/punat\/wp-content\/uploads\/2025\/11\/IMG-b4d1ceaeef72ff88d8615cb26f911317-V-624x468.jpg 624w\" sizes=\"auto, (max-width: 1600px) 100vw, 1600px\" \/><\/a>Na\u0161 cjelogodi\u0161nji \u0161kolski projekt\u00a0<b>\u201eDOPRINESI I TI \u010cISTOJ PLA\u017dI\u201d<\/b>\u00a0posve\u0107en je o\u010duvanju \u010disto\u0107e mora i obale te razvijanju ekolo\u0161ke svijesti me\u0111u u\u010denicima i lokalnom zajednicom.<\/p>\n<p><!--more--><\/p>\n<p style=\"text-align: justify;\">Nakon uspje\u0161no provedene\u00a0akcije \u010di\u0161\u0107enja pla\u017ee\u00a0u\u00a0suradnji s Institutom\u00a0MareMundi,\u00a0gdje smo prikupljali otpad te u\u010dili o va\u017enosti pravilnog razvrstavanja i recikliranja, kao nastavak tog projekta pojedine u\u010denice 6. i 7. razreda na dodatnoj su nastavi biologije izradile\u00a03D maketu.\u00a0Maketa\u00a0prikazuje stanje mora zbog zaga\u0111enja te na\u010dine na koje \u010dovjek mo\u017ee doprinijeti njegovom o\u010duvanju. Maketa \u0107e biti izlo\u017eena u holu na\u0161e \u0161kole kako bi sve u\u010denike, kao i na\u0161e roditelje, osvijestili\u00a0o potrebi o\u010duvanja Jadrana i svih mora svijeta za generacije koje dolaze.<\/p>\n<p style=\"text-align: justify;\">Tako\u0111er su\u00a0snimile<b>\u00a0video uradak\u00a0<\/b>koji prikazuje sve faze projekta \u2014 od pripreme i \u010di\u0161\u0107enja pla\u017ee do predstavljanja makete \u2014 s ciljem poticanja svih ljudi na brigu o okoli\u0161u i o\u010duvanje prirode.<\/p>\n<p style=\"text-align: justify;\">Na\u0161 smo projekt prijavili na\u00a0<span style=\"font-size: large;\">Natje\u010daj za najbolje EKO projekte dje\u010djih vrti\u0107a, osnovnih i\u00a0srednjih \u0161kola\u00a0<\/span>Novog lista i Ine.<\/p>\n<p style=\"text-align: justify;\">I dok s nestrpljenjem o\u010dekujemo objavu nov\u010dano nagra\u0111enih projekata, jedna\u00a0 poruka za kraj:\u00a0<b>&#8220;Neka sunce sja bez srama &#8211;\u00a0\u010duvaj more, \u010duvaj ga s nama&#8221;<\/b><\/p>\n<p style=\"text-align: right;\">u\u010diteljica Martina Milo\u0161 \u0160imani\u0107<\/p>\n<figure class=\"wp-block-embed wp-block-embed-youtube is-type-video is-provider-youtube epyt-figure\"><div class=\"wp-block-embed__wrapper\"><iframe loading=\"lazy\"  id=\"_ytid_28483\"  width=\"625\" height=\"352\"  data-origwidth=\"625\" data-origheight=\"352\" src=\"https:\/\/www.youtube.com\/embed\/GEomnB0oYvs?enablejsapi=1&autoplay=0&cc_load_policy=0&cc_lang_pref=&iv_load_policy=1&loop=0&modestbranding=0&rel=1&fs=1&playsinline=0&autohide=2&theme=dark&color=red&controls=1&\" class=\"__youtube_prefs__  no-lazyload\" title=\"YouTube player\"  allow=\"fullscreen; accelerometer; autoplay; clipboard-write; encrypted-media; gyroscope; picture-in-picture\" allowfullscreen data-no-lazy=\"1\" data-skipgform_ajax_framebjll=\"\"><\/iframe><\/div><\/figure>\n<p><a href=\"https:\/\/osnovnaskolakrk.hr\/punat\/doprinesi-i-ti-cistoj-plazi\/img-ef7e8543d26e27345d2ac711e1f92313-v\/\" rel=\"attachment wp-att-11475\"><img loading=\"lazy\" decoding=\"async\" class=\"alignleft size-full wp-image-11475\" src=\"http:\/\/osnovnaskolakrk.hr\/punat\/wp-content\/uploads\/2025\/11\/IMG-ef7e8543d26e27345d2ac711e1f92313-V.jpg\" alt=\"\" width=\"1200\" height=\"1600\" srcset=\"http:\/\/osnovnaskolakrk.hr\/punat\/wp-content\/uploads\/2025\/11\/IMG-ef7e8543d26e27345d2ac711e1f92313-V.jpg 1200w, http:\/\/osnovnaskolakrk.hr\/punat\/wp-content\/uploads\/2025\/11\/IMG-ef7e8543d26e27345d2ac711e1f92313-V-1152x1536.jpg 1152w, http:\/\/osnovnaskolakrk.hr\/punat\/wp-content\/uploads\/2025\/11\/IMG-ef7e8543d26e27345d2ac711e1f92313-V-624x832.jpg 624w\" sizes=\"auto, (max-width: 1200px) 100vw, 1200px\" \/><\/a> <a href=\"https:\/\/osnovnaskolakrk.hr\/punat\/doprinesi-i-ti-cistoj-plazi\/img-eedcba56c97aee57981b642f07081130-v\/\" rel=\"attachment wp-att-11474\"><img loading=\"lazy\" decoding=\"async\" class=\"alignleft size-full wp-image-11474\" src=\"http:\/\/osnovnaskolakrk.hr\/punat\/wp-content\/uploads\/2025\/11\/IMG-eedcba56c97aee57981b642f07081130-V.jpg\" alt=\"\" width=\"1200\" height=\"1600\" srcset=\"http:\/\/osnovnaskolakrk.hr\/punat\/wp-content\/uploads\/2025\/11\/IMG-eedcba56c97aee57981b642f07081130-V.jpg 1200w, http:\/\/osnovnaskolakrk.hr\/punat\/wp-content\/uploads\/2025\/11\/IMG-eedcba56c97aee57981b642f07081130-V-1152x1536.jpg 1152w, http:\/\/osnovnaskolakrk.hr\/punat\/wp-content\/uploads\/2025\/11\/IMG-eedcba56c97aee57981b642f07081130-V-624x832.jpg 624w\" sizes=\"auto, (max-width: 1200px) 100vw, 1200px\" \/><\/a><\/p>\n","protected":false},"excerpt":{"rendered":"<p>Na\u0161 cjelogodi\u0161nji \u0161kolski projekt\u00a0\u201eDOPRINESI I TI \u010cISTOJ PLA\u017dI\u201d\u00a0posve\u0107en je o\u010duvanju \u010disto\u0107e mora i obale te razvijanju ekolo\u0161ke svijesti me\u0111u u\u010denicima i lokalnom zajednicom.<\/p>\n","protected":false},"author":2,"featured_media":0,"comment_status":"closed","ping_status":"closed","sticky":false,"template":"","format":"standard","meta":{"footnotes":""},"categories":[1],"tags":[],"class_list":["post-11473","post","type-post","status-publish","format-standard","hentry","category-nekategorizirano"],"yoast_head":"<!-- This site is optimized with the Yoast SEO plugin v15.9 - https:\/\/yoast.com\/wordpress\/plugins\/seo\/ -->\n<meta name=\"robots\" content=\"index, follow, max-snippet:-1, max-image-preview:large, max-video-preview:-1\" \/>\n<link rel=\"canonical\" href=\"http:\/\/osnovnaskolakrk.hr\/punat\/doprinesi-i-ti-cistoj-plazi\/\" \/>\n<meta property=\"og:locale\" content=\"hr_HR\" \/>\n<meta property=\"og:type\" content=\"article\" \/>\n<meta property=\"og:title\" content=\"&quot;Doprinesi i ti \u010distoj pla\u017ei&quot; - O\u0160 &quot;Fran Krsto Frankopan&quot; Krk P\u0160 Punat\" \/>\n<meta property=\"og:description\" content=\"Na\u0161 cjelogodi\u0161nji \u0161kolski projekt\u00a0\u201eDOPRINESI I TI \u010cISTOJ PLA\u017dI\u201d\u00a0posve\u0107en je o\u010duvanju \u010disto\u0107e mora i obale te razvijanju ekolo\u0161ke svijesti me\u0111u u\u010denicima i lokalnom zajednicom.\" \/>\n<meta property=\"og:url\" content=\"http:\/\/osnovnaskolakrk.hr\/punat\/doprinesi-i-ti-cistoj-plazi\/\" \/>\n<meta property=\"og:site_name\" content=\"O\u0160 &quot;Fran Krsto Frankopan&quot; Krk P\u0160 Punat\" \/>\n<meta property=\"article:published_time\" content=\"2025-11-17T12:13:57+00:00\" \/>\n<meta property=\"og:image\" content=\"http:\/\/osnovnaskolakrk.hr\/punat\/wp-content\/uploads\/2025\/11\/IMG-b4d1ceaeef72ff88d8615cb26f911317-V.jpg\" \/>\n<meta name=\"twitter:card\" content=\"summary_large_image\" \/>\n<meta name=\"twitter:label1\" content=\"Procijenjeno vrijeme \u010ditanja\">\n\t<meta name=\"twitter:data1\" content=\"1 minuta\">\n<script type=\"application\/ld+json\" class=\"yoast-schema-graph\">{\"@context\":\"https:\/\/schema.org\",\"@graph\":[{\"@type\":\"WebSite\",\"@id\":\"https:\/\/osnovnaskolakrk.hr\/punat\/#website\",\"url\":\"https:\/\/osnovnaskolakrk.hr\/punat\/\",\"name\":\"O\\u0160 &quot;Fran Krsto Frankopan&quot; Krk P\\u0160 Punat\",\"description\":\"\",\"potentialAction\":[{\"@type\":\"SearchAction\",\"target\":\"https:\/\/osnovnaskolakrk.hr\/punat\/?s={search_term_string}\",\"query-input\":\"required name=search_term_string\"}],\"inLanguage\":\"hr\"},{\"@type\":\"ImageObject\",\"@id\":\"http:\/\/osnovnaskolakrk.hr\/punat\/doprinesi-i-ti-cistoj-plazi\/#primaryimage\",\"inLanguage\":\"hr\",\"url\":\"http:\/\/osnovnaskolakrk.hr\/punat\/wp-content\/uploads\/2025\/11\/IMG-b4d1ceaeef72ff88d8615cb26f911317-V.jpg\",\"width\":1600,\"height\":1200},{\"@type\":\"WebPage\",\"@id\":\"http:\/\/osnovnaskolakrk.hr\/punat\/doprinesi-i-ti-cistoj-plazi\/#webpage\",\"url\":\"http:\/\/osnovnaskolakrk.hr\/punat\/doprinesi-i-ti-cistoj-plazi\/\",\"name\":\"\\\"Doprinesi i ti \\u010distoj pla\\u017ei\\\" - O\\u0160 &quot;Fran Krsto Frankopan&quot; Krk P\\u0160 Punat\",\"isPartOf\":{\"@id\":\"https:\/\/osnovnaskolakrk.hr\/punat\/#website\"},\"primaryImageOfPage\":{\"@id\":\"http:\/\/osnovnaskolakrk.hr\/punat\/doprinesi-i-ti-cistoj-plazi\/#primaryimage\"},\"datePublished\":\"2025-11-17T12:13:57+00:00\",\"dateModified\":\"2025-11-17T12:13:57+00:00\",\"author\":{\"@id\":\"https:\/\/osnovnaskolakrk.hr\/punat\/#\/schema\/person\/f195e1d386c0da5d18a64e28e2916495\"},\"breadcrumb\":{\"@id\":\"http:\/\/osnovnaskolakrk.hr\/punat\/doprinesi-i-ti-cistoj-plazi\/#breadcrumb\"},\"inLanguage\":\"hr\",\"potentialAction\":[{\"@type\":\"ReadAction\",\"target\":[\"http:\/\/osnovnaskolakrk.hr\/punat\/doprinesi-i-ti-cistoj-plazi\/\"]}]},{\"@type\":\"BreadcrumbList\",\"@id\":\"http:\/\/osnovnaskolakrk.hr\/punat\/doprinesi-i-ti-cistoj-plazi\/#breadcrumb\",\"itemListElement\":[{\"@type\":\"ListItem\",\"position\":1,\"item\":{\"@type\":\"WebPage\",\"@id\":\"https:\/\/osnovnaskolakrk.hr\/punat\/\",\"url\":\"https:\/\/osnovnaskolakrk.hr\/punat\/\",\"name\":\"Po\\u010detna stranica\"}},{\"@type\":\"ListItem\",\"position\":2,\"item\":{\"@type\":\"WebPage\",\"@id\":\"http:\/\/osnovnaskolakrk.hr\/punat\/doprinesi-i-ti-cistoj-plazi\/\",\"url\":\"http:\/\/osnovnaskolakrk.hr\/punat\/doprinesi-i-ti-cistoj-plazi\/\",\"name\":\"&#8220;Doprinesi i ti \\u010distoj pla\\u017ei&#8221;\"}}]},{\"@type\":\"Person\",\"@id\":\"https:\/\/osnovnaskolakrk.hr\/punat\/#\/schema\/person\/f195e1d386c0da5d18a64e28e2916495\",\"name\":\"Martina Jurjevi\\u0107\",\"image\":{\"@type\":\"ImageObject\",\"@id\":\"https:\/\/osnovnaskolakrk.hr\/punat\/#personlogo\",\"inLanguage\":\"hr\",\"url\":\"https:\/\/secure.gravatar.com\/avatar\/b466d5772e1b685344cea20229553ca1bb8616d50baa0b69e0d6286793f66e8a?s=96&d=mm&r=g\",\"caption\":\"Martina Jurjevi\\u0107\"}}]}<\/script>\n<!-- \/ Yoast SEO plugin. -->","_links":{"self":[{"href":"http:\/\/osnovnaskolakrk.hr\/punat\/wp-json\/wp\/v2\/posts\/11473","targetHints":{"allow":["GET"]}}],"collection":[{"href":"http:\/\/osnovnaskolakrk.hr\/punat\/wp-json\/wp\/v2\/posts"}],"about":[{"href":"http:\/\/osnovnaskolakrk.hr\/punat\/wp-json\/wp\/v2\/types\/post"}],"author":[{"embeddable":true,"href":"http:\/\/osnovnaskolakrk.hr\/punat\/wp-json\/wp\/v2\/users\/2"}],"replies":[{"embeddable":true,"href":"http:\/\/osnovnaskolakrk.hr\/punat\/wp-json\/wp\/v2\/comments?post=11473"}],"version-history":[{"count":2,"href":"http:\/\/osnovnaskolakrk.hr\/punat\/wp-json\/wp\/v2\/posts\/11473\/revisions"}],"predecessor-version":[{"id":11478,"href":"http:\/\/osnovnaskolakrk.hr\/punat\/wp-json\/wp\/v2\/posts\/11473\/revisions\/11478"}],"wp:attachment":[{"href":"http:\/\/osnovnaskolakrk.hr\/punat\/wp-json\/wp\/v2\/media?parent=11473"}],"wp:term":[{"taxonomy":"category","embeddable":true,"href":"http:\/\/osnovnaskolakrk.hr\/punat\/wp-json\/wp\/v2\/categories?post=11473"},{"taxonomy":"post_tag","embeddable":true,"href":"http:\/\/osnovnaskolakrk.hr\/punat\/wp-json\/wp\/v2\/tags?post=11473"}],"curies":[{"name":"wp","href":"https:\/\/api.w.org\/{rel}","templated":true}]}}