{"id":11777,"date":"2026-03-03T07:20:28","date_gmt":"2026-03-03T07:20:28","guid":{"rendered":"https:\/\/osnovnaskolakrk.hr\/punat\/?p=11777"},"modified":"2026-03-10T06:43:54","modified_gmt":"2026-03-10T06:43:54","slug":"posjetila-nas-je-morea-banicevic-autorica-djecjih-romana","status":"publish","type":"post","link":"http:\/\/osnovnaskolakrk.hr\/punat\/posjetila-nas-je-morea-banicevic-autorica-djecjih-romana\/","title":{"rendered":"Posjetila nas je Morea Bani\u0107evi\u0107 &#8211; autorica dje\u010djih romana"},"content":{"rendered":"<p style=\"text-align: justify;\"><a href=\"https:\/\/osnovnaskolakrk.hr\/punat\/posjetila-nas-je-morea-banicevic-autorica-djecjih-romana\/20260213_114638_resized\/\" rel=\"attachment wp-att-11778\"><img loading=\"lazy\" decoding=\"async\" class=\"alignleft size-full wp-image-11778\" src=\"http:\/\/osnovnaskolakrk.hr\/punat\/wp-content\/uploads\/2026\/03\/20260213_114638_resized.jpg\" alt=\"\" width=\"1000\" height=\"563\" srcset=\"http:\/\/osnovnaskolakrk.hr\/punat\/wp-content\/uploads\/2026\/03\/20260213_114638_resized.jpg 1000w, http:\/\/osnovnaskolakrk.hr\/punat\/wp-content\/uploads\/2026\/03\/20260213_114638_resized-624x351.jpg 624w\" sizes=\"auto, (max-width: 1000px) 100vw, 1000px\" \/><\/a>Dana 13. velja\u010de na\u0161u je \u0161kolu posjetila poznata dje\u010dja autorica <span class=\"hover:entity-accent entity-underline inline cursor-pointer align-baseline\"><span class=\"whitespace-normal\">Morea Bani\u010devi\u0107<\/span><\/span>. Tijekom susreta u\u010denicima od 6. do 8. razreda predstavila je svoje knjige te ih upoznala sa svijetom knji\u017eevnog stvarala\u0161tva. Govorila je o tome kako nastaju njezine pri\u010de, odakle crpi inspiraciju i koliko je va\u017eno njegovati ma\u0161tu i kreativnost.<\/p>\n<p style=\"text-align: justify;\" data-start=\"0\" data-end=\"328\"><!--more--><\/p>\n<p style=\"text-align: justify;\" data-start=\"330\" data-end=\"581\">Posebno zanimanje u\u010denika izazvala je njezina pri\u010da o ljubavi prema igranju igrica. Autorica je objasnila kako joj videoigre poma\u017eu u razvijanju ideja, poti\u010du kreativno razmi\u0161ljanje te ponekad postaju inspiracija za likove i radnju u njezinim djelima. Za dijalog su bili izrazito zainteresirani \u010dlanovi Knji\u017eevnog kluba.<\/p>\n<p style=\"text-align: justify;\" data-start=\"583\" data-end=\"740\" data-is-last-node=\"\" data-is-only-node=\"\">Susret je protekao u ugodnoj i poticajnoj atmosferi, uz brojna pitanja u\u010denika. Zahvaljujemo autorici na posjetu i veselimo se budu\u0107im knji\u017eevnim dru\u017eenjima koji su nam ve\u0107 u najavi.<\/p>\n<p style=\"text-align: right;\" data-start=\"583\" data-end=\"740\" data-is-last-node=\"\" data-is-only-node=\"\">Martina Jurjevi\u0107<\/p>\n\n\t\t<style type=\"text\/css\">\n\t\t\t#gallery-1 {\n\t\t\t\tmargin: auto;\n\t\t\t}\n\t\t\t#gallery-1 .gallery-item {\n\t\t\t\tfloat: left;\n\t\t\t\tmargin-top: 10px;\n\t\t\t\ttext-align: center;\n\t\t\t\twidth: 33%;\n\t\t\t}\n\t\t\t#gallery-1 img {\n\t\t\t\tborder: 2px solid #cfcfcf;\n\t\t\t}\n\t\t\t#gallery-1 .gallery-caption {\n\t\t\t\tmargin-left: 0;\n\t\t\t}\n\t\t\t\/* see gallery_shortcode() in wp-includes\/media.php *\/\n\t\t<\/style>\n\t\t<div id='gallery-1' class='gallery galleryid-11777 gallery-columns-3 gallery-size-thumbnail'><dl class='gallery-item'>\n\t\t\t<dt class='gallery-icon landscape'>\n\t\t\t\t<a href='http:\/\/osnovnaskolakrk.hr\/punat\/wp-content\/uploads\/2026\/03\/20260213_111912_resized.jpg' title=\"\" data-rl_title=\"\" class=\"rl-gallery-link\" data-rl_caption=\"\" data-rel=\"lightbox-gallery-1\"><img loading=\"lazy\" decoding=\"async\" width=\"150\" height=\"150\" src=\"http:\/\/osnovnaskolakrk.hr\/punat\/wp-content\/uploads\/2026\/03\/20260213_111912_resized-150x150.jpg\" class=\"attachment-thumbnail size-thumbnail\" alt=\"\" \/><\/a>\n\t\t\t<\/dt><\/dl><dl class='gallery-item'>\n\t\t\t<dt class='gallery-icon landscape'>\n\t\t\t\t<a href='http:\/\/osnovnaskolakrk.hr\/punat\/wp-content\/uploads\/2026\/03\/20260213_111915_resized.jpg' title=\"\" data-rl_title=\"\" class=\"rl-gallery-link\" data-rl_caption=\"\" data-rel=\"lightbox-gallery-1\"><img loading=\"lazy\" decoding=\"async\" width=\"150\" height=\"150\" src=\"http:\/\/osnovnaskolakrk.hr\/punat\/wp-content\/uploads\/2026\/03\/20260213_111915_resized-150x150.jpg\" class=\"attachment-thumbnail size-thumbnail\" alt=\"\" \/><\/a>\n\t\t\t<\/dt><\/dl><dl class='gallery-item'>\n\t\t\t<dt class='gallery-icon landscape'>\n\t\t\t\t<a href='http:\/\/osnovnaskolakrk.hr\/punat\/wp-content\/uploads\/2026\/03\/20260213_111922_resized.jpg' title=\"\" data-rl_title=\"\" class=\"rl-gallery-link\" data-rl_caption=\"\" data-rel=\"lightbox-gallery-1\"><img loading=\"lazy\" decoding=\"async\" width=\"150\" height=\"150\" src=\"http:\/\/osnovnaskolakrk.hr\/punat\/wp-content\/uploads\/2026\/03\/20260213_111922_resized-150x150.jpg\" class=\"attachment-thumbnail size-thumbnail\" alt=\"\" \/><\/a>\n\t\t\t<\/dt><\/dl><br style=\"clear: both\" \/><dl class='gallery-item'>\n\t\t\t<dt class='gallery-icon landscape'>\n\t\t\t\t<a href='http:\/\/osnovnaskolakrk.hr\/punat\/wp-content\/uploads\/2026\/03\/20260213_111947_resized.jpg' title=\"\" data-rl_title=\"\" class=\"rl-gallery-link\" data-rl_caption=\"\" data-rel=\"lightbox-gallery-1\"><img loading=\"lazy\" decoding=\"async\" width=\"150\" height=\"150\" src=\"http:\/\/osnovnaskolakrk.hr\/punat\/wp-content\/uploads\/2026\/03\/20260213_111947_resized-150x150.jpg\" class=\"attachment-thumbnail size-thumbnail\" alt=\"\" \/><\/a>\n\t\t\t<\/dt><\/dl><dl class='gallery-item'>\n\t\t\t<dt class='gallery-icon landscape'>\n\t\t\t\t<a href='http:\/\/osnovnaskolakrk.hr\/punat\/wp-content\/uploads\/2026\/03\/20260213_112000_resized.jpg' title=\"\" data-rl_title=\"\" class=\"rl-gallery-link\" data-rl_caption=\"\" data-rel=\"lightbox-gallery-1\"><img loading=\"lazy\" decoding=\"async\" width=\"150\" height=\"150\" src=\"http:\/\/osnovnaskolakrk.hr\/punat\/wp-content\/uploads\/2026\/03\/20260213_112000_resized-150x150.jpg\" class=\"attachment-thumbnail size-thumbnail\" alt=\"\" \/><\/a>\n\t\t\t<\/dt><\/dl>\n\t\t\t<br style='clear: both' \/>\n\t\t<\/div>\n\n","protected":false},"excerpt":{"rendered":"<p>Dana 13. velja\u010de na\u0161u je \u0161kolu posjetila poznata dje\u010dja autorica Morea Bani\u010devi\u0107. Tijekom susreta u\u010denicima od 6. do 8. razreda predstavila je svoje knjige te ih upoznala sa svijetom knji\u017eevnog stvarala\u0161tva. Govorila je o tome kako nastaju njezine pri\u010de, odakle crpi inspiraciju i koliko je va\u017eno njegovati ma\u0161tu i kreativnost.<\/p>\n","protected":false},"author":2,"featured_media":0,"comment_status":"closed","ping_status":"closed","sticky":false,"template":"","format":"standard","meta":{"footnotes":""},"categories":[1],"tags":[],"class_list":["post-11777","post","type-post","status-publish","format-standard","hentry","category-nekategorizirano"],"yoast_head":"<!-- This site is optimized with the Yoast SEO plugin v15.9 - https:\/\/yoast.com\/wordpress\/plugins\/seo\/ -->\n<meta name=\"robots\" content=\"index, follow, max-snippet:-1, max-image-preview:large, max-video-preview:-1\" \/>\n<link rel=\"canonical\" href=\"http:\/\/osnovnaskolakrk.hr\/punat\/posjetila-nas-je-morea-banicevic-autorica-djecjih-romana\/\" \/>\n<meta property=\"og:locale\" content=\"hr_HR\" \/>\n<meta property=\"og:type\" content=\"article\" \/>\n<meta property=\"og:title\" content=\"Posjetila nas je Morea Bani\u0107evi\u0107 - autorica dje\u010djih romana - O\u0160 &quot;Fran Krsto Frankopan&quot; Krk P\u0160 Punat\" \/>\n<meta property=\"og:description\" content=\"Dana 13. velja\u010de na\u0161u je \u0161kolu posjetila poznata dje\u010dja autorica Morea Bani\u010devi\u0107. Tijekom susreta u\u010denicima od 6. do 8. razreda predstavila je svoje knjige te ih upoznala sa svijetom knji\u017eevnog stvarala\u0161tva. Govorila je o tome kako nastaju njezine pri\u010de, odakle crpi inspiraciju i koliko je va\u017eno njegovati ma\u0161tu i kreativnost.\" \/>\n<meta property=\"og:url\" content=\"http:\/\/osnovnaskolakrk.hr\/punat\/posjetila-nas-je-morea-banicevic-autorica-djecjih-romana\/\" \/>\n<meta property=\"og:site_name\" content=\"O\u0160 &quot;Fran Krsto Frankopan&quot; Krk P\u0160 Punat\" \/>\n<meta property=\"article:published_time\" content=\"2026-03-03T07:20:28+00:00\" \/>\n<meta property=\"article:modified_time\" content=\"2026-03-10T06:43:54+00:00\" \/>\n<meta property=\"og:image\" content=\"http:\/\/osnovnaskolakrk.hr\/punat\/wp-content\/uploads\/2026\/03\/20260213_111912_resized-150x150.jpg\" \/>\n<meta name=\"twitter:card\" content=\"summary_large_image\" \/>\n<meta name=\"twitter:label1\" content=\"Procijenjeno vrijeme \u010ditanja\">\n\t<meta name=\"twitter:data1\" content=\"1 minuta\">\n<script type=\"application\/ld+json\" class=\"yoast-schema-graph\">{\"@context\":\"https:\/\/schema.org\",\"@graph\":[{\"@type\":\"WebSite\",\"@id\":\"https:\/\/osnovnaskolakrk.hr\/punat\/#website\",\"url\":\"https:\/\/osnovnaskolakrk.hr\/punat\/\",\"name\":\"O\\u0160 &quot;Fran Krsto Frankopan&quot; Krk P\\u0160 Punat\",\"description\":\"\",\"potentialAction\":[{\"@type\":\"SearchAction\",\"target\":\"https:\/\/osnovnaskolakrk.hr\/punat\/?s={search_term_string}\",\"query-input\":\"required name=search_term_string\"}],\"inLanguage\":\"hr\"},{\"@type\":\"ImageObject\",\"@id\":\"http:\/\/osnovnaskolakrk.hr\/punat\/posjetila-nas-je-morea-banicevic-autorica-djecjih-romana\/#primaryimage\",\"inLanguage\":\"hr\",\"url\":\"http:\/\/osnovnaskolakrk.hr\/punat\/wp-content\/uploads\/2026\/03\/20260213_114638_resized.jpg\",\"width\":1000,\"height\":563},{\"@type\":\"WebPage\",\"@id\":\"http:\/\/osnovnaskolakrk.hr\/punat\/posjetila-nas-je-morea-banicevic-autorica-djecjih-romana\/#webpage\",\"url\":\"http:\/\/osnovnaskolakrk.hr\/punat\/posjetila-nas-je-morea-banicevic-autorica-djecjih-romana\/\",\"name\":\"Posjetila nas je Morea Bani\\u0107evi\\u0107 - autorica dje\\u010djih romana - O\\u0160 &quot;Fran Krsto Frankopan&quot; Krk P\\u0160 Punat\",\"isPartOf\":{\"@id\":\"https:\/\/osnovnaskolakrk.hr\/punat\/#website\"},\"primaryImageOfPage\":{\"@id\":\"http:\/\/osnovnaskolakrk.hr\/punat\/posjetila-nas-je-morea-banicevic-autorica-djecjih-romana\/#primaryimage\"},\"datePublished\":\"2026-03-03T07:20:28+00:00\",\"dateModified\":\"2026-03-10T06:43:54+00:00\",\"author\":{\"@id\":\"https:\/\/osnovnaskolakrk.hr\/punat\/#\/schema\/person\/f195e1d386c0da5d18a64e28e2916495\"},\"breadcrumb\":{\"@id\":\"http:\/\/osnovnaskolakrk.hr\/punat\/posjetila-nas-je-morea-banicevic-autorica-djecjih-romana\/#breadcrumb\"},\"inLanguage\":\"hr\",\"potentialAction\":[{\"@type\":\"ReadAction\",\"target\":[\"http:\/\/osnovnaskolakrk.hr\/punat\/posjetila-nas-je-morea-banicevic-autorica-djecjih-romana\/\"]}]},{\"@type\":\"BreadcrumbList\",\"@id\":\"http:\/\/osnovnaskolakrk.hr\/punat\/posjetila-nas-je-morea-banicevic-autorica-djecjih-romana\/#breadcrumb\",\"itemListElement\":[{\"@type\":\"ListItem\",\"position\":1,\"item\":{\"@type\":\"WebPage\",\"@id\":\"https:\/\/osnovnaskolakrk.hr\/punat\/\",\"url\":\"https:\/\/osnovnaskolakrk.hr\/punat\/\",\"name\":\"Po\\u010detna stranica\"}},{\"@type\":\"ListItem\",\"position\":2,\"item\":{\"@type\":\"WebPage\",\"@id\":\"http:\/\/osnovnaskolakrk.hr\/punat\/posjetila-nas-je-morea-banicevic-autorica-djecjih-romana\/\",\"url\":\"http:\/\/osnovnaskolakrk.hr\/punat\/posjetila-nas-je-morea-banicevic-autorica-djecjih-romana\/\",\"name\":\"Posjetila nas je Morea Bani\\u0107evi\\u0107 &#8211; autorica dje\\u010djih romana\"}}]},{\"@type\":\"Person\",\"@id\":\"https:\/\/osnovnaskolakrk.hr\/punat\/#\/schema\/person\/f195e1d386c0da5d18a64e28e2916495\",\"name\":\"Martina Jurjevi\\u0107\",\"image\":{\"@type\":\"ImageObject\",\"@id\":\"https:\/\/osnovnaskolakrk.hr\/punat\/#personlogo\",\"inLanguage\":\"hr\",\"url\":\"https:\/\/secure.gravatar.com\/avatar\/b466d5772e1b685344cea20229553ca1bb8616d50baa0b69e0d6286793f66e8a?s=96&d=mm&r=g\",\"caption\":\"Martina Jurjevi\\u0107\"}}]}<\/script>\n<!-- \/ Yoast SEO plugin. -->","_links":{"self":[{"href":"http:\/\/osnovnaskolakrk.hr\/punat\/wp-json\/wp\/v2\/posts\/11777","targetHints":{"allow":["GET"]}}],"collection":[{"href":"http:\/\/osnovnaskolakrk.hr\/punat\/wp-json\/wp\/v2\/posts"}],"about":[{"href":"http:\/\/osnovnaskolakrk.hr\/punat\/wp-json\/wp\/v2\/types\/post"}],"author":[{"embeddable":true,"href":"http:\/\/osnovnaskolakrk.hr\/punat\/wp-json\/wp\/v2\/users\/2"}],"replies":[{"embeddable":true,"href":"http:\/\/osnovnaskolakrk.hr\/punat\/wp-json\/wp\/v2\/comments?post=11777"}],"version-history":[{"count":4,"href":"http:\/\/osnovnaskolakrk.hr\/punat\/wp-json\/wp\/v2\/posts\/11777\/revisions"}],"predecessor-version":[{"id":11842,"href":"http:\/\/osnovnaskolakrk.hr\/punat\/wp-json\/wp\/v2\/posts\/11777\/revisions\/11842"}],"wp:attachment":[{"href":"http:\/\/osnovnaskolakrk.hr\/punat\/wp-json\/wp\/v2\/media?parent=11777"}],"wp:term":[{"taxonomy":"category","embeddable":true,"href":"http:\/\/osnovnaskolakrk.hr\/punat\/wp-json\/wp\/v2\/categories?post=11777"},{"taxonomy":"post_tag","embeddable":true,"href":"http:\/\/osnovnaskolakrk.hr\/punat\/wp-json\/wp\/v2\/tags?post=11777"}],"curies":[{"name":"wp","href":"https:\/\/api.w.org\/{rel}","templated":true}]}}