{"id":11844,"date":"2026-03-25T11:37:47","date_gmt":"2026-03-25T11:37:47","guid":{"rendered":"https:\/\/osnovnaskolakrk.hr\/punat\/?p=11844"},"modified":"2026-03-25T11:37:48","modified_gmt":"2026-03-25T11:37:48","slug":"svjetski-dan-osoba-s-down-sindromom","status":"publish","type":"post","link":"http:\/\/osnovnaskolakrk.hr\/punat\/svjetski-dan-osoba-s-down-sindromom\/","title":{"rendered":"Svjetski dan osoba s Down sindromom"},"content":{"rendered":"<p style=\"text-align: justify;\"><a href=\"https:\/\/osnovnaskolakrk.hr\/punat\/svjetski-dan-osoba-s-down-sindromom\/img-893c9411cdf6092b87dc7e1f24cf342c-v\/\" rel=\"attachment wp-att-11845\"><img loading=\"lazy\" decoding=\"async\" class=\"alignleft size-full wp-image-11845\" src=\"http:\/\/osnovnaskolakrk.hr\/punat\/wp-content\/uploads\/2026\/03\/IMG-893c9411cdf6092b87dc7e1f24cf342c-V.jpg\" alt=\"\" width=\"1600\" height=\"1200\" srcset=\"http:\/\/osnovnaskolakrk.hr\/punat\/wp-content\/uploads\/2026\/03\/IMG-893c9411cdf6092b87dc7e1f24cf342c-V.jpg 1600w, http:\/\/osnovnaskolakrk.hr\/punat\/wp-content\/uploads\/2026\/03\/IMG-893c9411cdf6092b87dc7e1f24cf342c-V-1536x1152.jpg 1536w, http:\/\/osnovnaskolakrk.hr\/punat\/wp-content\/uploads\/2026\/03\/IMG-893c9411cdf6092b87dc7e1f24cf342c-V-624x468.jpg 624w\" sizes=\"auto, (max-width: 1600px) 100vw, 1600px\" \/><\/a>U\u010denici 1. a obilje\u017eili su Svjetski dan osoba s Down sindromom kroz razgovor i pri\u010du o razli\u010ditostima i prihva\u0107anju. S velikim su interesom sudjelovali u izradi \u010darapica, a simboli\u010dno su i obuli \u0161arene \u010darape kao znak podr\u0161ke i zajedni\u0161tva.<\/p>\n<p><!--more--><\/p>\n<p style=\"text-align: right;\">1. a i u\u010diteljica Patricija<\/p>\n\n\t\t<style type=\"text\/css\">\n\t\t\t#gallery-1 {\n\t\t\t\tmargin: auto;\n\t\t\t}\n\t\t\t#gallery-1 .gallery-item {\n\t\t\t\tfloat: left;\n\t\t\t\tmargin-top: 10px;\n\t\t\t\ttext-align: center;\n\t\t\t\twidth: 33%;\n\t\t\t}\n\t\t\t#gallery-1 img {\n\t\t\t\tborder: 2px solid #cfcfcf;\n\t\t\t}\n\t\t\t#gallery-1 .gallery-caption {\n\t\t\t\tmargin-left: 0;\n\t\t\t}\n\t\t\t\/* see gallery_shortcode() in wp-includes\/media.php *\/\n\t\t<\/style>\n\t\t<div id='gallery-1' class='gallery galleryid-11844 gallery-columns-3 gallery-size-thumbnail'><dl class='gallery-item'>\n\t\t\t<dt class='gallery-icon landscape'>\n\t\t\t\t<a href='http:\/\/osnovnaskolakrk.hr\/punat\/wp-content\/uploads\/2026\/03\/IMG-7c2c5bf3585750b2a2aba23e761f739e-V.jpg' title=\"\" data-rl_title=\"\" class=\"rl-gallery-link\" data-rl_caption=\"\" data-rel=\"lightbox-gallery-1\"><img loading=\"lazy\" decoding=\"async\" width=\"150\" height=\"150\" src=\"http:\/\/osnovnaskolakrk.hr\/punat\/wp-content\/uploads\/2026\/03\/IMG-7c2c5bf3585750b2a2aba23e761f739e-V-150x150.jpg\" class=\"attachment-thumbnail size-thumbnail\" alt=\"\" \/><\/a>\n\t\t\t<\/dt><\/dl><dl class='gallery-item'>\n\t\t\t<dt class='gallery-icon landscape'>\n\t\t\t\t<a href='http:\/\/osnovnaskolakrk.hr\/punat\/wp-content\/uploads\/2026\/03\/IMG-9e1c8b1e3f76323d9ac9effe40e0a251-V.jpg' title=\"\" data-rl_title=\"\" class=\"rl-gallery-link\" data-rl_caption=\"\" data-rel=\"lightbox-gallery-1\"><img loading=\"lazy\" decoding=\"async\" width=\"150\" height=\"150\" src=\"http:\/\/osnovnaskolakrk.hr\/punat\/wp-content\/uploads\/2026\/03\/IMG-9e1c8b1e3f76323d9ac9effe40e0a251-V-150x150.jpg\" class=\"attachment-thumbnail size-thumbnail\" alt=\"\" \/><\/a>\n\t\t\t<\/dt><\/dl><dl class='gallery-item'>\n\t\t\t<dt class='gallery-icon portrait'>\n\t\t\t\t<a href='http:\/\/osnovnaskolakrk.hr\/punat\/wp-content\/uploads\/2026\/03\/IMG-227fee9c21de0eb38121b7f019dac791-V.jpg' title=\"\" data-rl_title=\"\" class=\"rl-gallery-link\" data-rl_caption=\"\" data-rel=\"lightbox-gallery-1\"><img loading=\"lazy\" decoding=\"async\" width=\"150\" height=\"150\" src=\"http:\/\/osnovnaskolakrk.hr\/punat\/wp-content\/uploads\/2026\/03\/IMG-227fee9c21de0eb38121b7f019dac791-V-150x150.jpg\" class=\"attachment-thumbnail size-thumbnail\" alt=\"\" \/><\/a>\n\t\t\t<\/dt><\/dl><br style=\"clear: both\" \/>\n\t\t<\/div>\n\n<div style=\"width: 568px;\" class=\"wp-video\"><video class=\"wp-video-shortcode\" id=\"video-11844-1\" width=\"568\" height=\"320\" preload=\"metadata\" controls=\"controls\"><source type=\"video\/mp4\" src=\"http:\/\/osnovnaskolakrk.hr\/punat\/wp-content\/uploads\/2026\/03\/video-dddcef3f0623112cb7fca1937ca19bc2-V.mp4?_=1\" \/><a href=\"http:\/\/osnovnaskolakrk.hr\/punat\/wp-content\/uploads\/2026\/03\/video-dddcef3f0623112cb7fca1937ca19bc2-V.mp4\">http:\/\/osnovnaskolakrk.hr\/punat\/wp-content\/uploads\/2026\/03\/video-dddcef3f0623112cb7fca1937ca19bc2-V.mp4<\/a><\/video><\/div>\n","protected":false},"excerpt":{"rendered":"<p>U\u010denici 1. a obilje\u017eili su Svjetski dan osoba s Down sindromom kroz razgovor i pri\u010du o razli\u010ditostima i prihva\u0107anju. S velikim su interesom sudjelovali u izradi \u010darapica, a simboli\u010dno su i obuli \u0161arene \u010darape kao znak podr\u0161ke i zajedni\u0161tva.<\/p>\n","protected":false},"author":2,"featured_media":0,"comment_status":"closed","ping_status":"closed","sticky":false,"template":"","format":"standard","meta":{"footnotes":""},"categories":[1],"tags":[],"class_list":["post-11844","post","type-post","status-publish","format-standard","hentry","category-nekategorizirano"],"yoast_head":"<!-- This site is optimized with the Yoast SEO plugin v15.9 - https:\/\/yoast.com\/wordpress\/plugins\/seo\/ -->\n<meta name=\"robots\" content=\"index, follow, max-snippet:-1, max-image-preview:large, max-video-preview:-1\" \/>\n<link rel=\"canonical\" href=\"http:\/\/osnovnaskolakrk.hr\/punat\/svjetski-dan-osoba-s-down-sindromom\/\" \/>\n<meta property=\"og:locale\" content=\"hr_HR\" \/>\n<meta property=\"og:type\" content=\"article\" \/>\n<meta property=\"og:title\" content=\"Svjetski dan osoba s Down sindromom - O\u0160 &quot;Fran Krsto Frankopan&quot; Krk P\u0160 Punat\" \/>\n<meta property=\"og:description\" content=\"U\u010denici 1. a obilje\u017eili su Svjetski dan osoba s Down sindromom kroz razgovor i pri\u010du o razli\u010ditostima i prihva\u0107anju. S velikim su interesom sudjelovali u izradi \u010darapica, a simboli\u010dno su i obuli \u0161arene \u010darape kao znak podr\u0161ke i zajedni\u0161tva.\" \/>\n<meta property=\"og:url\" content=\"http:\/\/osnovnaskolakrk.hr\/punat\/svjetski-dan-osoba-s-down-sindromom\/\" \/>\n<meta property=\"og:site_name\" content=\"O\u0160 &quot;Fran Krsto Frankopan&quot; Krk P\u0160 Punat\" \/>\n<meta property=\"article:published_time\" content=\"2026-03-25T11:37:47+00:00\" \/>\n<meta property=\"article:modified_time\" content=\"2026-03-25T11:37:48+00:00\" \/>\n<meta property=\"og:image\" content=\"http:\/\/osnovnaskolakrk.hr\/punat\/wp-content\/uploads\/2026\/03\/IMG-7c2c5bf3585750b2a2aba23e761f739e-V-150x150.jpg\" \/>\n<meta name=\"twitter:card\" content=\"summary_large_image\" \/>\n<script type=\"application\/ld+json\" class=\"yoast-schema-graph\">{\"@context\":\"https:\/\/schema.org\",\"@graph\":[{\"@type\":\"WebSite\",\"@id\":\"https:\/\/osnovnaskolakrk.hr\/punat\/#website\",\"url\":\"https:\/\/osnovnaskolakrk.hr\/punat\/\",\"name\":\"O\\u0160 &quot;Fran Krsto Frankopan&quot; Krk P\\u0160 Punat\",\"description\":\"\",\"potentialAction\":[{\"@type\":\"SearchAction\",\"target\":\"https:\/\/osnovnaskolakrk.hr\/punat\/?s={search_term_string}\",\"query-input\":\"required name=search_term_string\"}],\"inLanguage\":\"hr\"},{\"@type\":\"ImageObject\",\"@id\":\"http:\/\/osnovnaskolakrk.hr\/punat\/svjetski-dan-osoba-s-down-sindromom\/#primaryimage\",\"inLanguage\":\"hr\",\"url\":\"http:\/\/osnovnaskolakrk.hr\/punat\/wp-content\/uploads\/2026\/03\/IMG-893c9411cdf6092b87dc7e1f24cf342c-V.jpg\",\"width\":1600,\"height\":1200},{\"@type\":\"WebPage\",\"@id\":\"http:\/\/osnovnaskolakrk.hr\/punat\/svjetski-dan-osoba-s-down-sindromom\/#webpage\",\"url\":\"http:\/\/osnovnaskolakrk.hr\/punat\/svjetski-dan-osoba-s-down-sindromom\/\",\"name\":\"Svjetski dan osoba s Down sindromom - O\\u0160 &quot;Fran Krsto Frankopan&quot; Krk P\\u0160 Punat\",\"isPartOf\":{\"@id\":\"https:\/\/osnovnaskolakrk.hr\/punat\/#website\"},\"primaryImageOfPage\":{\"@id\":\"http:\/\/osnovnaskolakrk.hr\/punat\/svjetski-dan-osoba-s-down-sindromom\/#primaryimage\"},\"datePublished\":\"2026-03-25T11:37:47+00:00\",\"dateModified\":\"2026-03-25T11:37:48+00:00\",\"author\":{\"@id\":\"https:\/\/osnovnaskolakrk.hr\/punat\/#\/schema\/person\/f195e1d386c0da5d18a64e28e2916495\"},\"breadcrumb\":{\"@id\":\"http:\/\/osnovnaskolakrk.hr\/punat\/svjetski-dan-osoba-s-down-sindromom\/#breadcrumb\"},\"inLanguage\":\"hr\",\"potentialAction\":[{\"@type\":\"ReadAction\",\"target\":[\"http:\/\/osnovnaskolakrk.hr\/punat\/svjetski-dan-osoba-s-down-sindromom\/\"]}]},{\"@type\":\"BreadcrumbList\",\"@id\":\"http:\/\/osnovnaskolakrk.hr\/punat\/svjetski-dan-osoba-s-down-sindromom\/#breadcrumb\",\"itemListElement\":[{\"@type\":\"ListItem\",\"position\":1,\"item\":{\"@type\":\"WebPage\",\"@id\":\"https:\/\/osnovnaskolakrk.hr\/punat\/\",\"url\":\"https:\/\/osnovnaskolakrk.hr\/punat\/\",\"name\":\"Po\\u010detna stranica\"}},{\"@type\":\"ListItem\",\"position\":2,\"item\":{\"@type\":\"WebPage\",\"@id\":\"http:\/\/osnovnaskolakrk.hr\/punat\/svjetski-dan-osoba-s-down-sindromom\/\",\"url\":\"http:\/\/osnovnaskolakrk.hr\/punat\/svjetski-dan-osoba-s-down-sindromom\/\",\"name\":\"Svjetski dan osoba s Down sindromom\"}}]},{\"@type\":\"Person\",\"@id\":\"https:\/\/osnovnaskolakrk.hr\/punat\/#\/schema\/person\/f195e1d386c0da5d18a64e28e2916495\",\"name\":\"Martina Jurjevi\\u0107\",\"image\":{\"@type\":\"ImageObject\",\"@id\":\"https:\/\/osnovnaskolakrk.hr\/punat\/#personlogo\",\"inLanguage\":\"hr\",\"url\":\"https:\/\/secure.gravatar.com\/avatar\/b466d5772e1b685344cea20229553ca1bb8616d50baa0b69e0d6286793f66e8a?s=96&d=mm&r=g\",\"caption\":\"Martina Jurjevi\\u0107\"}}]}<\/script>\n<!-- \/ Yoast SEO plugin. -->","_links":{"self":[{"href":"http:\/\/osnovnaskolakrk.hr\/punat\/wp-json\/wp\/v2\/posts\/11844","targetHints":{"allow":["GET"]}}],"collection":[{"href":"http:\/\/osnovnaskolakrk.hr\/punat\/wp-json\/wp\/v2\/posts"}],"about":[{"href":"http:\/\/osnovnaskolakrk.hr\/punat\/wp-json\/wp\/v2\/types\/post"}],"author":[{"embeddable":true,"href":"http:\/\/osnovnaskolakrk.hr\/punat\/wp-json\/wp\/v2\/users\/2"}],"replies":[{"embeddable":true,"href":"http:\/\/osnovnaskolakrk.hr\/punat\/wp-json\/wp\/v2\/comments?post=11844"}],"version-history":[{"count":2,"href":"http:\/\/osnovnaskolakrk.hr\/punat\/wp-json\/wp\/v2\/posts\/11844\/revisions"}],"predecessor-version":[{"id":11851,"href":"http:\/\/osnovnaskolakrk.hr\/punat\/wp-json\/wp\/v2\/posts\/11844\/revisions\/11851"}],"wp:attachment":[{"href":"http:\/\/osnovnaskolakrk.hr\/punat\/wp-json\/wp\/v2\/media?parent=11844"}],"wp:term":[{"taxonomy":"category","embeddable":true,"href":"http:\/\/osnovnaskolakrk.hr\/punat\/wp-json\/wp\/v2\/categories?post=11844"},{"taxonomy":"post_tag","embeddable":true,"href":"http:\/\/osnovnaskolakrk.hr\/punat\/wp-json\/wp\/v2\/tags?post=11844"}],"curies":[{"name":"wp","href":"https:\/\/api.w.org\/{rel}","templated":true}]}}