{"id":11852,"date":"2026-03-27T06:23:13","date_gmt":"2026-03-27T06:23:13","guid":{"rendered":"https:\/\/osnovnaskolakrk.hr\/punat\/?p=11852"},"modified":"2026-03-27T06:23:13","modified_gmt":"2026-03-27T06:23:13","slug":"ema-osvojila-2-mjesto-na-zupanijskom-natjecanju-iz-tehnicke-kulture","status":"publish","type":"post","link":"http:\/\/osnovnaskolakrk.hr\/punat\/ema-osvojila-2-mjesto-na-zupanijskom-natjecanju-iz-tehnicke-kulture\/","title":{"rendered":"Ema osvojila 2. mjesto na \u017eupanijskom natjecanju iz Tehni\u010dke kulture"},"content":{"rendered":"<p style=\"text-align: justify;\"><a href=\"https:\/\/osnovnaskolakrk.hr\/punat\/ema-osvojila-2-mjesto-na-zupanijskom-natjecanju-iz-tehnicke-kulture\/img-0d12d645d2580933d155d4c32260e4fa-v\/\" rel=\"attachment wp-att-11853\"><img loading=\"lazy\" decoding=\"async\" class=\"alignleft size-full wp-image-11853\" src=\"http:\/\/osnovnaskolakrk.hr\/punat\/wp-content\/uploads\/2026\/03\/IMG-0d12d645d2580933d155d4c32260e4fa-V.jpg\" alt=\"\" width=\"1003\" height=\"688\" srcset=\"http:\/\/osnovnaskolakrk.hr\/punat\/wp-content\/uploads\/2026\/03\/IMG-0d12d645d2580933d155d4c32260e4fa-V.jpg 1003w, http:\/\/osnovnaskolakrk.hr\/punat\/wp-content\/uploads\/2026\/03\/IMG-0d12d645d2580933d155d4c32260e4fa-V-624x428.jpg 624w\" sizes=\"auto, (max-width: 1003px) 100vw, 1003px\" \/><\/a>U srijedu, 25.3. sudjelovala sam na \u017dupanijskom natjecanju mladih tehni\u010dara u kategoriji strojarske konstrukcije. Bila sam jedina djevojka me\u0111u natjecateljima u svojoj kategoriji.<br \/>\nNatjecanje se odr\u017eavalo u O\u0160 Kostrena i bilo je dosta zahtjevno.<\/p>\n<p style=\"text-align: justify;\"><!--more--><br \/>\nNakon pisane provjere znanja, u kojoj se provjeravalo poznavanje teorije, po\u010deo je meni najzanimljiviji dio- izrada tehni\u010dke tvorevine. Izra\u0111ivali smo okretna vrata prema radioni\u010dkom crte\u017eu. Turpijali smo, bu\u0161ili, spajali vijcima i zakovicama&#8230;<br \/>\nPo isteku vremena trebalo je rad prezentirati ocjenjiva\u010dkom povjerenstvu.<br \/>\nBilo je ovo novo, zanimljivo iskustvo.<br \/>\nZadovoljna sam osvojenim 2. mjestom i nadam se da \u0107u druge godine biti jo\u0161 bolja!<\/p>\n<p style=\"text-align: right;\">Ema Butkovi\u0107, 7. razred<\/p>\n\n\t\t<style type=\"text\/css\">\n\t\t\t#gallery-1 {\n\t\t\t\tmargin: auto;\n\t\t\t}\n\t\t\t#gallery-1 .gallery-item {\n\t\t\t\tfloat: left;\n\t\t\t\tmargin-top: 10px;\n\t\t\t\ttext-align: center;\n\t\t\t\twidth: 33%;\n\t\t\t}\n\t\t\t#gallery-1 img {\n\t\t\t\tborder: 2px solid #cfcfcf;\n\t\t\t}\n\t\t\t#gallery-1 .gallery-caption {\n\t\t\t\tmargin-left: 0;\n\t\t\t}\n\t\t\t\/* see gallery_shortcode() in wp-includes\/media.php *\/\n\t\t<\/style>\n\t\t<div id='gallery-1' class='gallery galleryid-11852 gallery-columns-3 gallery-size-thumbnail'><dl class='gallery-item'>\n\t\t\t<dt class='gallery-icon landscape'>\n\t\t\t\t<a href='http:\/\/osnovnaskolakrk.hr\/punat\/wp-content\/uploads\/2026\/03\/IMG-1df4144282de00f947685d95f498c6f9-V.jpg' title=\"\" data-rl_title=\"\" class=\"rl-gallery-link\" data-rl_caption=\"\" data-rel=\"lightbox-gallery-1\"><img loading=\"lazy\" decoding=\"async\" width=\"150\" height=\"150\" src=\"http:\/\/osnovnaskolakrk.hr\/punat\/wp-content\/uploads\/2026\/03\/IMG-1df4144282de00f947685d95f498c6f9-V-150x150.jpg\" class=\"attachment-thumbnail size-thumbnail\" alt=\"\" \/><\/a>\n\t\t\t<\/dt><\/dl><dl class='gallery-item'>\n\t\t\t<dt class='gallery-icon landscape'>\n\t\t\t\t<a href='http:\/\/osnovnaskolakrk.hr\/punat\/wp-content\/uploads\/2026\/03\/IMG-aecfb4a3c39495b765eb309f95d90bc1-V.jpg' title=\"\" data-rl_title=\"\" class=\"rl-gallery-link\" data-rl_caption=\"\" data-rel=\"lightbox-gallery-1\"><img loading=\"lazy\" decoding=\"async\" width=\"150\" height=\"150\" src=\"http:\/\/osnovnaskolakrk.hr\/punat\/wp-content\/uploads\/2026\/03\/IMG-aecfb4a3c39495b765eb309f95d90bc1-V-150x150.jpg\" class=\"attachment-thumbnail size-thumbnail\" alt=\"\" \/><\/a>\n\t\t\t<\/dt><\/dl>\n\t\t\t<br style='clear: both' \/>\n\t\t<\/div>\n\n","protected":false},"excerpt":{"rendered":"<p>U srijedu, 25.3. sudjelovala sam na \u017dupanijskom natjecanju mladih tehni\u010dara u kategoriji strojarske konstrukcije. Bila sam jedina djevojka me\u0111u natjecateljima u svojoj kategoriji. Natjecanje se odr\u017eavalo u O\u0160 Kostrena i bilo je dosta zahtjevno.<\/p>\n","protected":false},"author":2,"featured_media":0,"comment_status":"closed","ping_status":"closed","sticky":false,"template":"","format":"standard","meta":{"footnotes":""},"categories":[1],"tags":[],"class_list":["post-11852","post","type-post","status-publish","format-standard","hentry","category-nekategorizirano"],"yoast_head":"<!-- This site is optimized with the Yoast SEO plugin v15.9 - https:\/\/yoast.com\/wordpress\/plugins\/seo\/ -->\n<meta name=\"robots\" content=\"index, follow, max-snippet:-1, max-image-preview:large, max-video-preview:-1\" \/>\n<link rel=\"canonical\" href=\"http:\/\/osnovnaskolakrk.hr\/punat\/ema-osvojila-2-mjesto-na-zupanijskom-natjecanju-iz-tehnicke-kulture\/\" \/>\n<meta property=\"og:locale\" content=\"hr_HR\" \/>\n<meta property=\"og:type\" content=\"article\" \/>\n<meta property=\"og:title\" content=\"Ema osvojila 2. mjesto na \u017eupanijskom natjecanju iz Tehni\u010dke kulture - O\u0160 &quot;Fran Krsto Frankopan&quot; Krk P\u0160 Punat\" \/>\n<meta property=\"og:description\" content=\"U srijedu, 25.3. sudjelovala sam na \u017dupanijskom natjecanju mladih tehni\u010dara u kategoriji strojarske konstrukcije. Bila sam jedina djevojka me\u0111u natjecateljima u svojoj kategoriji. Natjecanje se odr\u017eavalo u O\u0160 Kostrena i bilo je dosta zahtjevno.\" \/>\n<meta property=\"og:url\" content=\"http:\/\/osnovnaskolakrk.hr\/punat\/ema-osvojila-2-mjesto-na-zupanijskom-natjecanju-iz-tehnicke-kulture\/\" \/>\n<meta property=\"og:site_name\" content=\"O\u0160 &quot;Fran Krsto Frankopan&quot; Krk P\u0160 Punat\" \/>\n<meta property=\"article:published_time\" content=\"2026-03-27T06:23:13+00:00\" \/>\n<meta property=\"og:image\" content=\"http:\/\/osnovnaskolakrk.hr\/punat\/wp-content\/uploads\/2026\/03\/IMG-1df4144282de00f947685d95f498c6f9-V-150x150.jpg\" \/>\n<meta name=\"twitter:card\" content=\"summary_large_image\" \/>\n<meta name=\"twitter:label1\" content=\"Procijenjeno vrijeme \u010ditanja\">\n\t<meta name=\"twitter:data1\" content=\"1 minuta\">\n<script type=\"application\/ld+json\" class=\"yoast-schema-graph\">{\"@context\":\"https:\/\/schema.org\",\"@graph\":[{\"@type\":\"WebSite\",\"@id\":\"https:\/\/osnovnaskolakrk.hr\/punat\/#website\",\"url\":\"https:\/\/osnovnaskolakrk.hr\/punat\/\",\"name\":\"O\\u0160 &quot;Fran Krsto Frankopan&quot; Krk P\\u0160 Punat\",\"description\":\"\",\"potentialAction\":[{\"@type\":\"SearchAction\",\"target\":\"https:\/\/osnovnaskolakrk.hr\/punat\/?s={search_term_string}\",\"query-input\":\"required name=search_term_string\"}],\"inLanguage\":\"hr\"},{\"@type\":\"ImageObject\",\"@id\":\"http:\/\/osnovnaskolakrk.hr\/punat\/ema-osvojila-2-mjesto-na-zupanijskom-natjecanju-iz-tehnicke-kulture\/#primaryimage\",\"inLanguage\":\"hr\",\"url\":\"http:\/\/osnovnaskolakrk.hr\/punat\/wp-content\/uploads\/2026\/03\/IMG-0d12d645d2580933d155d4c32260e4fa-V.jpg\",\"width\":1003,\"height\":688},{\"@type\":\"WebPage\",\"@id\":\"http:\/\/osnovnaskolakrk.hr\/punat\/ema-osvojila-2-mjesto-na-zupanijskom-natjecanju-iz-tehnicke-kulture\/#webpage\",\"url\":\"http:\/\/osnovnaskolakrk.hr\/punat\/ema-osvojila-2-mjesto-na-zupanijskom-natjecanju-iz-tehnicke-kulture\/\",\"name\":\"Ema osvojila 2. mjesto na \\u017eupanijskom natjecanju iz Tehni\\u010dke kulture - O\\u0160 &quot;Fran Krsto Frankopan&quot; Krk P\\u0160 Punat\",\"isPartOf\":{\"@id\":\"https:\/\/osnovnaskolakrk.hr\/punat\/#website\"},\"primaryImageOfPage\":{\"@id\":\"http:\/\/osnovnaskolakrk.hr\/punat\/ema-osvojila-2-mjesto-na-zupanijskom-natjecanju-iz-tehnicke-kulture\/#primaryimage\"},\"datePublished\":\"2026-03-27T06:23:13+00:00\",\"dateModified\":\"2026-03-27T06:23:13+00:00\",\"author\":{\"@id\":\"https:\/\/osnovnaskolakrk.hr\/punat\/#\/schema\/person\/f195e1d386c0da5d18a64e28e2916495\"},\"breadcrumb\":{\"@id\":\"http:\/\/osnovnaskolakrk.hr\/punat\/ema-osvojila-2-mjesto-na-zupanijskom-natjecanju-iz-tehnicke-kulture\/#breadcrumb\"},\"inLanguage\":\"hr\",\"potentialAction\":[{\"@type\":\"ReadAction\",\"target\":[\"http:\/\/osnovnaskolakrk.hr\/punat\/ema-osvojila-2-mjesto-na-zupanijskom-natjecanju-iz-tehnicke-kulture\/\"]}]},{\"@type\":\"BreadcrumbList\",\"@id\":\"http:\/\/osnovnaskolakrk.hr\/punat\/ema-osvojila-2-mjesto-na-zupanijskom-natjecanju-iz-tehnicke-kulture\/#breadcrumb\",\"itemListElement\":[{\"@type\":\"ListItem\",\"position\":1,\"item\":{\"@type\":\"WebPage\",\"@id\":\"https:\/\/osnovnaskolakrk.hr\/punat\/\",\"url\":\"https:\/\/osnovnaskolakrk.hr\/punat\/\",\"name\":\"Po\\u010detna stranica\"}},{\"@type\":\"ListItem\",\"position\":2,\"item\":{\"@type\":\"WebPage\",\"@id\":\"http:\/\/osnovnaskolakrk.hr\/punat\/ema-osvojila-2-mjesto-na-zupanijskom-natjecanju-iz-tehnicke-kulture\/\",\"url\":\"http:\/\/osnovnaskolakrk.hr\/punat\/ema-osvojila-2-mjesto-na-zupanijskom-natjecanju-iz-tehnicke-kulture\/\",\"name\":\"Ema osvojila 2. mjesto na \\u017eupanijskom natjecanju iz Tehni\\u010dke kulture\"}}]},{\"@type\":\"Person\",\"@id\":\"https:\/\/osnovnaskolakrk.hr\/punat\/#\/schema\/person\/f195e1d386c0da5d18a64e28e2916495\",\"name\":\"Martina Jurjevi\\u0107\",\"image\":{\"@type\":\"ImageObject\",\"@id\":\"https:\/\/osnovnaskolakrk.hr\/punat\/#personlogo\",\"inLanguage\":\"hr\",\"url\":\"https:\/\/secure.gravatar.com\/avatar\/b466d5772e1b685344cea20229553ca1bb8616d50baa0b69e0d6286793f66e8a?s=96&d=mm&r=g\",\"caption\":\"Martina Jurjevi\\u0107\"}}]}<\/script>\n<!-- \/ Yoast SEO plugin. -->","_links":{"self":[{"href":"http:\/\/osnovnaskolakrk.hr\/punat\/wp-json\/wp\/v2\/posts\/11852","targetHints":{"allow":["GET"]}}],"collection":[{"href":"http:\/\/osnovnaskolakrk.hr\/punat\/wp-json\/wp\/v2\/posts"}],"about":[{"href":"http:\/\/osnovnaskolakrk.hr\/punat\/wp-json\/wp\/v2\/types\/post"}],"author":[{"embeddable":true,"href":"http:\/\/osnovnaskolakrk.hr\/punat\/wp-json\/wp\/v2\/users\/2"}],"replies":[{"embeddable":true,"href":"http:\/\/osnovnaskolakrk.hr\/punat\/wp-json\/wp\/v2\/comments?post=11852"}],"version-history":[{"count":2,"href":"http:\/\/osnovnaskolakrk.hr\/punat\/wp-json\/wp\/v2\/posts\/11852\/revisions"}],"predecessor-version":[{"id":11857,"href":"http:\/\/osnovnaskolakrk.hr\/punat\/wp-json\/wp\/v2\/posts\/11852\/revisions\/11857"}],"wp:attachment":[{"href":"http:\/\/osnovnaskolakrk.hr\/punat\/wp-json\/wp\/v2\/media?parent=11852"}],"wp:term":[{"taxonomy":"category","embeddable":true,"href":"http:\/\/osnovnaskolakrk.hr\/punat\/wp-json\/wp\/v2\/categories?post=11852"},{"taxonomy":"post_tag","embeddable":true,"href":"http:\/\/osnovnaskolakrk.hr\/punat\/wp-json\/wp\/v2\/tags?post=11852"}],"curies":[{"name":"wp","href":"https:\/\/api.w.org\/{rel}","templated":true}]}}