{"id":12052,"date":"2026-03-29T10:38:29","date_gmt":"2026-03-29T10:38:29","guid":{"rendered":"https:\/\/osnovnaskolakrk.hr\/punat\/?p=12052"},"modified":"2026-04-28T10:42:29","modified_gmt":"2026-04-28T10:42:29","slug":"putujem-i-ucim-u-trstu","status":"publish","type":"post","link":"http:\/\/osnovnaskolakrk.hr\/punat\/putujem-i-ucim-u-trstu\/","title":{"rendered":"\u201cPutujem i u\u010dim\u201d u Trstu"},"content":{"rendered":"<p style=\"text-align: justify;\"><a href=\"https:\/\/osnovnaskolakrk.hr\/punat\/putujem-i-ucim-u-trstu\/img-6f5882168a94a7b32cb14da49d0b0b1a-v\/\" rel=\"attachment wp-att-12053\"><img loading=\"lazy\" decoding=\"async\" class=\"alignleft size-full wp-image-12053\" src=\"http:\/\/osnovnaskolakrk.hr\/punat\/wp-content\/uploads\/2026\/04\/IMG-6f5882168a94a7b32cb14da49d0b0b1a-V.jpg\" alt=\"\" width=\"1600\" height=\"1200\" srcset=\"http:\/\/osnovnaskolakrk.hr\/punat\/wp-content\/uploads\/2026\/04\/IMG-6f5882168a94a7b32cb14da49d0b0b1a-V.jpg 1600w, http:\/\/osnovnaskolakrk.hr\/punat\/wp-content\/uploads\/2026\/04\/IMG-6f5882168a94a7b32cb14da49d0b0b1a-V-1536x1152.jpg 1536w, http:\/\/osnovnaskolakrk.hr\/punat\/wp-content\/uploads\/2026\/04\/IMG-6f5882168a94a7b32cb14da49d0b0b1a-V-624x468.jpg 624w\" sizes=\"auto, (max-width: 1600px) 100vw, 1600px\" \/><\/a>Dana 27. o\u017eujka 2026. izabrani u\u010denici osmih razreda na\u0161ih oto\u010dnih \u0161kole i\u0161li su na jednodnevni izlet u Trst i Redipugliju. Na put smo krenuli autobusom u 6:30 s otoka Krka.<\/p>\n<p style=\"text-align: justify;\"><!--more--><\/p>\n<p>Prvo smo stigli u Trst gdje smo posjetili Ri\u017earnu u Trstu. Tamo smo se podijelili u dvije grupe i uz stru\u010dnog vodi\u010da razgledali muzej te saznali vi\u0161e o doga\u0111ajima iz Drugog svjetskog rata. Nakon toga smo kratko pro\u0161etali centrom grada i vidjeli neke poznate dijelove Trsta.<\/p>\n<p>Poslije razgledavanja oti\u0161li smo na ru\u010dak u restoran Copacabana. Nakon ru\u010dka nastavili smo put prema Redipugliji gdje smo posjetili veliki vojni memorijal iz Prvog svjetskog rata. Tamo smo vidjeli veliko spomen-podru\u010dje i stepenice na kojima su pokopani brojni vojnici poginuli u ratu.<\/p>\n<p>Izlet je bio zanimljiv i pou\u010dan jer smo mogli nau\u010diti vi\u0161e o povijesti, ali i vidjeti nova mjesta. U ve\u010dernjim satima vratili smo se na Krk umorni, ali zadovoljni.<\/p>\n<p style=\"text-align: right;\">Etel Bar\u0161i<\/p>\n\n\t\t<style type=\"text\/css\">\n\t\t\t#gallery-1 {\n\t\t\t\tmargin: auto;\n\t\t\t}\n\t\t\t#gallery-1 .gallery-item {\n\t\t\t\tfloat: left;\n\t\t\t\tmargin-top: 10px;\n\t\t\t\ttext-align: center;\n\t\t\t\twidth: 33%;\n\t\t\t}\n\t\t\t#gallery-1 img {\n\t\t\t\tborder: 2px solid #cfcfcf;\n\t\t\t}\n\t\t\t#gallery-1 .gallery-caption {\n\t\t\t\tmargin-left: 0;\n\t\t\t}\n\t\t\t\/* see gallery_shortcode() in wp-includes\/media.php *\/\n\t\t<\/style>\n\t\t<div id='gallery-1' class='gallery galleryid-12052 gallery-columns-3 gallery-size-thumbnail'><dl class='gallery-item'>\n\t\t\t<dt class='gallery-icon landscape'>\n\t\t\t\t<a href='http:\/\/osnovnaskolakrk.hr\/punat\/wp-content\/uploads\/2026\/04\/IMG-0db2e343f673c89f2c8d58999434e970-V.jpg' title=\"\" data-rl_title=\"\" class=\"rl-gallery-link\" data-rl_caption=\"\" data-rel=\"lightbox-gallery-1\"><img loading=\"lazy\" decoding=\"async\" width=\"150\" height=\"150\" src=\"http:\/\/osnovnaskolakrk.hr\/punat\/wp-content\/uploads\/2026\/04\/IMG-0db2e343f673c89f2c8d58999434e970-V-150x150.jpg\" class=\"attachment-thumbnail size-thumbnail\" alt=\"\" \/><\/a>\n\t\t\t<\/dt><\/dl><dl class='gallery-item'>\n\t\t\t<dt class='gallery-icon landscape'>\n\t\t\t\t<a href='http:\/\/osnovnaskolakrk.hr\/punat\/wp-content\/uploads\/2026\/04\/IMG-2af3542deba144b96033caa1485c067c-V.jpg' title=\"\" data-rl_title=\"\" class=\"rl-gallery-link\" data-rl_caption=\"\" data-rel=\"lightbox-gallery-1\"><img loading=\"lazy\" decoding=\"async\" width=\"150\" height=\"150\" src=\"http:\/\/osnovnaskolakrk.hr\/punat\/wp-content\/uploads\/2026\/04\/IMG-2af3542deba144b96033caa1485c067c-V-150x150.jpg\" class=\"attachment-thumbnail size-thumbnail\" alt=\"\" \/><\/a>\n\t\t\t<\/dt><\/dl><dl class='gallery-item'>\n\t\t\t<dt class='gallery-icon landscape'>\n\t\t\t\t<a href='http:\/\/osnovnaskolakrk.hr\/punat\/wp-content\/uploads\/2026\/04\/IMG-3c2887f61fcdf3e6a315792cceb4f6f3-V.jpg' title=\"\" data-rl_title=\"\" class=\"rl-gallery-link\" data-rl_caption=\"\" data-rel=\"lightbox-gallery-1\"><img loading=\"lazy\" decoding=\"async\" width=\"150\" height=\"150\" src=\"http:\/\/osnovnaskolakrk.hr\/punat\/wp-content\/uploads\/2026\/04\/IMG-3c2887f61fcdf3e6a315792cceb4f6f3-V-150x150.jpg\" class=\"attachment-thumbnail size-thumbnail\" alt=\"\" \/><\/a>\n\t\t\t<\/dt><\/dl><br style=\"clear: both\" \/><dl class='gallery-item'>\n\t\t\t<dt class='gallery-icon landscape'>\n\t\t\t\t<a href='http:\/\/osnovnaskolakrk.hr\/punat\/wp-content\/uploads\/2026\/04\/IMG-5f2bc071a01e5843497e7618046288cd-V.jpg' title=\"\" data-rl_title=\"\" class=\"rl-gallery-link\" data-rl_caption=\"\" data-rel=\"lightbox-gallery-1\"><img loading=\"lazy\" decoding=\"async\" width=\"150\" height=\"150\" src=\"http:\/\/osnovnaskolakrk.hr\/punat\/wp-content\/uploads\/2026\/04\/IMG-5f2bc071a01e5843497e7618046288cd-V-150x150.jpg\" class=\"attachment-thumbnail size-thumbnail\" alt=\"\" \/><\/a>\n\t\t\t<\/dt><\/dl><dl class='gallery-item'>\n\t\t\t<dt class='gallery-icon landscape'>\n\t\t\t\t<a href='http:\/\/osnovnaskolakrk.hr\/punat\/wp-content\/uploads\/2026\/04\/IMG-5fc3d84792306e9de6801c06115fc5c5-V.jpg' title=\"\" data-rl_title=\"\" class=\"rl-gallery-link\" data-rl_caption=\"\" data-rel=\"lightbox-gallery-1\"><img loading=\"lazy\" decoding=\"async\" width=\"150\" height=\"150\" src=\"http:\/\/osnovnaskolakrk.hr\/punat\/wp-content\/uploads\/2026\/04\/IMG-5fc3d84792306e9de6801c06115fc5c5-V-150x150.jpg\" class=\"attachment-thumbnail size-thumbnail\" alt=\"\" \/><\/a>\n\t\t\t<\/dt><\/dl><dl class='gallery-item'>\n\t\t\t<dt class='gallery-icon landscape'>\n\t\t\t\t<a href='http:\/\/osnovnaskolakrk.hr\/punat\/wp-content\/uploads\/2026\/04\/IMG-18c6247200cf4d642b09209e656ba109-V.jpg' title=\"\" data-rl_title=\"\" class=\"rl-gallery-link\" data-rl_caption=\"\" data-rel=\"lightbox-gallery-1\"><img loading=\"lazy\" decoding=\"async\" width=\"150\" height=\"150\" src=\"http:\/\/osnovnaskolakrk.hr\/punat\/wp-content\/uploads\/2026\/04\/IMG-18c6247200cf4d642b09209e656ba109-V-150x150.jpg\" class=\"attachment-thumbnail size-thumbnail\" alt=\"\" \/><\/a>\n\t\t\t<\/dt><\/dl><br style=\"clear: both\" \/><dl class='gallery-item'>\n\t\t\t<dt class='gallery-icon landscape'>\n\t\t\t\t<a href='http:\/\/osnovnaskolakrk.hr\/punat\/wp-content\/uploads\/2026\/04\/IMG-057aa9b90f853fe733aa02cbda2c44ac-V.jpg' title=\"\" data-rl_title=\"\" class=\"rl-gallery-link\" data-rl_caption=\"\" data-rel=\"lightbox-gallery-1\"><img loading=\"lazy\" decoding=\"async\" width=\"150\" height=\"150\" src=\"http:\/\/osnovnaskolakrk.hr\/punat\/wp-content\/uploads\/2026\/04\/IMG-057aa9b90f853fe733aa02cbda2c44ac-V-150x150.jpg\" class=\"attachment-thumbnail size-thumbnail\" alt=\"\" \/><\/a>\n\t\t\t<\/dt><\/dl><dl class='gallery-item'>\n\t\t\t<dt class='gallery-icon landscape'>\n\t\t\t\t<a href='http:\/\/osnovnaskolakrk.hr\/punat\/wp-content\/uploads\/2026\/04\/IMG-761b73bc81a9e3f1fae1823ddbc5e5c1-V.jpg' title=\"\" data-rl_title=\"\" class=\"rl-gallery-link\" data-rl_caption=\"\" data-rel=\"lightbox-gallery-1\"><img loading=\"lazy\" decoding=\"async\" width=\"150\" height=\"150\" src=\"http:\/\/osnovnaskolakrk.hr\/punat\/wp-content\/uploads\/2026\/04\/IMG-761b73bc81a9e3f1fae1823ddbc5e5c1-V-150x150.jpg\" class=\"attachment-thumbnail size-thumbnail\" alt=\"\" \/><\/a>\n\t\t\t<\/dt><\/dl><dl class='gallery-item'>\n\t\t\t<dt class='gallery-icon landscape'>\n\t\t\t\t<a href='http:\/\/osnovnaskolakrk.hr\/punat\/wp-content\/uploads\/2026\/04\/IMG-a4f704b85b5e840a3273a951359176b9-V.jpg' title=\"\" data-rl_title=\"\" class=\"rl-gallery-link\" data-rl_caption=\"\" data-rel=\"lightbox-gallery-1\"><img loading=\"lazy\" decoding=\"async\" width=\"150\" height=\"150\" src=\"http:\/\/osnovnaskolakrk.hr\/punat\/wp-content\/uploads\/2026\/04\/IMG-a4f704b85b5e840a3273a951359176b9-V-150x150.jpg\" class=\"attachment-thumbnail size-thumbnail\" alt=\"\" \/><\/a>\n\t\t\t<\/dt><\/dl><br style=\"clear: both\" \/><dl class='gallery-item'>\n\t\t\t<dt class='gallery-icon landscape'>\n\t\t\t\t<a href='http:\/\/osnovnaskolakrk.hr\/punat\/wp-content\/uploads\/2026\/04\/IMG-d56c744def5f0abf97c7921fb9826175-V.jpg' title=\"\" data-rl_title=\"\" class=\"rl-gallery-link\" data-rl_caption=\"\" data-rel=\"lightbox-gallery-1\"><img loading=\"lazy\" decoding=\"async\" width=\"150\" height=\"150\" src=\"http:\/\/osnovnaskolakrk.hr\/punat\/wp-content\/uploads\/2026\/04\/IMG-d56c744def5f0abf97c7921fb9826175-V-150x150.jpg\" class=\"attachment-thumbnail size-thumbnail\" alt=\"\" \/><\/a>\n\t\t\t<\/dt><\/dl><dl class='gallery-item'>\n\t\t\t<dt class='gallery-icon landscape'>\n\t\t\t\t<a href='http:\/\/osnovnaskolakrk.hr\/punat\/wp-content\/uploads\/2026\/04\/IMG-f7ed5e029cf8f742ab9b6eee4ecdf2ed-V.jpg' title=\"\" data-rl_title=\"\" class=\"rl-gallery-link\" data-rl_caption=\"\" data-rel=\"lightbox-gallery-1\"><img loading=\"lazy\" decoding=\"async\" width=\"150\" height=\"150\" src=\"http:\/\/osnovnaskolakrk.hr\/punat\/wp-content\/uploads\/2026\/04\/IMG-f7ed5e029cf8f742ab9b6eee4ecdf2ed-V-150x150.jpg\" class=\"attachment-thumbnail size-thumbnail\" alt=\"\" \/><\/a>\n\t\t\t<\/dt><\/dl>\n\t\t\t<br style='clear: both' \/>\n\t\t<\/div>\n\n","protected":false},"excerpt":{"rendered":"<p>Dana 27. o\u017eujka 2026. izabrani u\u010denici osmih razreda na\u0161ih oto\u010dnih \u0161kole i\u0161li su na jednodnevni izlet u Trst i Redipugliju. Na put smo krenuli autobusom u 6:30 s otoka Krka.<\/p>\n","protected":false},"author":2,"featured_media":0,"comment_status":"closed","ping_status":"closed","sticky":false,"template":"","format":"standard","meta":{"footnotes":""},"categories":[1],"tags":[],"class_list":["post-12052","post","type-post","status-publish","format-standard","hentry","category-nekategorizirano"],"yoast_head":"<!-- This site is optimized with the Yoast SEO plugin v15.9 - https:\/\/yoast.com\/wordpress\/plugins\/seo\/ -->\n<meta name=\"robots\" content=\"index, follow, max-snippet:-1, max-image-preview:large, max-video-preview:-1\" \/>\n<link rel=\"canonical\" href=\"https:\/\/osnovnaskolakrk.hr\/punat\/putujem-i-ucim-u-trstu\/\" \/>\n<meta property=\"og:locale\" content=\"hr_HR\" \/>\n<meta property=\"og:type\" content=\"article\" \/>\n<meta property=\"og:title\" content=\"\u201cPutujem i u\u010dim\u201d u Trstu - O\u0160 &quot;Fran Krsto Frankopan&quot; Krk P\u0160 Punat\" \/>\n<meta property=\"og:description\" content=\"Dana 27. o\u017eujka 2026. izabrani u\u010denici osmih razreda na\u0161ih oto\u010dnih \u0161kole i\u0161li su na jednodnevni izlet u Trst i Redipugliju. Na put smo krenuli autobusom u 6:30 s otoka Krka.\" \/>\n<meta property=\"og:url\" content=\"https:\/\/osnovnaskolakrk.hr\/punat\/putujem-i-ucim-u-trstu\/\" \/>\n<meta property=\"og:site_name\" content=\"O\u0160 &quot;Fran Krsto Frankopan&quot; Krk P\u0160 Punat\" \/>\n<meta property=\"article:published_time\" content=\"2026-03-29T10:38:29+00:00\" \/>\n<meta property=\"article:modified_time\" content=\"2026-04-28T10:42:29+00:00\" \/>\n<meta property=\"og:image\" content=\"http:\/\/osnovnaskolakrk.hr\/punat\/wp-content\/uploads\/2026\/04\/IMG-0db2e343f673c89f2c8d58999434e970-V-150x150.jpg\" \/>\n<meta name=\"twitter:card\" content=\"summary_large_image\" \/>\n<meta name=\"twitter:label1\" content=\"Procijenjeno vrijeme \u010ditanja\">\n\t<meta name=\"twitter:data1\" content=\"1 minuta\">\n<script type=\"application\/ld+json\" class=\"yoast-schema-graph\">{\"@context\":\"https:\/\/schema.org\",\"@graph\":[{\"@type\":\"WebSite\",\"@id\":\"https:\/\/osnovnaskolakrk.hr\/punat\/#website\",\"url\":\"https:\/\/osnovnaskolakrk.hr\/punat\/\",\"name\":\"O\\u0160 &quot;Fran Krsto Frankopan&quot; Krk P\\u0160 Punat\",\"description\":\"\",\"potentialAction\":[{\"@type\":\"SearchAction\",\"target\":\"https:\/\/osnovnaskolakrk.hr\/punat\/?s={search_term_string}\",\"query-input\":\"required name=search_term_string\"}],\"inLanguage\":\"hr\"},{\"@type\":\"ImageObject\",\"@id\":\"https:\/\/osnovnaskolakrk.hr\/punat\/putujem-i-ucim-u-trstu\/#primaryimage\",\"inLanguage\":\"hr\",\"url\":\"http:\/\/osnovnaskolakrk.hr\/punat\/wp-content\/uploads\/2026\/04\/IMG-6f5882168a94a7b32cb14da49d0b0b1a-V.jpg\",\"width\":1600,\"height\":1200},{\"@type\":\"WebPage\",\"@id\":\"https:\/\/osnovnaskolakrk.hr\/punat\/putujem-i-ucim-u-trstu\/#webpage\",\"url\":\"https:\/\/osnovnaskolakrk.hr\/punat\/putujem-i-ucim-u-trstu\/\",\"name\":\"\\u201cPutujem i u\\u010dim\\u201d u Trstu - O\\u0160 &quot;Fran Krsto Frankopan&quot; Krk P\\u0160 Punat\",\"isPartOf\":{\"@id\":\"https:\/\/osnovnaskolakrk.hr\/punat\/#website\"},\"primaryImageOfPage\":{\"@id\":\"https:\/\/osnovnaskolakrk.hr\/punat\/putujem-i-ucim-u-trstu\/#primaryimage\"},\"datePublished\":\"2026-03-29T10:38:29+00:00\",\"dateModified\":\"2026-04-28T10:42:29+00:00\",\"author\":{\"@id\":\"https:\/\/osnovnaskolakrk.hr\/punat\/#\/schema\/person\/f195e1d386c0da5d18a64e28e2916495\"},\"breadcrumb\":{\"@id\":\"https:\/\/osnovnaskolakrk.hr\/punat\/putujem-i-ucim-u-trstu\/#breadcrumb\"},\"inLanguage\":\"hr\",\"potentialAction\":[{\"@type\":\"ReadAction\",\"target\":[\"https:\/\/osnovnaskolakrk.hr\/punat\/putujem-i-ucim-u-trstu\/\"]}]},{\"@type\":\"BreadcrumbList\",\"@id\":\"https:\/\/osnovnaskolakrk.hr\/punat\/putujem-i-ucim-u-trstu\/#breadcrumb\",\"itemListElement\":[{\"@type\":\"ListItem\",\"position\":1,\"item\":{\"@type\":\"WebPage\",\"@id\":\"https:\/\/osnovnaskolakrk.hr\/punat\/\",\"url\":\"https:\/\/osnovnaskolakrk.hr\/punat\/\",\"name\":\"Po\\u010detna stranica\"}},{\"@type\":\"ListItem\",\"position\":2,\"item\":{\"@type\":\"WebPage\",\"@id\":\"https:\/\/osnovnaskolakrk.hr\/punat\/putujem-i-ucim-u-trstu\/\",\"url\":\"https:\/\/osnovnaskolakrk.hr\/punat\/putujem-i-ucim-u-trstu\/\",\"name\":\"\\u201cPutujem i u\\u010dim\\u201d u Trstu\"}}]},{\"@type\":\"Person\",\"@id\":\"https:\/\/osnovnaskolakrk.hr\/punat\/#\/schema\/person\/f195e1d386c0da5d18a64e28e2916495\",\"name\":\"Martina Jurjevi\\u0107\",\"image\":{\"@type\":\"ImageObject\",\"@id\":\"https:\/\/osnovnaskolakrk.hr\/punat\/#personlogo\",\"inLanguage\":\"hr\",\"url\":\"https:\/\/secure.gravatar.com\/avatar\/b466d5772e1b685344cea20229553ca1bb8616d50baa0b69e0d6286793f66e8a?s=96&d=mm&r=g\",\"caption\":\"Martina Jurjevi\\u0107\"}}]}<\/script>\n<!-- \/ Yoast SEO plugin. -->","_links":{"self":[{"href":"http:\/\/osnovnaskolakrk.hr\/punat\/wp-json\/wp\/v2\/posts\/12052","targetHints":{"allow":["GET"]}}],"collection":[{"href":"http:\/\/osnovnaskolakrk.hr\/punat\/wp-json\/wp\/v2\/posts"}],"about":[{"href":"http:\/\/osnovnaskolakrk.hr\/punat\/wp-json\/wp\/v2\/types\/post"}],"author":[{"embeddable":true,"href":"http:\/\/osnovnaskolakrk.hr\/punat\/wp-json\/wp\/v2\/users\/2"}],"replies":[{"embeddable":true,"href":"http:\/\/osnovnaskolakrk.hr\/punat\/wp-json\/wp\/v2\/comments?post=12052"}],"version-history":[{"count":2,"href":"http:\/\/osnovnaskolakrk.hr\/punat\/wp-json\/wp\/v2\/posts\/12052\/revisions"}],"predecessor-version":[{"id":12066,"href":"http:\/\/osnovnaskolakrk.hr\/punat\/wp-json\/wp\/v2\/posts\/12052\/revisions\/12066"}],"wp:attachment":[{"href":"http:\/\/osnovnaskolakrk.hr\/punat\/wp-json\/wp\/v2\/media?parent=12052"}],"wp:term":[{"taxonomy":"category","embeddable":true,"href":"http:\/\/osnovnaskolakrk.hr\/punat\/wp-json\/wp\/v2\/categories?post=12052"},{"taxonomy":"post_tag","embeddable":true,"href":"http:\/\/osnovnaskolakrk.hr\/punat\/wp-json\/wp\/v2\/tags?post=12052"}],"curies":[{"name":"wp","href":"https:\/\/api.w.org\/{rel}","templated":true}]}}