{"id":1760,"date":"2017-05-16T06:35:00","date_gmt":"2017-05-16T06:35:00","guid":{"rendered":"http:\/\/osnovnaskolakrk.hr\/punat\/?p=1760"},"modified":"2020-10-13T08:42:16","modified_gmt":"2020-10-13T08:42:16","slug":"majcin-dan-u-nasoj-skoli","status":"publish","type":"post","link":"http:\/\/osnovnaskolakrk.hr\/punat\/majcin-dan-u-nasoj-skoli\/","title":{"rendered":"Maj\u010din dan u na\u0161oj \u0161koli"},"content":{"rendered":"<div>\n<div>\n<div>\n<div>\n<div>\n<div>\n<p style=\"text-align: justify;\">\n<p style=\"text-align: justify;\">Ove nedjelje slavimo Maj\u010din dan stoga smo u petak 12.5.2017. godine pripremili\u00a0 priredbu kojom \u017eelimo iskazati\u00a0 ljubav i zahvalnost na\u0161im majkama. Mali zbor otpjevao je pjesme &#8220;Za na\u0161e drage mame&#8221; i &#8220;\u010cestitka maj\u010dici&#8221;.<\/p>\n<p style=\"text-align: justify;\"><!--more--><\/p>\n<p style=\"text-align: justify;\">Lorena i Mia recitirale su pjesmu pod nazivom &#8220;Ovo je pjesma&#8221;. Mia i Irra rekle su nam na \u0161to sli\u010de o\u010di majke. Kada i koliko djeca vole svoju majku \u010duli smo u pjesmi &#8220;Moja mama&#8221;. Kako ponekad treba mami i tati re\u0107i oprosti za sve na\u0161e nesta\u0161luke saznali smo iz pjesme &#8220;Oprosti mi mama, ne ljuti se tata&#8221;. Od Sandra, Mije i Lorene doznali smo tko suna\u0161ce zlati i tko je izvor milja i dragosti. Kako izgleda kad su majka i sunce u \u0161etnji \u010duli smo u recitaciji &#8220;Majka i sunce u \u0161etnji&#8221;. Na kraju smo pjesmom &#8220;Mama, hvala ti&#8221; izrazili svoju zahvalnost za sve dane radosti koje nam daje majka.<\/p>\n<p style=\"text-align: right;\">u\u010diteljica Mladenka<\/p>\n<p style=\"text-align: center;\"><a href=\"http:\/\/osnovnaskolakrk.hr\/punat\/majcin-dan-u-nasoj-skoli\/image-0-02-05-2fa8da6e825197975d9f9f03f234381637d3101d24de854914a8d455c9211e51-v\/\" rel=\"attachment wp-att-1762\"><img loading=\"lazy\" decoding=\"async\" class=\"alignleft size-full wp-image-1762\" src=\"http:\/\/osnovnaskolakrk.hr\/punat\/wp-content\/uploads\/image-0-02-05-2fa8da6e825197975d9f9f03f234381637d3101d24de854914a8d455c9211e51-V.jpg\" alt=\"\" width=\"1280\" height=\"720\" \/><\/a> <a href=\"http:\/\/osnovnaskolakrk.hr\/punat\/majcin-dan-u-nasoj-skoli\/image-0-02-05-4a9ee0fc9e99e78e9dd8587e232c2b0f752721cb818b65f2c8d84aec4e30897d-v\/\" rel=\"attachment wp-att-1763\"><img loading=\"lazy\" decoding=\"async\" class=\"alignleft size-medium wp-image-1763\" src=\"http:\/\/osnovnaskolakrk.hr\/punat\/wp-content\/uploads\/image-0-02-05-4a9ee0fc9e99e78e9dd8587e232c2b0f752721cb818b65f2c8d84aec4e30897d-V.jpg\" alt=\"\" width=\"720\" height=\"1280\" \/><\/a> <a href=\"http:\/\/osnovnaskolakrk.hr\/punat\/majcin-dan-u-nasoj-skoli\/image-0-02-05-4e2217f69f4c12454f3c3ffea998024a22e94c58e5e9f30dac7016b745d56537-v\/\" rel=\"attachment wp-att-1764\"><img loading=\"lazy\" decoding=\"async\" class=\"alignleft size-medium wp-image-1764\" src=\"http:\/\/osnovnaskolakrk.hr\/punat\/wp-content\/uploads\/image-0-02-05-4e2217f69f4c12454f3c3ffea998024a22e94c58e5e9f30dac7016b745d56537-V.jpg\" alt=\"\" width=\"1280\" height=\"720\" \/><\/a><\/p>\n<\/div>\n<\/div>\n<\/div>\n<\/div>\n<\/div>\n<\/div>\n","protected":false},"excerpt":{"rendered":"<p>Ove nedjelje slavimo Maj\u010din dan stoga smo u petak 12.5.2017. godine pripremili\u00a0 priredbu kojom \u017eelimo iskazati\u00a0 ljubav i zahvalnost na\u0161im majkama. Mali zbor otpjevao je pjesme &#8220;Za na\u0161e drage mame&#8221; i &#8220;\u010cestitka maj\u010dici&#8221;.<\/p>\n","protected":false},"author":2,"featured_media":0,"comment_status":"closed","ping_status":"closed","sticky":false,"template":"","format":"standard","meta":{"footnotes":""},"categories":[1],"tags":[],"class_list":["post-1760","post","type-post","status-publish","format-standard","hentry","category-nekategorizirano"],"yoast_head":"<!-- This site is optimized with the Yoast SEO plugin v15.9 - https:\/\/yoast.com\/wordpress\/plugins\/seo\/ -->\n<meta name=\"robots\" content=\"index, follow, max-snippet:-1, max-image-preview:large, max-video-preview:-1\" \/>\n<link rel=\"canonical\" href=\"https:\/\/osnovnaskolakrk.hr\/punat\/majcin-dan-u-nasoj-skoli\/\" \/>\n<meta property=\"og:locale\" content=\"hr_HR\" \/>\n<meta property=\"og:type\" content=\"article\" \/>\n<meta property=\"og:title\" content=\"Maj\u010din dan u na\u0161oj \u0161koli - O\u0160 &quot;Fran Krsto Frankopan&quot; Krk P\u0160 Punat\" \/>\n<meta property=\"og:description\" content=\"Ove nedjelje slavimo Maj\u010din dan stoga smo u petak 12.5.2017. godine pripremili\u00a0 priredbu kojom \u017eelimo iskazati\u00a0 ljubav i zahvalnost na\u0161im majkama. Mali zbor otpjevao je pjesme &#8220;Za na\u0161e drage mame&#8221; i &#8220;\u010cestitka maj\u010dici&#8221;.\" \/>\n<meta property=\"og:url\" content=\"https:\/\/osnovnaskolakrk.hr\/punat\/majcin-dan-u-nasoj-skoli\/\" \/>\n<meta property=\"og:site_name\" content=\"O\u0160 &quot;Fran Krsto Frankopan&quot; Krk P\u0160 Punat\" \/>\n<meta property=\"article:published_time\" content=\"2017-05-16T06:35:00+00:00\" \/>\n<meta property=\"article:modified_time\" content=\"2020-10-13T08:42:16+00:00\" \/>\n<meta property=\"og:image\" content=\"http:\/\/osnovnaskolakrk.hr\/punat\/wp-content\/uploads\/image-0-02-05-2fa8da6e825197975d9f9f03f234381637d3101d24de854914a8d455c9211e51-V.jpg\" \/>\n<meta name=\"twitter:card\" content=\"summary_large_image\" \/>\n<meta name=\"twitter:label1\" content=\"Procijenjeno vrijeme \u010ditanja\">\n\t<meta name=\"twitter:data1\" content=\"1 minuta\">\n<script type=\"application\/ld+json\" class=\"yoast-schema-graph\">{\"@context\":\"https:\/\/schema.org\",\"@graph\":[{\"@type\":\"WebSite\",\"@id\":\"https:\/\/osnovnaskolakrk.hr\/punat\/#website\",\"url\":\"https:\/\/osnovnaskolakrk.hr\/punat\/\",\"name\":\"O\\u0160 &quot;Fran Krsto Frankopan&quot; Krk P\\u0160 Punat\",\"description\":\"\",\"potentialAction\":[{\"@type\":\"SearchAction\",\"target\":\"https:\/\/osnovnaskolakrk.hr\/punat\/?s={search_term_string}\",\"query-input\":\"required name=search_term_string\"}],\"inLanguage\":\"hr\"},{\"@type\":\"ImageObject\",\"@id\":\"https:\/\/osnovnaskolakrk.hr\/punat\/majcin-dan-u-nasoj-skoli\/#primaryimage\",\"inLanguage\":\"hr\",\"url\":\"http:\/\/osnovnaskolakrk.hr\/punat\/wp-content\/uploads\/image-0-02-05-2fa8da6e825197975d9f9f03f234381637d3101d24de854914a8d455c9211e51-V.jpg\"},{\"@type\":\"WebPage\",\"@id\":\"https:\/\/osnovnaskolakrk.hr\/punat\/majcin-dan-u-nasoj-skoli\/#webpage\",\"url\":\"https:\/\/osnovnaskolakrk.hr\/punat\/majcin-dan-u-nasoj-skoli\/\",\"name\":\"Maj\\u010din dan u na\\u0161oj \\u0161koli - O\\u0160 &quot;Fran Krsto Frankopan&quot; Krk P\\u0160 Punat\",\"isPartOf\":{\"@id\":\"https:\/\/osnovnaskolakrk.hr\/punat\/#website\"},\"primaryImageOfPage\":{\"@id\":\"https:\/\/osnovnaskolakrk.hr\/punat\/majcin-dan-u-nasoj-skoli\/#primaryimage\"},\"datePublished\":\"2017-05-16T06:35:00+00:00\",\"dateModified\":\"2020-10-13T08:42:16+00:00\",\"author\":{\"@id\":\"https:\/\/osnovnaskolakrk.hr\/punat\/#\/schema\/person\/f195e1d386c0da5d18a64e28e2916495\"},\"breadcrumb\":{\"@id\":\"https:\/\/osnovnaskolakrk.hr\/punat\/majcin-dan-u-nasoj-skoli\/#breadcrumb\"},\"inLanguage\":\"hr\",\"potentialAction\":[{\"@type\":\"ReadAction\",\"target\":[\"https:\/\/osnovnaskolakrk.hr\/punat\/majcin-dan-u-nasoj-skoli\/\"]}]},{\"@type\":\"BreadcrumbList\",\"@id\":\"https:\/\/osnovnaskolakrk.hr\/punat\/majcin-dan-u-nasoj-skoli\/#breadcrumb\",\"itemListElement\":[{\"@type\":\"ListItem\",\"position\":1,\"item\":{\"@type\":\"WebPage\",\"@id\":\"https:\/\/osnovnaskolakrk.hr\/punat\/\",\"url\":\"https:\/\/osnovnaskolakrk.hr\/punat\/\",\"name\":\"Po\\u010detna stranica\"}},{\"@type\":\"ListItem\",\"position\":2,\"item\":{\"@type\":\"WebPage\",\"@id\":\"https:\/\/osnovnaskolakrk.hr\/punat\/majcin-dan-u-nasoj-skoli\/\",\"url\":\"https:\/\/osnovnaskolakrk.hr\/punat\/majcin-dan-u-nasoj-skoli\/\",\"name\":\"Maj\\u010din dan u na\\u0161oj \\u0161koli\"}}]},{\"@type\":\"Person\",\"@id\":\"https:\/\/osnovnaskolakrk.hr\/punat\/#\/schema\/person\/f195e1d386c0da5d18a64e28e2916495\",\"name\":\"Martina Jurjevi\\u0107\",\"image\":{\"@type\":\"ImageObject\",\"@id\":\"https:\/\/osnovnaskolakrk.hr\/punat\/#personlogo\",\"inLanguage\":\"hr\",\"url\":\"https:\/\/secure.gravatar.com\/avatar\/b466d5772e1b685344cea20229553ca1bb8616d50baa0b69e0d6286793f66e8a?s=96&d=mm&r=g\",\"caption\":\"Martina Jurjevi\\u0107\"}}]}<\/script>\n<!-- \/ Yoast SEO plugin. -->","_links":{"self":[{"href":"http:\/\/osnovnaskolakrk.hr\/punat\/wp-json\/wp\/v2\/posts\/1760","targetHints":{"allow":["GET"]}}],"collection":[{"href":"http:\/\/osnovnaskolakrk.hr\/punat\/wp-json\/wp\/v2\/posts"}],"about":[{"href":"http:\/\/osnovnaskolakrk.hr\/punat\/wp-json\/wp\/v2\/types\/post"}],"author":[{"embeddable":true,"href":"http:\/\/osnovnaskolakrk.hr\/punat\/wp-json\/wp\/v2\/users\/2"}],"replies":[{"embeddable":true,"href":"http:\/\/osnovnaskolakrk.hr\/punat\/wp-json\/wp\/v2\/comments?post=1760"}],"version-history":[{"count":3,"href":"http:\/\/osnovnaskolakrk.hr\/punat\/wp-json\/wp\/v2\/posts\/1760\/revisions"}],"predecessor-version":[{"id":4895,"href":"http:\/\/osnovnaskolakrk.hr\/punat\/wp-json\/wp\/v2\/posts\/1760\/revisions\/4895"}],"wp:attachment":[{"href":"http:\/\/osnovnaskolakrk.hr\/punat\/wp-json\/wp\/v2\/media?parent=1760"}],"wp:term":[{"taxonomy":"category","embeddable":true,"href":"http:\/\/osnovnaskolakrk.hr\/punat\/wp-json\/wp\/v2\/categories?post=1760"},{"taxonomy":"post_tag","embeddable":true,"href":"http:\/\/osnovnaskolakrk.hr\/punat\/wp-json\/wp\/v2\/tags?post=1760"}],"curies":[{"name":"wp","href":"https:\/\/api.w.org\/{rel}","templated":true}]}}