{"id":4005,"date":"2019-12-19T22:14:29","date_gmt":"2019-12-19T22:14:29","guid":{"rendered":"http:\/\/osnovnaskolakrk.hr\/punat\/?p=4005"},"modified":"2019-12-19T22:15:46","modified_gmt":"2019-12-19T22:15:46","slug":"obavijest-o-nadoknadi","status":"publish","type":"post","link":"http:\/\/osnovnaskolakrk.hr\/punat\/obavijest-o-nadoknadi\/","title":{"rendered":"Obavijest o nadoknadi"},"content":{"rendered":"<p style=\"text-align: justify;\"><a href=\"http:\/\/osnovnaskolakrk.hr\/punat\/obavijest-o-nadoknadi\/images-5\/\" rel=\"attachment wp-att-4006\"><img loading=\"lazy\" decoding=\"async\" class=\"alignleft size-full wp-image-4006\" src=\"http:\/\/osnovnaskolakrk.hr\/punat\/wp-content\/uploads\/images-3.jpg\" alt=\"\" width=\"251\" height=\"201\" \/><\/a>Dragi u\u010denici i roditelji,<\/p>\n<p style=\"text-align: justify;\">prema dana\u0161njoj odluci \u017dupanije P\u0160 Punat odra\u0111ivat \u0107e pet radnih dana propu\u0161tenih \u0161trajkom. Prvi dan nadoknade bit \u0107e u <strong>ponedjeljak 23. prosinca<\/strong>, dok \u0107e sa ostala \u010detiri dana biti produljena nastavna godina do 24. lipnja 2020.<\/p>\n<p style=\"text-align: justify;\">U ponedjeljak \u0107e se nastava odr\u017eati prema redovnom rasporedu.<\/p>\n","protected":false},"excerpt":{"rendered":"<p>Dragi u\u010denici i roditelji, prema dana\u0161njoj odluci \u017dupanije P\u0160 Punat odra\u0111ivat \u0107e pet radnih dana propu\u0161tenih \u0161trajkom. Prvi dan nadoknade bit \u0107e u ponedjeljak 23. prosinca, dok \u0107e sa ostala \u010detiri dana biti produljena nastavna godina do 24. lipnja 2020. U ponedjeljak \u0107e se nastava odr\u017eati prema redovnom rasporedu.<\/p>\n","protected":false},"author":2,"featured_media":0,"comment_status":"closed","ping_status":"closed","sticky":false,"template":"","format":"standard","meta":{"footnotes":""},"categories":[1],"tags":[],"class_list":["post-4005","post","type-post","status-publish","format-standard","hentry","category-nekategorizirano"],"yoast_head":"<!-- This site is optimized with the Yoast SEO plugin v15.9 - https:\/\/yoast.com\/wordpress\/plugins\/seo\/ -->\n<meta name=\"robots\" content=\"index, follow, max-snippet:-1, max-image-preview:large, max-video-preview:-1\" \/>\n<link rel=\"canonical\" href=\"http:\/\/osnovnaskolakrk.hr\/punat\/obavijest-o-nadoknadi\/\" \/>\n<meta property=\"og:locale\" content=\"hr_HR\" \/>\n<meta property=\"og:type\" content=\"article\" \/>\n<meta property=\"og:title\" content=\"Obavijest o nadoknadi - O\u0160 &quot;Fran Krsto Frankopan&quot; Krk P\u0160 Punat\" \/>\n<meta property=\"og:description\" content=\"Dragi u\u010denici i roditelji, prema dana\u0161njoj odluci \u017dupanije P\u0160 Punat odra\u0111ivat \u0107e pet radnih dana propu\u0161tenih \u0161trajkom. Prvi dan nadoknade bit \u0107e u ponedjeljak 23. prosinca, dok \u0107e sa ostala \u010detiri dana biti produljena nastavna godina do 24. lipnja 2020. U ponedjeljak \u0107e se nastava odr\u017eati prema redovnom rasporedu.\" \/>\n<meta property=\"og:url\" content=\"http:\/\/osnovnaskolakrk.hr\/punat\/obavijest-o-nadoknadi\/\" \/>\n<meta property=\"og:site_name\" content=\"O\u0160 &quot;Fran Krsto Frankopan&quot; Krk P\u0160 Punat\" \/>\n<meta property=\"article:published_time\" content=\"2019-12-19T22:14:29+00:00\" \/>\n<meta property=\"article:modified_time\" content=\"2019-12-19T22:15:46+00:00\" \/>\n<meta property=\"og:image\" content=\"http:\/\/osnovnaskolakrk.hr\/punat\/wp-content\/uploads\/images-3.jpg\" \/>\n<meta name=\"twitter:card\" content=\"summary_large_image\" \/>\n<script type=\"application\/ld+json\" class=\"yoast-schema-graph\">{\"@context\":\"https:\/\/schema.org\",\"@graph\":[{\"@type\":\"WebSite\",\"@id\":\"https:\/\/osnovnaskolakrk.hr\/punat\/#website\",\"url\":\"https:\/\/osnovnaskolakrk.hr\/punat\/\",\"name\":\"O\\u0160 &quot;Fran Krsto Frankopan&quot; Krk P\\u0160 Punat\",\"description\":\"\",\"potentialAction\":[{\"@type\":\"SearchAction\",\"target\":\"https:\/\/osnovnaskolakrk.hr\/punat\/?s={search_term_string}\",\"query-input\":\"required name=search_term_string\"}],\"inLanguage\":\"hr\"},{\"@type\":\"ImageObject\",\"@id\":\"http:\/\/osnovnaskolakrk.hr\/punat\/obavijest-o-nadoknadi\/#primaryimage\",\"inLanguage\":\"hr\",\"url\":\"http:\/\/osnovnaskolakrk.hr\/punat\/wp-content\/uploads\/images-3.jpg\",\"width\":251,\"height\":201},{\"@type\":\"WebPage\",\"@id\":\"http:\/\/osnovnaskolakrk.hr\/punat\/obavijest-o-nadoknadi\/#webpage\",\"url\":\"http:\/\/osnovnaskolakrk.hr\/punat\/obavijest-o-nadoknadi\/\",\"name\":\"Obavijest o nadoknadi - O\\u0160 &quot;Fran Krsto Frankopan&quot; Krk P\\u0160 Punat\",\"isPartOf\":{\"@id\":\"https:\/\/osnovnaskolakrk.hr\/punat\/#website\"},\"primaryImageOfPage\":{\"@id\":\"http:\/\/osnovnaskolakrk.hr\/punat\/obavijest-o-nadoknadi\/#primaryimage\"},\"datePublished\":\"2019-12-19T22:14:29+00:00\",\"dateModified\":\"2019-12-19T22:15:46+00:00\",\"author\":{\"@id\":\"https:\/\/osnovnaskolakrk.hr\/punat\/#\/schema\/person\/f195e1d386c0da5d18a64e28e2916495\"},\"breadcrumb\":{\"@id\":\"http:\/\/osnovnaskolakrk.hr\/punat\/obavijest-o-nadoknadi\/#breadcrumb\"},\"inLanguage\":\"hr\",\"potentialAction\":[{\"@type\":\"ReadAction\",\"target\":[\"http:\/\/osnovnaskolakrk.hr\/punat\/obavijest-o-nadoknadi\/\"]}]},{\"@type\":\"BreadcrumbList\",\"@id\":\"http:\/\/osnovnaskolakrk.hr\/punat\/obavijest-o-nadoknadi\/#breadcrumb\",\"itemListElement\":[{\"@type\":\"ListItem\",\"position\":1,\"item\":{\"@type\":\"WebPage\",\"@id\":\"https:\/\/osnovnaskolakrk.hr\/punat\/\",\"url\":\"https:\/\/osnovnaskolakrk.hr\/punat\/\",\"name\":\"Po\\u010detna stranica\"}},{\"@type\":\"ListItem\",\"position\":2,\"item\":{\"@type\":\"WebPage\",\"@id\":\"http:\/\/osnovnaskolakrk.hr\/punat\/obavijest-o-nadoknadi\/\",\"url\":\"http:\/\/osnovnaskolakrk.hr\/punat\/obavijest-o-nadoknadi\/\",\"name\":\"Obavijest o nadoknadi\"}}]},{\"@type\":\"Person\",\"@id\":\"https:\/\/osnovnaskolakrk.hr\/punat\/#\/schema\/person\/f195e1d386c0da5d18a64e28e2916495\",\"name\":\"Martina Jurjevi\\u0107\",\"image\":{\"@type\":\"ImageObject\",\"@id\":\"https:\/\/osnovnaskolakrk.hr\/punat\/#personlogo\",\"inLanguage\":\"hr\",\"url\":\"https:\/\/secure.gravatar.com\/avatar\/b466d5772e1b685344cea20229553ca1bb8616d50baa0b69e0d6286793f66e8a?s=96&d=mm&r=g\",\"caption\":\"Martina Jurjevi\\u0107\"}}]}<\/script>\n<!-- \/ Yoast SEO plugin. -->","_links":{"self":[{"href":"http:\/\/osnovnaskolakrk.hr\/punat\/wp-json\/wp\/v2\/posts\/4005","targetHints":{"allow":["GET"]}}],"collection":[{"href":"http:\/\/osnovnaskolakrk.hr\/punat\/wp-json\/wp\/v2\/posts"}],"about":[{"href":"http:\/\/osnovnaskolakrk.hr\/punat\/wp-json\/wp\/v2\/types\/post"}],"author":[{"embeddable":true,"href":"http:\/\/osnovnaskolakrk.hr\/punat\/wp-json\/wp\/v2\/users\/2"}],"replies":[{"embeddable":true,"href":"http:\/\/osnovnaskolakrk.hr\/punat\/wp-json\/wp\/v2\/comments?post=4005"}],"version-history":[{"count":3,"href":"http:\/\/osnovnaskolakrk.hr\/punat\/wp-json\/wp\/v2\/posts\/4005\/revisions"}],"predecessor-version":[{"id":4009,"href":"http:\/\/osnovnaskolakrk.hr\/punat\/wp-json\/wp\/v2\/posts\/4005\/revisions\/4009"}],"wp:attachment":[{"href":"http:\/\/osnovnaskolakrk.hr\/punat\/wp-json\/wp\/v2\/media?parent=4005"}],"wp:term":[{"taxonomy":"category","embeddable":true,"href":"http:\/\/osnovnaskolakrk.hr\/punat\/wp-json\/wp\/v2\/categories?post=4005"},{"taxonomy":"post_tag","embeddable":true,"href":"http:\/\/osnovnaskolakrk.hr\/punat\/wp-json\/wp\/v2\/tags?post=4005"}],"curies":[{"name":"wp","href":"https:\/\/api.w.org\/{rel}","templated":true}]}}