{"id":6278,"date":"2021-12-23T10:30:39","date_gmt":"2021-12-23T10:30:39","guid":{"rendered":"http:\/\/osnovnaskolakrk.hr\/punat\/?p=6278"},"modified":"2021-12-23T13:20:15","modified_gmt":"2021-12-23T13:20:15","slug":"svim-na-zemlji-mir-veselje","status":"publish","type":"post","link":"http:\/\/osnovnaskolakrk.hr\/punat\/svim-na-zemlji-mir-veselje\/","title":{"rendered":"Svim` na zemlji mir, veselje!"},"content":{"rendered":"<p style=\"text-align: justify;\"><a href=\"http:\/\/osnovnaskolakrk.hr\/punat\/svim-na-zemlji-mir-veselje\/while-mary-sleeps-featured\/\" rel=\"attachment wp-att-6279\"><img loading=\"lazy\" decoding=\"async\" class=\"alignleft size-full wp-image-6279\" src=\"http:\/\/osnovnaskolakrk.hr\/punat\/wp-content\/uploads\/2021\/12\/while-mary-sleeps-featured.jpg\" alt=\"\" width=\"1680\" height=\"720\" srcset=\"http:\/\/osnovnaskolakrk.hr\/punat\/wp-content\/uploads\/2021\/12\/while-mary-sleeps-featured.jpg 1680w, http:\/\/osnovnaskolakrk.hr\/punat\/wp-content\/uploads\/2021\/12\/while-mary-sleeps-featured-1536x658.jpg 1536w, http:\/\/osnovnaskolakrk.hr\/punat\/wp-content\/uploads\/2021\/12\/while-mary-sleeps-featured-624x267.jpg 624w\" sizes=\"auto, (max-width: 1680px) 100vw, 1680px\" \/><\/a>Nama na Primorju, posebno na otoku, nije te\u0161ko zamisliti uske, kamene ulice Betlehema. No\u0107 je i prazne su. Nogama i koracima ula\u0161teni kamen odsijava toplo svjetlo sa prozora obiteljskih domova. Toliko je tiho da jasno \u010duje\u0161 zveckavi zvuk vlastitog koraka i pomalo ti je neugodno \u0161to naru\u0161ava\u0161 taj tihi sklad. Ovo je prizor koji smo ne jednom sami do\u017eivjeli u svom mjestu.<\/p>\n<p><!--more--><\/p>\n<p style=\"text-align: justify;\">Istim je krajolikom prolazio Josip uz Mariju koja je trudna sjedila na le\u0111ima krotkog magarca. U ovo bu\u010dno vrijeme upravo nam je taj mir najpotrebniji. Mir od jutarnjeg bu\u0111enja da bi na vrijeme do\u0161li na nastavu, mir od ispita, radova i u\u010denja koje nam ponekad te\u0161ko pada. Mir od raznih dnevnih aktivnosti. Osje\u0107amo potrebu za vremenom kada \u0107emo mo\u0107i raditi ono u \u010demu istinski u\u017eivamo.<\/p>\n<p style=\"text-align: justify;\">Takav mir vam \u017eelimo ovih blagdana. Blagoslov posebnog svjetla koje \u0107e obasjati, doslovno i preneseno, na\u0161e ulice za koji dan. Svjetlo novoro\u0111enoga Maloga Boga.<\/p>\n<p style=\"text-align: justify;\">Neka nam nova 2022. svima donese toliko \u017eeljeno zdravlje nas i na\u0161ih bli\u017enjih. Pratila vas sre\u0107a i uspjeh na svakom koraku!<\/p>\n<p style=\"text-align: justify;\">Mo\u017eda ste se zapitali gdje je Marija na naslovnoj slici. Marija spava i odmara \ud83d\ude42 Poku\u0161ajte tijekom blagdana biti svojim bli\u017enjima kao Josip &#8211; usko\u010dite u pomo\u0107, dopustite da se i va\u0161i dragi &#8220;odmore&#8221; uz vas. Ne mora to biti samo fizi\u010dka pomo\u0107. Nasmije\u0161ite se prolaznicima, recite nekome neku toplu rije\u010d, budite odgovorni jedni prema drugima i \u010duvajte se. Tako \u0107emo zajedno \u0161iriti duh Bo\u017ei\u0107a.<\/p>\n<p>Vidimo se ponovno u \u0161koli 10. sije\u010dnja 2022.<\/p>\n<p style=\"text-align: right;\">va\u0161i u\u010ditelji<\/p>\n<p><em>U nastavku mo\u017eete pogledati ovogodi\u0161nji virtualni Bo\u017ei\u0107no-novogodi\u0161nji koncert.<\/em><\/p>\n<p><iframe loading=\"lazy\"  id=\"_ytid_67170\"  width=\"625\" height=\"352\"  data-origwidth=\"625\" data-origheight=\"352\" src=\"https:\/\/www.youtube.com\/embed\/bTJx5LQ-5Sw?enablejsapi=1&#038;autoplay=0&#038;cc_load_policy=0&#038;cc_lang_pref=&#038;iv_load_policy=1&#038;loop=0&#038;modestbranding=0&#038;rel=1&#038;fs=1&#038;playsinline=0&#038;autohide=2&#038;theme=dark&#038;color=red&#038;controls=1&#038;\" class=\"__youtube_prefs__  epyt-is-override  no-lazyload\" title=\"YouTube player\"  allow=\"fullscreen; accelerometer; autoplay; clipboard-write; encrypted-media; gyroscope; picture-in-picture\" allowfullscreen data-no-lazy=\"1\" data-skipgform_ajax_framebjll=\"\"><\/iframe><\/p>\n","protected":false},"excerpt":{"rendered":"<p>Nama na Primorju, posebno na otoku, nije te\u0161ko zamisliti uske, kamene ulice Betlehema. No\u0107 je i prazne su. Nogama i koracima ula\u0161teni kamen odsijava toplo svjetlo sa prozora obiteljskih domova. Toliko je tiho da jasno \u010duje\u0161 zveckavi zvuk vlastitog koraka i pomalo ti je neugodno \u0161to naru\u0161ava\u0161 taj tihi sklad. Ovo je prizor koji smo [&hellip;]<\/p>\n","protected":false},"author":2,"featured_media":0,"comment_status":"closed","ping_status":"closed","sticky":false,"template":"","format":"standard","meta":{"footnotes":""},"categories":[1],"tags":[],"class_list":["post-6278","post","type-post","status-publish","format-standard","hentry","category-nekategorizirano"],"yoast_head":"<!-- This site is optimized with the Yoast SEO plugin v15.9 - https:\/\/yoast.com\/wordpress\/plugins\/seo\/ -->\n<meta name=\"robots\" content=\"index, follow, max-snippet:-1, max-image-preview:large, max-video-preview:-1\" \/>\n<link rel=\"canonical\" href=\"http:\/\/osnovnaskolakrk.hr\/punat\/svim-na-zemlji-mir-veselje\/\" \/>\n<meta property=\"og:locale\" content=\"hr_HR\" \/>\n<meta property=\"og:type\" content=\"article\" \/>\n<meta property=\"og:title\" content=\"Svim` na zemlji mir, veselje! - O\u0160 &quot;Fran Krsto Frankopan&quot; Krk P\u0160 Punat\" \/>\n<meta property=\"og:description\" content=\"Nama na Primorju, posebno na otoku, nije te\u0161ko zamisliti uske, kamene ulice Betlehema. No\u0107 je i prazne su. Nogama i koracima ula\u0161teni kamen odsijava toplo svjetlo sa prozora obiteljskih domova. Toliko je tiho da jasno \u010duje\u0161 zveckavi zvuk vlastitog koraka i pomalo ti je neugodno \u0161to naru\u0161ava\u0161 taj tihi sklad. Ovo je prizor koji smo [&hellip;]\" \/>\n<meta property=\"og:url\" content=\"http:\/\/osnovnaskolakrk.hr\/punat\/svim-na-zemlji-mir-veselje\/\" \/>\n<meta property=\"og:site_name\" content=\"O\u0160 &quot;Fran Krsto Frankopan&quot; Krk P\u0160 Punat\" \/>\n<meta property=\"article:published_time\" content=\"2021-12-23T10:30:39+00:00\" \/>\n<meta property=\"article:modified_time\" content=\"2021-12-23T13:20:15+00:00\" \/>\n<meta property=\"og:image\" content=\"http:\/\/osnovnaskolakrk.hr\/punat\/wp-content\/uploads\/2021\/12\/while-mary-sleeps-featured.jpg\" \/>\n<meta name=\"twitter:card\" content=\"summary_large_image\" \/>\n<meta name=\"twitter:label1\" content=\"Procijenjeno vrijeme \u010ditanja\">\n\t<meta name=\"twitter:data1\" content=\"2 minute\">\n<script type=\"application\/ld+json\" class=\"yoast-schema-graph\">{\"@context\":\"https:\/\/schema.org\",\"@graph\":[{\"@type\":\"WebSite\",\"@id\":\"https:\/\/osnovnaskolakrk.hr\/punat\/#website\",\"url\":\"https:\/\/osnovnaskolakrk.hr\/punat\/\",\"name\":\"O\\u0160 &quot;Fran Krsto Frankopan&quot; Krk P\\u0160 Punat\",\"description\":\"\",\"potentialAction\":[{\"@type\":\"SearchAction\",\"target\":\"https:\/\/osnovnaskolakrk.hr\/punat\/?s={search_term_string}\",\"query-input\":\"required name=search_term_string\"}],\"inLanguage\":\"hr\"},{\"@type\":\"ImageObject\",\"@id\":\"http:\/\/osnovnaskolakrk.hr\/punat\/svim-na-zemlji-mir-veselje\/#primaryimage\",\"inLanguage\":\"hr\",\"url\":\"http:\/\/osnovnaskolakrk.hr\/punat\/wp-content\/uploads\/2021\/12\/while-mary-sleeps-featured.jpg\",\"width\":1680,\"height\":720},{\"@type\":\"WebPage\",\"@id\":\"http:\/\/osnovnaskolakrk.hr\/punat\/svim-na-zemlji-mir-veselje\/#webpage\",\"url\":\"http:\/\/osnovnaskolakrk.hr\/punat\/svim-na-zemlji-mir-veselje\/\",\"name\":\"Svim` na zemlji mir, veselje! - O\\u0160 &quot;Fran Krsto Frankopan&quot; Krk P\\u0160 Punat\",\"isPartOf\":{\"@id\":\"https:\/\/osnovnaskolakrk.hr\/punat\/#website\"},\"primaryImageOfPage\":{\"@id\":\"http:\/\/osnovnaskolakrk.hr\/punat\/svim-na-zemlji-mir-veselje\/#primaryimage\"},\"datePublished\":\"2021-12-23T10:30:39+00:00\",\"dateModified\":\"2021-12-23T13:20:15+00:00\",\"author\":{\"@id\":\"https:\/\/osnovnaskolakrk.hr\/punat\/#\/schema\/person\/f195e1d386c0da5d18a64e28e2916495\"},\"breadcrumb\":{\"@id\":\"http:\/\/osnovnaskolakrk.hr\/punat\/svim-na-zemlji-mir-veselje\/#breadcrumb\"},\"inLanguage\":\"hr\",\"potentialAction\":[{\"@type\":\"ReadAction\",\"target\":[\"http:\/\/osnovnaskolakrk.hr\/punat\/svim-na-zemlji-mir-veselje\/\"]}]},{\"@type\":\"BreadcrumbList\",\"@id\":\"http:\/\/osnovnaskolakrk.hr\/punat\/svim-na-zemlji-mir-veselje\/#breadcrumb\",\"itemListElement\":[{\"@type\":\"ListItem\",\"position\":1,\"item\":{\"@type\":\"WebPage\",\"@id\":\"https:\/\/osnovnaskolakrk.hr\/punat\/\",\"url\":\"https:\/\/osnovnaskolakrk.hr\/punat\/\",\"name\":\"Po\\u010detna stranica\"}},{\"@type\":\"ListItem\",\"position\":2,\"item\":{\"@type\":\"WebPage\",\"@id\":\"http:\/\/osnovnaskolakrk.hr\/punat\/svim-na-zemlji-mir-veselje\/\",\"url\":\"http:\/\/osnovnaskolakrk.hr\/punat\/svim-na-zemlji-mir-veselje\/\",\"name\":\"Svim` na zemlji mir, veselje!\"}}]},{\"@type\":\"Person\",\"@id\":\"https:\/\/osnovnaskolakrk.hr\/punat\/#\/schema\/person\/f195e1d386c0da5d18a64e28e2916495\",\"name\":\"Martina Jurjevi\\u0107\",\"image\":{\"@type\":\"ImageObject\",\"@id\":\"https:\/\/osnovnaskolakrk.hr\/punat\/#personlogo\",\"inLanguage\":\"hr\",\"url\":\"https:\/\/secure.gravatar.com\/avatar\/b466d5772e1b685344cea20229553ca1bb8616d50baa0b69e0d6286793f66e8a?s=96&d=mm&r=g\",\"caption\":\"Martina Jurjevi\\u0107\"}}]}<\/script>\n<!-- \/ Yoast SEO plugin. -->","_links":{"self":[{"href":"http:\/\/osnovnaskolakrk.hr\/punat\/wp-json\/wp\/v2\/posts\/6278","targetHints":{"allow":["GET"]}}],"collection":[{"href":"http:\/\/osnovnaskolakrk.hr\/punat\/wp-json\/wp\/v2\/posts"}],"about":[{"href":"http:\/\/osnovnaskolakrk.hr\/punat\/wp-json\/wp\/v2\/types\/post"}],"author":[{"embeddable":true,"href":"http:\/\/osnovnaskolakrk.hr\/punat\/wp-json\/wp\/v2\/users\/2"}],"replies":[{"embeddable":true,"href":"http:\/\/osnovnaskolakrk.hr\/punat\/wp-json\/wp\/v2\/comments?post=6278"}],"version-history":[{"count":5,"href":"http:\/\/osnovnaskolakrk.hr\/punat\/wp-json\/wp\/v2\/posts\/6278\/revisions"}],"predecessor-version":[{"id":6284,"href":"http:\/\/osnovnaskolakrk.hr\/punat\/wp-json\/wp\/v2\/posts\/6278\/revisions\/6284"}],"wp:attachment":[{"href":"http:\/\/osnovnaskolakrk.hr\/punat\/wp-json\/wp\/v2\/media?parent=6278"}],"wp:term":[{"taxonomy":"category","embeddable":true,"href":"http:\/\/osnovnaskolakrk.hr\/punat\/wp-json\/wp\/v2\/categories?post=6278"},{"taxonomy":"post_tag","embeddable":true,"href":"http:\/\/osnovnaskolakrk.hr\/punat\/wp-json\/wp\/v2\/tags?post=6278"}],"curies":[{"name":"wp","href":"https:\/\/api.w.org\/{rel}","templated":true}]}}