{"id":6315,"date":"2022-01-13T06:56:18","date_gmt":"2022-01-13T06:56:18","guid":{"rendered":"http:\/\/osnovnaskolakrk.hr\/punat\/?p=6315"},"modified":"2022-01-13T06:56:18","modified_gmt":"2022-01-13T06:56:18","slug":"javni-poziv-za-prijavu-djece-skolskih-obveznika-za-skolsku-godinu-2022-23","status":"publish","type":"post","link":"http:\/\/osnovnaskolakrk.hr\/punat\/javni-poziv-za-prijavu-djece-skolskih-obveznika-za-skolsku-godinu-2022-23\/","title":{"rendered":"Javni poziv za prijavu djece \u0161kolskih obveznika za \u0161kolsku godinu 2022.\/23."},"content":{"rendered":"<p style=\"text-align: justify;\"><a href=\"http:\/\/osnovnaskolakrk.hr\/punat\/javni-poziv-za-prijavu-djece-skolskih-obveznika-za-skolsku-godinu-2022-23\/skola-4\/\" rel=\"attachment wp-att-6316\"><img loading=\"lazy\" decoding=\"async\" class=\"alignleft size-full wp-image-6316\" src=\"http:\/\/osnovnaskolakrk.hr\/punat\/wp-content\/uploads\/2022\/01\/skola.jpg\" alt=\"\" width=\"890\" height=\"395\" srcset=\"http:\/\/osnovnaskolakrk.hr\/punat\/wp-content\/uploads\/2022\/01\/skola.jpg 890w, http:\/\/osnovnaskolakrk.hr\/punat\/wp-content\/uploads\/2022\/01\/skola-624x277.jpg 624w\" sizes=\"auto, (max-width: 890px) 100vw, 890px\" \/><\/a>Pozivamo roditelje djece koji su \u0161kolski obveznici za \u0161kolsku godinu 2022.\/23. ro\u0111ene od 1.\u00a0travnja 2015. godine do 31. o\u017eujka 2016. godine\u00a0na obvezu utvr\u0111ivanja psihofizi\u010dkog stanja djeteta radi upisa u prvi razred osnovne \u0161kole.<\/p>\n<p style=\"text-align: justify;\">Prema planu upisa djece u prvi razred osnovne \u0161kole koje je donio Upravni odjel za odgoj i obrazovanje u Primorsko-goranskoj \u017eupaniji\u00a0<strong>prijave za upis u prvi razred O\u0160 \u201eFran Krsto Frankopan\u201c Krk<\/strong>\u00a0bit \u0107e omogu\u0107ene\u00a0<strong>elektronskim putem<br \/>\n<\/strong><\/p>\n<p style=\"text-align: center;\"><strong>od 24. do 28. sije\u010dnja 2022. godine.<\/strong><\/p>\n<p><!--more--><\/p>\n<p style=\"text-align: justify;\">U navedenom razdoblju, prijave \u0107e biti mogu\u0107e izvr\u0161iti preko web stranice na\u0161e \u0161kole,\u00a0<a href=\"http:\/\/osnovnaskolakrk.hr\/\">osnovnaskolakrk.hr<\/a>\u00a0klikom na\u00a0<strong><a href=\"https:\/\/forms.gle\/DUwA9NLQzEhQ5DKT9\" target=\"_blank\" rel=\"noopener noreferrer\"><i>Obrazac za prijave upisa u 1. razred O\u0160 za \u0161kolsku\u00a0 godinu 2022.\/2023<\/i><\/a><\/strong>.<\/p>\n<p style=\"text-align: justify;\">Za one roditelje koji nisu u mogu\u0107nosti na elektronski na\u010din prijaviti dijete omogu\u0107it \u0107e se od 24. do 28. sije\u010dnja 2021. godine od\u00a0<strong>11,00 sati do 12,00 sati<\/strong>\u00a0prijava putem telefonskog broja 051\/661-946. Prije poziva potrebno je pripremiti OIB djeteta te podatke o e-mail adresama roditelja te brojeve telefona\/mobitela zbog daljnjeg kontakta.<\/p>\n<p style=\"text-align: justify;\">Prilikom prijava, te razvrstavanja prijavljenih \u0161kolskih obveznika potrebno je voditi ra\u010duna o upisnom podru\u010dju pojedine podru\u010dne \u0161kole i mati\u010dne \u0161kole te prijavljenom prebivali\u0161tu \u0161kolskog obveznika.<\/p>\n<p style=\"text-align: justify;\">Upisna podru\u010dja O\u0160 \u201eFran Krsto Frankopan\u201c Krk su slijede\u0107a:<\/p>\n<table>\n<tbody>\n<tr>\n<td>M\u0160 Krk<\/td>\n<td>Krk, Korni\u0107, Muraj, Lakmartin<\/td>\n<\/tr>\n<tr>\n<td>P\u0160 Vrh<\/td>\n<td>Vrh, Salati\u0107i, Kosi\u0107i, Skrp\u010di\u0107i, Pinezi\u0107i, Baj\u010di\u0107i, Brusi\u0107i, Linardi\u0107i, \u017dgalji\u0107i, Milohni\u0107i, Brzac, Poljica, Nenadi\u0107i<\/td>\n<\/tr>\n<tr>\n<td>P\u0160 Punat<\/td>\n<td>Punat, Stara Ba\u0161ka, Korni\u0107, Muraj<\/td>\n<\/tr>\n<tr>\n<td>P\u0160 Ba\u0161ka<\/td>\n<td>Draga Ba\u0161ka, Jurandvor, Batomalj, Ba\u0161ka<\/td>\n<\/tr>\n<tr>\n<td>P\u0160 Vrbnik<\/td>\n<td>Vrbnik, Risika, Garica, Kampelje<\/td>\n<\/tr>\n<\/tbody>\n<\/table>\n<p style=\"text-align: justify;\">Nakon izvr\u0161enih prijava roditelji \u0107e biti obavije\u0161teni putem elektronske po\u0161te, koje su naveli u prijavi, o mjestu i terminima za lije\u010dni\u010dki pregled djeteta te testiranju kod \u0161kolskog psihologa.<\/p>\n<p style=\"text-align: justify;\">Uz ovu objavu nalaze se dokumenti Upravnog odjela za odgoj i obrazovanje Primorsko-goranske \u017eupanije:<\/p>\n<ul>\n<li style=\"text-align: justify;\"><a href=\"http:\/\/osnovnaskolakrk.hr\/wp-content\/uploads\/JAVNI-POZIV-ZA-UPIS-U-PRVI-RAZRED.pdf\" target=\"_blank\" rel=\"noopener noreferrer\">Javni poziv za upis u prvi razred osnovne \u0161kole za \u0161kolsku 2022.\/2023. godinu<\/a><\/li>\n<li style=\"text-align: justify;\"><a href=\"http:\/\/osnovnaskolakrk.hr\/wp-content\/uploads\/PLAN-UPISA-U-PRVI-RAZRED-OSNOVNE-SKOLE-ZA-SKOLSKU-GODINU2022-2023.pdf\" target=\"_blank\" rel=\"noopener noreferrer\">Plan upisa u prvi razred osnovne \u0161kole za \u0161kolsku 2022.\/2023. godinu<\/a><\/li>\n<li style=\"text-align: justify;\"><a href=\"http:\/\/osnovnaskolakrk.hr\/wp-content\/uploads\/INFORMACIJE-VEZANE-UZ-UPIS-U-PRVI-RAZRED-OS-ZA-SKOLSKU-GODINU2022-2023.pdf\" target=\"_blank\" rel=\"noopener noreferrer\">Informacije vezane uz upis u prvi razred osnovne \u0161kole za \u0161kolsku godinu 2022.\/2023.<\/a><\/li>\n<\/ul>\n","protected":false},"excerpt":{"rendered":"<p>Pozivamo roditelje djece koji su \u0161kolski obveznici za \u0161kolsku godinu 2022.\/23. ro\u0111ene od 1.\u00a0travnja 2015. godine do 31. o\u017eujka 2016. godine\u00a0na obvezu utvr\u0111ivanja psihofizi\u010dkog stanja djeteta radi upisa u prvi razred osnovne \u0161kole. Prema planu upisa djece u prvi razred osnovne \u0161kole koje je donio Upravni odjel za odgoj i obrazovanje u Primorsko-goranskoj \u017eupaniji\u00a0prijave za [&hellip;]<\/p>\n","protected":false},"author":2,"featured_media":0,"comment_status":"closed","ping_status":"closed","sticky":false,"template":"","format":"standard","meta":{"footnotes":""},"categories":[1],"tags":[],"class_list":["post-6315","post","type-post","status-publish","format-standard","hentry","category-nekategorizirano"],"yoast_head":"<!-- This site is optimized with the Yoast SEO plugin v15.9 - https:\/\/yoast.com\/wordpress\/plugins\/seo\/ -->\n<meta name=\"robots\" content=\"index, follow, max-snippet:-1, max-image-preview:large, max-video-preview:-1\" \/>\n<link rel=\"canonical\" href=\"http:\/\/osnovnaskolakrk.hr\/punat\/javni-poziv-za-prijavu-djece-skolskih-obveznika-za-skolsku-godinu-2022-23\/\" \/>\n<meta property=\"og:locale\" content=\"hr_HR\" \/>\n<meta property=\"og:type\" content=\"article\" \/>\n<meta property=\"og:title\" content=\"Javni poziv za prijavu djece \u0161kolskih obveznika za \u0161kolsku godinu 2022.\/23. - O\u0160 &quot;Fran Krsto Frankopan&quot; Krk P\u0160 Punat\" \/>\n<meta property=\"og:description\" content=\"Pozivamo roditelje djece koji su \u0161kolski obveznici za \u0161kolsku godinu 2022.\/23. ro\u0111ene od 1.\u00a0travnja 2015. godine do 31. o\u017eujka 2016. godine\u00a0na obvezu utvr\u0111ivanja psihofizi\u010dkog stanja djeteta radi upisa u prvi razred osnovne \u0161kole. Prema planu upisa djece u prvi razred osnovne \u0161kole koje je donio Upravni odjel za odgoj i obrazovanje u Primorsko-goranskoj \u017eupaniji\u00a0prijave za [&hellip;]\" \/>\n<meta property=\"og:url\" content=\"http:\/\/osnovnaskolakrk.hr\/punat\/javni-poziv-za-prijavu-djece-skolskih-obveznika-za-skolsku-godinu-2022-23\/\" \/>\n<meta property=\"og:site_name\" content=\"O\u0160 &quot;Fran Krsto Frankopan&quot; Krk P\u0160 Punat\" \/>\n<meta property=\"article:published_time\" content=\"2022-01-13T06:56:18+00:00\" \/>\n<meta property=\"og:image\" content=\"http:\/\/osnovnaskolakrk.hr\/punat\/wp-content\/uploads\/2022\/01\/skola.jpg\" \/>\n<meta name=\"twitter:card\" content=\"summary_large_image\" \/>\n<meta name=\"twitter:label1\" content=\"Procijenjeno vrijeme \u010ditanja\">\n\t<meta name=\"twitter:data1\" content=\"2 minute\">\n<script type=\"application\/ld+json\" class=\"yoast-schema-graph\">{\"@context\":\"https:\/\/schema.org\",\"@graph\":[{\"@type\":\"WebSite\",\"@id\":\"https:\/\/osnovnaskolakrk.hr\/punat\/#website\",\"url\":\"https:\/\/osnovnaskolakrk.hr\/punat\/\",\"name\":\"O\\u0160 &quot;Fran Krsto Frankopan&quot; Krk P\\u0160 Punat\",\"description\":\"\",\"potentialAction\":[{\"@type\":\"SearchAction\",\"target\":\"https:\/\/osnovnaskolakrk.hr\/punat\/?s={search_term_string}\",\"query-input\":\"required name=search_term_string\"}],\"inLanguage\":\"hr\"},{\"@type\":\"ImageObject\",\"@id\":\"http:\/\/osnovnaskolakrk.hr\/punat\/javni-poziv-za-prijavu-djece-skolskih-obveznika-za-skolsku-godinu-2022-23\/#primaryimage\",\"inLanguage\":\"hr\",\"url\":\"http:\/\/osnovnaskolakrk.hr\/punat\/wp-content\/uploads\/2022\/01\/skola.jpg\",\"width\":890,\"height\":395},{\"@type\":\"WebPage\",\"@id\":\"http:\/\/osnovnaskolakrk.hr\/punat\/javni-poziv-za-prijavu-djece-skolskih-obveznika-za-skolsku-godinu-2022-23\/#webpage\",\"url\":\"http:\/\/osnovnaskolakrk.hr\/punat\/javni-poziv-za-prijavu-djece-skolskih-obveznika-za-skolsku-godinu-2022-23\/\",\"name\":\"Javni poziv za prijavu djece \\u0161kolskih obveznika za \\u0161kolsku godinu 2022.\/23. - O\\u0160 &quot;Fran Krsto Frankopan&quot; Krk P\\u0160 Punat\",\"isPartOf\":{\"@id\":\"https:\/\/osnovnaskolakrk.hr\/punat\/#website\"},\"primaryImageOfPage\":{\"@id\":\"http:\/\/osnovnaskolakrk.hr\/punat\/javni-poziv-za-prijavu-djece-skolskih-obveznika-za-skolsku-godinu-2022-23\/#primaryimage\"},\"datePublished\":\"2022-01-13T06:56:18+00:00\",\"dateModified\":\"2022-01-13T06:56:18+00:00\",\"author\":{\"@id\":\"https:\/\/osnovnaskolakrk.hr\/punat\/#\/schema\/person\/f195e1d386c0da5d18a64e28e2916495\"},\"breadcrumb\":{\"@id\":\"http:\/\/osnovnaskolakrk.hr\/punat\/javni-poziv-za-prijavu-djece-skolskih-obveznika-za-skolsku-godinu-2022-23\/#breadcrumb\"},\"inLanguage\":\"hr\",\"potentialAction\":[{\"@type\":\"ReadAction\",\"target\":[\"http:\/\/osnovnaskolakrk.hr\/punat\/javni-poziv-za-prijavu-djece-skolskih-obveznika-za-skolsku-godinu-2022-23\/\"]}]},{\"@type\":\"BreadcrumbList\",\"@id\":\"http:\/\/osnovnaskolakrk.hr\/punat\/javni-poziv-za-prijavu-djece-skolskih-obveznika-za-skolsku-godinu-2022-23\/#breadcrumb\",\"itemListElement\":[{\"@type\":\"ListItem\",\"position\":1,\"item\":{\"@type\":\"WebPage\",\"@id\":\"https:\/\/osnovnaskolakrk.hr\/punat\/\",\"url\":\"https:\/\/osnovnaskolakrk.hr\/punat\/\",\"name\":\"Po\\u010detna stranica\"}},{\"@type\":\"ListItem\",\"position\":2,\"item\":{\"@type\":\"WebPage\",\"@id\":\"http:\/\/osnovnaskolakrk.hr\/punat\/javni-poziv-za-prijavu-djece-skolskih-obveznika-za-skolsku-godinu-2022-23\/\",\"url\":\"http:\/\/osnovnaskolakrk.hr\/punat\/javni-poziv-za-prijavu-djece-skolskih-obveznika-za-skolsku-godinu-2022-23\/\",\"name\":\"Javni poziv za prijavu djece \\u0161kolskih obveznika za \\u0161kolsku godinu 2022.\/23.\"}}]},{\"@type\":\"Person\",\"@id\":\"https:\/\/osnovnaskolakrk.hr\/punat\/#\/schema\/person\/f195e1d386c0da5d18a64e28e2916495\",\"name\":\"Martina Jurjevi\\u0107\",\"image\":{\"@type\":\"ImageObject\",\"@id\":\"https:\/\/osnovnaskolakrk.hr\/punat\/#personlogo\",\"inLanguage\":\"hr\",\"url\":\"https:\/\/secure.gravatar.com\/avatar\/b466d5772e1b685344cea20229553ca1bb8616d50baa0b69e0d6286793f66e8a?s=96&d=mm&r=g\",\"caption\":\"Martina Jurjevi\\u0107\"}}]}<\/script>\n<!-- \/ Yoast SEO plugin. -->","_links":{"self":[{"href":"http:\/\/osnovnaskolakrk.hr\/punat\/wp-json\/wp\/v2\/posts\/6315","targetHints":{"allow":["GET"]}}],"collection":[{"href":"http:\/\/osnovnaskolakrk.hr\/punat\/wp-json\/wp\/v2\/posts"}],"about":[{"href":"http:\/\/osnovnaskolakrk.hr\/punat\/wp-json\/wp\/v2\/types\/post"}],"author":[{"embeddable":true,"href":"http:\/\/osnovnaskolakrk.hr\/punat\/wp-json\/wp\/v2\/users\/2"}],"replies":[{"embeddable":true,"href":"http:\/\/osnovnaskolakrk.hr\/punat\/wp-json\/wp\/v2\/comments?post=6315"}],"version-history":[{"count":2,"href":"http:\/\/osnovnaskolakrk.hr\/punat\/wp-json\/wp\/v2\/posts\/6315\/revisions"}],"predecessor-version":[{"id":6318,"href":"http:\/\/osnovnaskolakrk.hr\/punat\/wp-json\/wp\/v2\/posts\/6315\/revisions\/6318"}],"wp:attachment":[{"href":"http:\/\/osnovnaskolakrk.hr\/punat\/wp-json\/wp\/v2\/media?parent=6315"}],"wp:term":[{"taxonomy":"category","embeddable":true,"href":"http:\/\/osnovnaskolakrk.hr\/punat\/wp-json\/wp\/v2\/categories?post=6315"},{"taxonomy":"post_tag","embeddable":true,"href":"http:\/\/osnovnaskolakrk.hr\/punat\/wp-json\/wp\/v2\/tags?post=6315"}],"curies":[{"name":"wp","href":"https:\/\/api.w.org\/{rel}","templated":true}]}}