{"id":6320,"date":"2022-01-28T13:23:09","date_gmt":"2022-01-28T13:23:09","guid":{"rendered":"http:\/\/osnovnaskolakrk.hr\/punat\/?p=6320"},"modified":"2022-01-28T13:23:09","modified_gmt":"2022-01-28T13:23:09","slug":"organizacija-nastave-od-31-sijecnja-2022","status":"publish","type":"post","link":"http:\/\/osnovnaskolakrk.hr\/punat\/organizacija-nastave-od-31-sijecnja-2022\/","title":{"rendered":"Organizacija nastave od 31. sije\u010dnja 2022."},"content":{"rendered":"<p style=\"text-align: justify;\"><a href=\"http:\/\/osnovnaskolakrk.hr\/punat\/organizacija-nastave-od-31-sijecnja-2022\/zuta\/\" rel=\"attachment wp-att-6321\"><img loading=\"lazy\" decoding=\"async\" class=\"size-full wp-image-6321 aligncenter\" src=\"http:\/\/osnovnaskolakrk.hr\/punat\/wp-content\/uploads\/2022\/01\/zuta.jpg\" alt=\"\" width=\"640\" height=\"461\" srcset=\"http:\/\/osnovnaskolakrk.hr\/punat\/wp-content\/uploads\/2022\/01\/zuta.jpg 640w, http:\/\/osnovnaskolakrk.hr\/punat\/wp-content\/uploads\/2022\/01\/zuta-624x449.jpg 624w\" sizes=\"auto, (max-width: 640px) 100vw, 640px\" \/><\/a>Po\u0161tovani roditelji i u\u010denici,<\/p>\n<p>zbog lo\u0161e epidemiolo\u0161ke situacije Odlukom ravnatelja i uz suglasnost epidemiologinje dr. Nemet Str\u010di\u0107 <strong>od 27. 1. 2022. u\u010denici od 5. do 8. razreda prelaze na Model C &#8211; nastava na daljinu<\/strong>. Nadamo se da \u0107e se situacija tijekom tjedna\u00a0 pobolj\u0161ati i da \u0107e se u\u010denici vratiti na nastavu u\u017eivo u <strong>ponedjeljak 7.2.<\/strong>. o \u010demu \u0107emo vas pravovremeno obavijestiti.<\/p>\n<p>Nastava \u0107e se izvoditi u realnom vremenu prema redovnoj satnici.<br \/>\nMolimo u\u010denike da se redovito uklju\u010duju u nastavu prema rasporedu u u\u010dionice Classrooma.<br \/>\nNeprisustvo u nastavi na daljinu bilje\u017eit \u0107e se kao izostanak u redovnu rubriku u e-dnevniku osim ako roditelj sam unaprijed ne opravda u\u010denikov izostanak ili obavijesti razrednika o razlogu izostanka.<\/p>\n<p><strong>Radi daljnje organizacije nastave molimo Vas da javite ukoliko neko dijete razvije simptome covida ili je pozitivno na ku\u0107nom ili pcr testu bez obzira \u0161to je kod ku\u0107e.<\/strong><\/p>\n<p>U\u010denici kojima nije dodijeljena mjera samoizolacije i koji nisu covid pozitivni ne moraju biti u izolaciji.<br \/>\n<strong>Prema trenutnoj situaciji u \u0161koli primje\u0107ujemo da ovaj soj covida poga\u0111a posebno djecu. Molimo vas za odgovornost i suzdr\u017eavanje od dru\u0161tvenih aktivnosti u ve\u0107im skupinama koje nisu nu\u017ene kako biste sa\u010duvali zdravlje svojih obitelji i bli\u017enjih.<\/strong><\/p>\n<p>Lijep pozdrav<br \/>\nu\u010ditelji P\u0160 Punat<\/p>\n","protected":false},"excerpt":{"rendered":"<p>Po\u0161tovani roditelji i u\u010denici, zbog lo\u0161e epidemiolo\u0161ke situacije Odlukom ravnatelja i uz suglasnost epidemiologinje dr. Nemet Str\u010di\u0107 od 27. 1. 2022. u\u010denici od 5. do 8. razreda prelaze na Model C &#8211; nastava na daljinu. Nadamo se da \u0107e se situacija tijekom tjedna\u00a0 pobolj\u0161ati i da \u0107e se u\u010denici vratiti na nastavu u\u017eivo u ponedjeljak [&hellip;]<\/p>\n","protected":false},"author":2,"featured_media":0,"comment_status":"closed","ping_status":"closed","sticky":false,"template":"","format":"standard","meta":{"footnotes":""},"categories":[1],"tags":[],"class_list":["post-6320","post","type-post","status-publish","format-standard","hentry","category-nekategorizirano"],"yoast_head":"<!-- This site is optimized with the Yoast SEO plugin v15.9 - https:\/\/yoast.com\/wordpress\/plugins\/seo\/ -->\n<meta name=\"robots\" content=\"index, follow, max-snippet:-1, max-image-preview:large, max-video-preview:-1\" \/>\n<link rel=\"canonical\" href=\"http:\/\/osnovnaskolakrk.hr\/punat\/organizacija-nastave-od-31-sijecnja-2022\/\" \/>\n<meta property=\"og:locale\" content=\"hr_HR\" \/>\n<meta property=\"og:type\" content=\"article\" \/>\n<meta property=\"og:title\" content=\"Organizacija nastave od 31. sije\u010dnja 2022. - O\u0160 &quot;Fran Krsto Frankopan&quot; Krk P\u0160 Punat\" \/>\n<meta property=\"og:description\" content=\"Po\u0161tovani roditelji i u\u010denici, zbog lo\u0161e epidemiolo\u0161ke situacije Odlukom ravnatelja i uz suglasnost epidemiologinje dr. Nemet Str\u010di\u0107 od 27. 1. 2022. u\u010denici od 5. do 8. razreda prelaze na Model C &#8211; nastava na daljinu. Nadamo se da \u0107e se situacija tijekom tjedna\u00a0 pobolj\u0161ati i da \u0107e se u\u010denici vratiti na nastavu u\u017eivo u ponedjeljak [&hellip;]\" \/>\n<meta property=\"og:url\" content=\"http:\/\/osnovnaskolakrk.hr\/punat\/organizacija-nastave-od-31-sijecnja-2022\/\" \/>\n<meta property=\"og:site_name\" content=\"O\u0160 &quot;Fran Krsto Frankopan&quot; Krk P\u0160 Punat\" \/>\n<meta property=\"article:published_time\" content=\"2022-01-28T13:23:09+00:00\" \/>\n<meta property=\"og:image\" content=\"http:\/\/osnovnaskolakrk.hr\/punat\/wp-content\/uploads\/2022\/01\/zuta.jpg\" \/>\n<meta name=\"twitter:card\" content=\"summary_large_image\" \/>\n<meta name=\"twitter:label1\" content=\"Procijenjeno vrijeme \u010ditanja\">\n\t<meta name=\"twitter:data1\" content=\"2 minute\">\n<script type=\"application\/ld+json\" class=\"yoast-schema-graph\">{\"@context\":\"https:\/\/schema.org\",\"@graph\":[{\"@type\":\"WebSite\",\"@id\":\"https:\/\/osnovnaskolakrk.hr\/punat\/#website\",\"url\":\"https:\/\/osnovnaskolakrk.hr\/punat\/\",\"name\":\"O\\u0160 &quot;Fran Krsto Frankopan&quot; Krk P\\u0160 Punat\",\"description\":\"\",\"potentialAction\":[{\"@type\":\"SearchAction\",\"target\":\"https:\/\/osnovnaskolakrk.hr\/punat\/?s={search_term_string}\",\"query-input\":\"required name=search_term_string\"}],\"inLanguage\":\"hr\"},{\"@type\":\"ImageObject\",\"@id\":\"http:\/\/osnovnaskolakrk.hr\/punat\/organizacija-nastave-od-31-sijecnja-2022\/#primaryimage\",\"inLanguage\":\"hr\",\"url\":\"http:\/\/osnovnaskolakrk.hr\/punat\/wp-content\/uploads\/2022\/01\/zuta.jpg\",\"width\":640,\"height\":461},{\"@type\":\"WebPage\",\"@id\":\"http:\/\/osnovnaskolakrk.hr\/punat\/organizacija-nastave-od-31-sijecnja-2022\/#webpage\",\"url\":\"http:\/\/osnovnaskolakrk.hr\/punat\/organizacija-nastave-od-31-sijecnja-2022\/\",\"name\":\"Organizacija nastave od 31. sije\\u010dnja 2022. - O\\u0160 &quot;Fran Krsto Frankopan&quot; Krk P\\u0160 Punat\",\"isPartOf\":{\"@id\":\"https:\/\/osnovnaskolakrk.hr\/punat\/#website\"},\"primaryImageOfPage\":{\"@id\":\"http:\/\/osnovnaskolakrk.hr\/punat\/organizacija-nastave-od-31-sijecnja-2022\/#primaryimage\"},\"datePublished\":\"2022-01-28T13:23:09+00:00\",\"dateModified\":\"2022-01-28T13:23:09+00:00\",\"author\":{\"@id\":\"https:\/\/osnovnaskolakrk.hr\/punat\/#\/schema\/person\/f195e1d386c0da5d18a64e28e2916495\"},\"breadcrumb\":{\"@id\":\"http:\/\/osnovnaskolakrk.hr\/punat\/organizacija-nastave-od-31-sijecnja-2022\/#breadcrumb\"},\"inLanguage\":\"hr\",\"potentialAction\":[{\"@type\":\"ReadAction\",\"target\":[\"http:\/\/osnovnaskolakrk.hr\/punat\/organizacija-nastave-od-31-sijecnja-2022\/\"]}]},{\"@type\":\"BreadcrumbList\",\"@id\":\"http:\/\/osnovnaskolakrk.hr\/punat\/organizacija-nastave-od-31-sijecnja-2022\/#breadcrumb\",\"itemListElement\":[{\"@type\":\"ListItem\",\"position\":1,\"item\":{\"@type\":\"WebPage\",\"@id\":\"https:\/\/osnovnaskolakrk.hr\/punat\/\",\"url\":\"https:\/\/osnovnaskolakrk.hr\/punat\/\",\"name\":\"Po\\u010detna stranica\"}},{\"@type\":\"ListItem\",\"position\":2,\"item\":{\"@type\":\"WebPage\",\"@id\":\"http:\/\/osnovnaskolakrk.hr\/punat\/organizacija-nastave-od-31-sijecnja-2022\/\",\"url\":\"http:\/\/osnovnaskolakrk.hr\/punat\/organizacija-nastave-od-31-sijecnja-2022\/\",\"name\":\"Organizacija nastave od 31. sije\\u010dnja 2022.\"}}]},{\"@type\":\"Person\",\"@id\":\"https:\/\/osnovnaskolakrk.hr\/punat\/#\/schema\/person\/f195e1d386c0da5d18a64e28e2916495\",\"name\":\"Martina Jurjevi\\u0107\",\"image\":{\"@type\":\"ImageObject\",\"@id\":\"https:\/\/osnovnaskolakrk.hr\/punat\/#personlogo\",\"inLanguage\":\"hr\",\"url\":\"https:\/\/secure.gravatar.com\/avatar\/b466d5772e1b685344cea20229553ca1bb8616d50baa0b69e0d6286793f66e8a?s=96&d=mm&r=g\",\"caption\":\"Martina Jurjevi\\u0107\"}}]}<\/script>\n<!-- \/ Yoast SEO plugin. -->","_links":{"self":[{"href":"http:\/\/osnovnaskolakrk.hr\/punat\/wp-json\/wp\/v2\/posts\/6320","targetHints":{"allow":["GET"]}}],"collection":[{"href":"http:\/\/osnovnaskolakrk.hr\/punat\/wp-json\/wp\/v2\/posts"}],"about":[{"href":"http:\/\/osnovnaskolakrk.hr\/punat\/wp-json\/wp\/v2\/types\/post"}],"author":[{"embeddable":true,"href":"http:\/\/osnovnaskolakrk.hr\/punat\/wp-json\/wp\/v2\/users\/2"}],"replies":[{"embeddable":true,"href":"http:\/\/osnovnaskolakrk.hr\/punat\/wp-json\/wp\/v2\/comments?post=6320"}],"version-history":[{"count":2,"href":"http:\/\/osnovnaskolakrk.hr\/punat\/wp-json\/wp\/v2\/posts\/6320\/revisions"}],"predecessor-version":[{"id":6323,"href":"http:\/\/osnovnaskolakrk.hr\/punat\/wp-json\/wp\/v2\/posts\/6320\/revisions\/6323"}],"wp:attachment":[{"href":"http:\/\/osnovnaskolakrk.hr\/punat\/wp-json\/wp\/v2\/media?parent=6320"}],"wp:term":[{"taxonomy":"category","embeddable":true,"href":"http:\/\/osnovnaskolakrk.hr\/punat\/wp-json\/wp\/v2\/categories?post=6320"},{"taxonomy":"post_tag","embeddable":true,"href":"http:\/\/osnovnaskolakrk.hr\/punat\/wp-json\/wp\/v2\/tags?post=6320"}],"curies":[{"name":"wp","href":"https:\/\/api.w.org\/{rel}","templated":true}]}}