{"id":7858,"date":"2022-11-17T13:58:13","date_gmt":"2022-11-17T13:58:13","guid":{"rendered":"https:\/\/osnovnaskolakrk.hr\/punat\/?p=7858"},"modified":"2022-11-17T13:58:13","modified_gmt":"2022-11-17T13:58:13","slug":"dan-sjecanja-na-zrtve-velikoga-rata-ili-dan-makova","status":"publish","type":"post","link":"http:\/\/osnovnaskolakrk.hr\/punat\/dan-sjecanja-na-zrtve-velikoga-rata-ili-dan-makova\/","title":{"rendered":"Dan sjecanja na \u017ertve Velikoga rata ili Dan makova"},"content":{"rendered":"<p style=\"text-align: justify;\"><a href=\"https:\/\/osnovnaskolakrk.hr\/punat\/dan-sjecanja-na-zrtve-velikoga-rata-ili-dan-makova\/img-2134\/\" rel=\"attachment wp-att-7860\"><img loading=\"lazy\" decoding=\"async\" class=\"alignleft size-full wp-image-7860\" src=\"http:\/\/osnovnaskolakrk.hr\/punat\/wp-content\/uploads\/2022\/11\/IMG-2134.jpg\" alt=\"\" width=\"1210\" height=\"908\" srcset=\"http:\/\/osnovnaskolakrk.hr\/punat\/wp-content\/uploads\/2022\/11\/IMG-2134.jpg 1210w, http:\/\/osnovnaskolakrk.hr\/punat\/wp-content\/uploads\/2022\/11\/IMG-2134-624x468.jpg 624w\" sizes=\"auto, (max-width: 1210px) 100vw, 1210px\" \/><\/a>Poljski makovi i njihovi krhki crveni cvjetovi simboli su ljudskog stradanja i opora.<\/p>\n<p style=\"text-align: justify;\">U prolje\u0107e 1915.godine na poljima Flandrije, granatiranje je pokrenulo uspavano sjeme makova. Ono je po\u010delo klijati i rasti. Energi\u010dni crveni cvjetovi preplavili su boji\u0161te natopljenu krvlju tisu\u0107e poginulih vojnika.<\/p>\n<p style=\"text-align: justify;\"><!--more--><\/p>\n<p style=\"text-align: justify;\">Motiv crvenih poljskih makova prerastao je u simbol sjecanja na \u017ertve Velikog rata. Na Dan sjecanja 11.studenoga u Velikoj Britaniji i zemljama Commonwealth, ali i drugdje u svijetu, njima se krase grobovi i spomenici poginulih u Prvom svjetskom ratu.<\/p>\n<p style=\"text-align: justify;\">Minuta \u0161utnje na jedanaesti sat, jedanaestog dana, jedanaestog mjeseca, ozna\u010dava vrijeme u koje je primirje stupilo na snagu.<\/p>\n<p style=\"text-align: justify;\">Po prvi puta, ove godine, osma\u0161i su odlu\u010dili oplemenili i na\u0161u \u0161kolu crvenim papirnatim makovima. Nakon toga spustili smo se do centra Punta i kod spomenika An\u0111ela. Podno spomenika uklesano je: <em>\u201eNa vje\u010dnu spomen svojim sumje\u0161tanima, palim nevinim \u017ertvama svjetskoga rata god. 1914. \u2013 1918.\u201c<\/em><\/p>\n<p style=\"text-align: justify;\">Tu smo odali po\u010dast i zapalili svije\u0107u ne samo Puntarima, ve\u0107 svim ljudima diljem svijeta koji su bili \u017ertve ovog Velikoga rata.<\/p>\n<p style=\"text-align: right;\">Iva Dujmovi\u0107, u\u010diteljica povijesti<\/p>\n<p><a href=\"https:\/\/osnovnaskolakrk.hr\/punat\/dan-sjecanja-na-zrtve-velikoga-rata-ili-dan-makova\/img-2139\/\" rel=\"attachment wp-att-7859\"><img loading=\"lazy\" decoding=\"async\" class=\"alignleft size-full wp-image-7859\" src=\"http:\/\/osnovnaskolakrk.hr\/punat\/wp-content\/uploads\/2022\/11\/IMG-2139.jpg\" alt=\"\" width=\"908\" height=\"1210\" srcset=\"http:\/\/osnovnaskolakrk.hr\/punat\/wp-content\/uploads\/2022\/11\/IMG-2139.jpg 908w, http:\/\/osnovnaskolakrk.hr\/punat\/wp-content\/uploads\/2022\/11\/IMG-2139-624x832.jpg 624w\" sizes=\"auto, (max-width: 908px) 100vw, 908px\" \/><\/a><\/p>\n","protected":false},"excerpt":{"rendered":"<p>Poljski makovi i njihovi krhki crveni cvjetovi simboli su ljudskog stradanja i opora. U prolje\u0107e 1915.godine na poljima Flandrije, granatiranje je pokrenulo uspavano sjeme makova. Ono je po\u010delo klijati i rasti. Energi\u010dni crveni cvjetovi preplavili su boji\u0161te natopljenu krvlju tisu\u0107e poginulih vojnika.<\/p>\n","protected":false},"author":2,"featured_media":0,"comment_status":"closed","ping_status":"closed","sticky":false,"template":"","format":"standard","meta":{"footnotes":""},"categories":[1],"tags":[],"class_list":["post-7858","post","type-post","status-publish","format-standard","hentry","category-nekategorizirano"],"yoast_head":"<!-- This site is optimized with the Yoast SEO plugin v15.9 - https:\/\/yoast.com\/wordpress\/plugins\/seo\/ -->\n<meta name=\"robots\" content=\"index, follow, max-snippet:-1, max-image-preview:large, max-video-preview:-1\" \/>\n<link rel=\"canonical\" href=\"http:\/\/osnovnaskolakrk.hr\/punat\/dan-sjecanja-na-zrtve-velikoga-rata-ili-dan-makova\/\" \/>\n<meta property=\"og:locale\" content=\"hr_HR\" \/>\n<meta property=\"og:type\" content=\"article\" \/>\n<meta property=\"og:title\" content=\"Dan sjecanja na \u017ertve Velikoga rata ili Dan makova - O\u0160 &quot;Fran Krsto Frankopan&quot; Krk P\u0160 Punat\" \/>\n<meta property=\"og:description\" content=\"Poljski makovi i njihovi krhki crveni cvjetovi simboli su ljudskog stradanja i opora. U prolje\u0107e 1915.godine na poljima Flandrije, granatiranje je pokrenulo uspavano sjeme makova. Ono je po\u010delo klijati i rasti. Energi\u010dni crveni cvjetovi preplavili su boji\u0161te natopljenu krvlju tisu\u0107e poginulih vojnika.\" \/>\n<meta property=\"og:url\" content=\"http:\/\/osnovnaskolakrk.hr\/punat\/dan-sjecanja-na-zrtve-velikoga-rata-ili-dan-makova\/\" \/>\n<meta property=\"og:site_name\" content=\"O\u0160 &quot;Fran Krsto Frankopan&quot; Krk P\u0160 Punat\" \/>\n<meta property=\"article:published_time\" content=\"2022-11-17T13:58:13+00:00\" \/>\n<meta property=\"og:image\" content=\"http:\/\/osnovnaskolakrk.hr\/punat\/wp-content\/uploads\/2022\/11\/IMG-2134.jpg\" \/>\n<meta name=\"twitter:card\" content=\"summary_large_image\" \/>\n<meta name=\"twitter:label1\" content=\"Procijenjeno vrijeme \u010ditanja\">\n\t<meta name=\"twitter:data1\" content=\"2 minute\">\n<script type=\"application\/ld+json\" class=\"yoast-schema-graph\">{\"@context\":\"https:\/\/schema.org\",\"@graph\":[{\"@type\":\"WebSite\",\"@id\":\"https:\/\/osnovnaskolakrk.hr\/punat\/#website\",\"url\":\"https:\/\/osnovnaskolakrk.hr\/punat\/\",\"name\":\"O\\u0160 &quot;Fran Krsto Frankopan&quot; Krk P\\u0160 Punat\",\"description\":\"\",\"potentialAction\":[{\"@type\":\"SearchAction\",\"target\":\"https:\/\/osnovnaskolakrk.hr\/punat\/?s={search_term_string}\",\"query-input\":\"required name=search_term_string\"}],\"inLanguage\":\"hr\"},{\"@type\":\"ImageObject\",\"@id\":\"http:\/\/osnovnaskolakrk.hr\/punat\/dan-sjecanja-na-zrtve-velikoga-rata-ili-dan-makova\/#primaryimage\",\"inLanguage\":\"hr\",\"url\":\"http:\/\/osnovnaskolakrk.hr\/punat\/wp-content\/uploads\/2022\/11\/IMG-2134.jpg\",\"width\":1210,\"height\":908},{\"@type\":\"WebPage\",\"@id\":\"http:\/\/osnovnaskolakrk.hr\/punat\/dan-sjecanja-na-zrtve-velikoga-rata-ili-dan-makova\/#webpage\",\"url\":\"http:\/\/osnovnaskolakrk.hr\/punat\/dan-sjecanja-na-zrtve-velikoga-rata-ili-dan-makova\/\",\"name\":\"Dan sjecanja na \\u017ertve Velikoga rata ili Dan makova - O\\u0160 &quot;Fran Krsto Frankopan&quot; Krk P\\u0160 Punat\",\"isPartOf\":{\"@id\":\"https:\/\/osnovnaskolakrk.hr\/punat\/#website\"},\"primaryImageOfPage\":{\"@id\":\"http:\/\/osnovnaskolakrk.hr\/punat\/dan-sjecanja-na-zrtve-velikoga-rata-ili-dan-makova\/#primaryimage\"},\"datePublished\":\"2022-11-17T13:58:13+00:00\",\"dateModified\":\"2022-11-17T13:58:13+00:00\",\"author\":{\"@id\":\"https:\/\/osnovnaskolakrk.hr\/punat\/#\/schema\/person\/f195e1d386c0da5d18a64e28e2916495\"},\"breadcrumb\":{\"@id\":\"http:\/\/osnovnaskolakrk.hr\/punat\/dan-sjecanja-na-zrtve-velikoga-rata-ili-dan-makova\/#breadcrumb\"},\"inLanguage\":\"hr\",\"potentialAction\":[{\"@type\":\"ReadAction\",\"target\":[\"http:\/\/osnovnaskolakrk.hr\/punat\/dan-sjecanja-na-zrtve-velikoga-rata-ili-dan-makova\/\"]}]},{\"@type\":\"BreadcrumbList\",\"@id\":\"http:\/\/osnovnaskolakrk.hr\/punat\/dan-sjecanja-na-zrtve-velikoga-rata-ili-dan-makova\/#breadcrumb\",\"itemListElement\":[{\"@type\":\"ListItem\",\"position\":1,\"item\":{\"@type\":\"WebPage\",\"@id\":\"https:\/\/osnovnaskolakrk.hr\/punat\/\",\"url\":\"https:\/\/osnovnaskolakrk.hr\/punat\/\",\"name\":\"Po\\u010detna stranica\"}},{\"@type\":\"ListItem\",\"position\":2,\"item\":{\"@type\":\"WebPage\",\"@id\":\"http:\/\/osnovnaskolakrk.hr\/punat\/dan-sjecanja-na-zrtve-velikoga-rata-ili-dan-makova\/\",\"url\":\"http:\/\/osnovnaskolakrk.hr\/punat\/dan-sjecanja-na-zrtve-velikoga-rata-ili-dan-makova\/\",\"name\":\"Dan sjecanja na \\u017ertve Velikoga rata ili Dan makova\"}}]},{\"@type\":\"Person\",\"@id\":\"https:\/\/osnovnaskolakrk.hr\/punat\/#\/schema\/person\/f195e1d386c0da5d18a64e28e2916495\",\"name\":\"Martina Jurjevi\\u0107\",\"image\":{\"@type\":\"ImageObject\",\"@id\":\"https:\/\/osnovnaskolakrk.hr\/punat\/#personlogo\",\"inLanguage\":\"hr\",\"url\":\"https:\/\/secure.gravatar.com\/avatar\/b466d5772e1b685344cea20229553ca1bb8616d50baa0b69e0d6286793f66e8a?s=96&d=mm&r=g\",\"caption\":\"Martina Jurjevi\\u0107\"}}]}<\/script>\n<!-- \/ Yoast SEO plugin. -->","_links":{"self":[{"href":"http:\/\/osnovnaskolakrk.hr\/punat\/wp-json\/wp\/v2\/posts\/7858","targetHints":{"allow":["GET"]}}],"collection":[{"href":"http:\/\/osnovnaskolakrk.hr\/punat\/wp-json\/wp\/v2\/posts"}],"about":[{"href":"http:\/\/osnovnaskolakrk.hr\/punat\/wp-json\/wp\/v2\/types\/post"}],"author":[{"embeddable":true,"href":"http:\/\/osnovnaskolakrk.hr\/punat\/wp-json\/wp\/v2\/users\/2"}],"replies":[{"embeddable":true,"href":"http:\/\/osnovnaskolakrk.hr\/punat\/wp-json\/wp\/v2\/comments?post=7858"}],"version-history":[{"count":2,"href":"http:\/\/osnovnaskolakrk.hr\/punat\/wp-json\/wp\/v2\/posts\/7858\/revisions"}],"predecessor-version":[{"id":7862,"href":"http:\/\/osnovnaskolakrk.hr\/punat\/wp-json\/wp\/v2\/posts\/7858\/revisions\/7862"}],"wp:attachment":[{"href":"http:\/\/osnovnaskolakrk.hr\/punat\/wp-json\/wp\/v2\/media?parent=7858"}],"wp:term":[{"taxonomy":"category","embeddable":true,"href":"http:\/\/osnovnaskolakrk.hr\/punat\/wp-json\/wp\/v2\/categories?post=7858"},{"taxonomy":"post_tag","embeddable":true,"href":"http:\/\/osnovnaskolakrk.hr\/punat\/wp-json\/wp\/v2\/tags?post=7858"}],"curies":[{"name":"wp","href":"https:\/\/api.w.org\/{rel}","templated":true}]}}