{"id":10577,"date":"2025-09-03T10:51:41","date_gmt":"2025-09-03T10:51:41","guid":{"rendered":"https:\/\/osnovnaskolakrk.hr\/vrbnik\/?p=10577"},"modified":"2025-09-03T10:51:41","modified_gmt":"2025-09-03T10:51:41","slug":"obavijest-o-pocetku-nastavne-godine-3","status":"publish","type":"post","link":"http:\/\/osnovnaskolakrk.hr\/vrbnik\/obavijest-o-pocetku-nastavne-godine-3\/","title":{"rendered":"Obavijest o po\u010detku nastavne godine"},"content":{"rendered":"<p style=\"text-align: justify;\"><img loading=\"lazy\" decoding=\"async\" class=\"aligncenter size-full wp-image-10578\" src=\"http:\/\/osnovnaskolakrk.hr\/vrbnik\/wp-content\/uploads\/2025\/09\/dobrodosli.png\" alt=\"\" width=\"851\" height=\"315\" srcset=\"http:\/\/osnovnaskolakrk.hr\/vrbnik\/wp-content\/uploads\/2025\/09\/dobrodosli.png 851w, http:\/\/osnovnaskolakrk.hr\/vrbnik\/wp-content\/uploads\/2025\/09\/dobrodosli-768x284.png 768w, http:\/\/osnovnaskolakrk.hr\/vrbnik\/wp-content\/uploads\/2025\/09\/dobrodosli-624x231.png 624w\" sizes=\"auto, (max-width: 851px) 100vw, 851px\" \/>Dragi u\u010denici, po\u0161tovani roditelji!<\/p>\n<p style=\"text-align: justify;\">U ponedjeljak 8. rujna 2025. godine u 7.45 sati zapo\u010dinje nastava za sve u\u010denike P\u0160 Vrbnik.<\/p>\n<p style=\"text-align: justify;\"><strong>Prijem prva\u0161i\u0107a \u0107e biti u 8.00 sati<\/strong> u u\u010dionici prvog razreda. <em>(u\u010dionica 2)<\/em><br \/>U 10.00 sati \u0107e biti sv. misa.<br \/>U 11.00 sati je autobus za u\u010denike putnike.<\/p>\n<p style=\"text-align: justify;\">Svi u\u010denici dolaze prvi dan u \u0161kolu sa \u0161kolskom torbom. Preuzet \u0107e ud\u017ebenike koje \u0107e dobiti\/zadu\u017eiti u \u0161koli.<br \/>Papu\u010de za \u0161kolu su obavezne od utorka. Mobiteli u \u0161koli su zabranjeni!<\/p>\n<p style=\"text-align: justify;\">\u0160kolska kuhinja \u0107e raditi redovno od ponedjeljka 8. rujna. Marenda je besplatna za sve u\u010denike.<br \/>Produ\u017eeni boravak zapo\u010dinje u utorak 9. rujna.<\/p>\n<p style=\"text-align: justify;\"><strong>Roditeljski sastanci<\/strong> odr\u017eat \u0107e se u <u>srijedu 10. rujna<\/u> po sljede\u0107em rasporedu:<\/p>\n<p style=\"text-align: justify;\">\u00a0\u00a0 \u2013 1. razred u 18.00 sati<\/p>\n<p style=\"text-align: justify;\">\u00a0\u00a0 \u2013 2. razred u 18.30 sati<\/p>\n<p style=\"text-align: justify;\">\u00a0\u00a0 \u2013 3. razred u 19.00 sati<\/p>\n<p style=\"text-align: justify;\">\u00a0\u00a0 \u2013 4. razred u 19.00 sati<\/p>\n<p style=\"text-align: justify;\">\u00a0\u00a0 \u2013 produ\u017eeni boravak u 18.30 sati<\/p>\n<p style=\"text-align: justify;\">\u00a0\u00a0 \u2013 5. razred u 17.30 sati<\/p>\n<p style=\"text-align: justify;\">\u00a0\u00a0 \u2013 6. razred u 17.30 sati<\/p>\n<p style=\"text-align: justify;\">\u00a0\u00a0 \u2013 7. razred u 18.00 sati<\/p>\n<p style=\"text-align: justify;\">\u00a0\u00a0 \u2013 8. razred u 18.30 sati<\/p>\n<p style=\"text-align: justify;\">\u00a0<\/p>\n<p style=\"text-align: center;\"><strong>SIGURNO U PROMETU!!!<\/strong><\/p>\n<p style=\"text-align: center;\"><em>Zbog sigurnosti svih u\u010denika koji dolaze pje\u0161ice u \u0161kolu i jutarnje gu\u017eve ispred samog ulaza u \u0161kolu i vrti\u0107 kao i opasnosti od prometnih nezgoda i ugroze djece, molimo roditelje voza\u010de da djecu iskrcavaju na sigurnijem mjestu (parkirali\u0161tu, na po\u010detku ulice Retec, Pred sv. Kri\u017e\u2026), a ne na samom ulazu u \u0161kolu.<br \/><strong>Budimo odgovorni i za\u0161titimo djecu pje\u0161ake u prometu!<\/strong><\/em><\/p>\n<p style=\"text-align: center;\">Svim u\u010denicima, a posebno prva\u0161i\u0107ima, njihovim roditeljima i u\u010diteljima \u017eelimo dobar po\u010detak te puno uspjeha u novoj nastavnoj godini!<\/p>\n<p style=\"text-align: right;\">u\u010ditelji P\u0160 Vrbnik<\/p>\n","protected":false},"excerpt":{"rendered":"<p>Dragi u\u010denici, po\u0161tovani roditelji! U ponedjeljak 8. rujna 2025. godine u 7.45 sati zapo\u010dinje nastava za sve u\u010denike P\u0160 Vrbnik. Prijem prva\u0161i\u0107a \u0107e biti u 8.00 sati u u\u010dionici prvog razreda. (u\u010dionica 2)U 10.00 sati \u0107e biti sv. misa.U 11.00 sati je autobus za u\u010denike putnike. Svi u\u010denici dolaze prvi dan u \u0161kolu sa \u0161kolskom [&hellip;]<\/p>\n","protected":false},"author":3,"featured_media":0,"comment_status":"open","ping_status":"closed","sticky":false,"template":"","format":"standard","meta":{"footnotes":""},"categories":[1],"tags":[],"class_list":["post-10577","post","type-post","status-publish","format-standard","hentry","category-nekategorizirano"],"_links":{"self":[{"href":"http:\/\/osnovnaskolakrk.hr\/vrbnik\/wp-json\/wp\/v2\/posts\/10577","targetHints":{"allow":["GET"]}}],"collection":[{"href":"http:\/\/osnovnaskolakrk.hr\/vrbnik\/wp-json\/wp\/v2\/posts"}],"about":[{"href":"http:\/\/osnovnaskolakrk.hr\/vrbnik\/wp-json\/wp\/v2\/types\/post"}],"author":[{"embeddable":true,"href":"http:\/\/osnovnaskolakrk.hr\/vrbnik\/wp-json\/wp\/v2\/users\/3"}],"replies":[{"embeddable":true,"href":"http:\/\/osnovnaskolakrk.hr\/vrbnik\/wp-json\/wp\/v2\/comments?post=10577"}],"version-history":[{"count":2,"href":"http:\/\/osnovnaskolakrk.hr\/vrbnik\/wp-json\/wp\/v2\/posts\/10577\/revisions"}],"predecessor-version":[{"id":10580,"href":"http:\/\/osnovnaskolakrk.hr\/vrbnik\/wp-json\/wp\/v2\/posts\/10577\/revisions\/10580"}],"wp:attachment":[{"href":"http:\/\/osnovnaskolakrk.hr\/vrbnik\/wp-json\/wp\/v2\/media?parent=10577"}],"wp:term":[{"taxonomy":"category","embeddable":true,"href":"http:\/\/osnovnaskolakrk.hr\/vrbnik\/wp-json\/wp\/v2\/categories?post=10577"},{"taxonomy":"post_tag","embeddable":true,"href":"http:\/\/osnovnaskolakrk.hr\/vrbnik\/wp-json\/wp\/v2\/tags?post=10577"}],"curies":[{"name":"wp","href":"https:\/\/api.w.org\/{rel}","templated":true}]}}