{"id":10600,"date":"2025-09-17T12:30:31","date_gmt":"2025-09-17T12:30:31","guid":{"rendered":"https:\/\/osnovnaskolakrk.hr\/vrbnik\/?p=10600"},"modified":"2025-09-17T12:30:31","modified_gmt":"2025-09-17T12:30:31","slug":"posjet-vukovaru-2","status":"publish","type":"post","link":"http:\/\/osnovnaskolakrk.hr\/vrbnik\/posjet-vukovaru-2\/","title":{"rendered":"Posjet Vukovaru"},"content":{"rendered":"<p style=\"text-align: justify;\"><img loading=\"lazy\" decoding=\"async\" class=\"aligncenter size-full wp-image-10615\" src=\"http:\/\/osnovnaskolakrk.hr\/vrbnik\/wp-content\/uploads\/2025\/09\/IMG-fdbc350f27027d5d9e037b75293db5e5-V.jpg\" alt=\"\" width=\"1195\" height=\"1111\" srcset=\"http:\/\/osnovnaskolakrk.hr\/vrbnik\/wp-content\/uploads\/2025\/09\/IMG-fdbc350f27027d5d9e037b75293db5e5-V.jpg 1195w, http:\/\/osnovnaskolakrk.hr\/vrbnik\/wp-content\/uploads\/2025\/09\/IMG-fdbc350f27027d5d9e037b75293db5e5-V-768x714.jpg 768w, http:\/\/osnovnaskolakrk.hr\/vrbnik\/wp-content\/uploads\/2025\/09\/IMG-fdbc350f27027d5d9e037b75293db5e5-V-624x580.jpg 624w\" sizes=\"auto, (max-width: 1195px) 100vw, 1195px\" \/>U\u010denici osmih razreda Osnovne \u0161kole \u201e Fran Krsto Frankopan\u201c ve\u0107 tradicionalno dva dana tijekom \u0161kolske godine odlaze u posjet gradu Vukovaru. Na put smo krenuli 11. rujna u ranim jutarnjim satima. U na\u0161em autobusu bili su osma\u0161i iz Ba\u0161ke, Vrbnika, Punta i Vrha, dok su osmi razredi iz Krka bili sami u drugom. S nama su bili i razrednici osmih razreda Dana Baj\u010di\u0107, Leo Brnabi\u0107, Martina Jurjevi\u0107, Ana Matani\u0107, Ksenija Pavlovi\u0107, Dina Valkovi\u0107, Marija \u017du\u017ei\u0107 te Jurica Goja.<\/p>\n<p><!--more--><\/p>\n<p style=\"text-align: justify;\">Po dolasku u hostel do\u010dekao nas je ru\u010dak te odmah nakon toga predavanje Domovinski rat i Bitka za Vukovar, a u pratnji bojnika An\u0111elka Batini\u0107a razgledali smo prostor Memorijalnog centra, gdje su neki od nas imali priliku dr\u017eati u rukama granate i mine.<\/p>\n<p style=\"text-align: justify;\">Zatim smo se smjestili u hostel \u201eDubrovnik\u201c koji se nalazi u sklopu memorijalnog centra Domovinskog rata. An\u0111ela i ja bile smo raspore\u0111ene u dvanaesterokrevetnoj sobi s u\u010denicama iz Punta i Vrha \u0161to nam se u kona\u010dnici svidjelo jer smo na\u0161le dru\u0161tvo za skoru ekskurziju. Nakon kratkog odmora ponovno smo krenuli u obilazak. \u00a0Potra\u017eili \u00a0smo Vodotoranj \u2013 simbol grada Vukovara. Bilo je uzbudljivo prije\u0107i 198 stepenica i popeti se na sam vrh odakle se pru\u017ea prekrasan pogled na cijeli Vukovar i rijeku Dunav. Nakon razgledavanja Vodotornja i kratkog odlaska u trgovinu vratili smo se u hostel.<\/p>\n<p style=\"text-align: justify;\">Te ve\u010deri bio je organiziran disco u restoranu Quo Vadis, no na\u0161a grupa je odlu\u010dila ostati u hostelu, odmoriti se i zabaviti pod budnim okom na\u0161ih razrednika.<\/p>\n<p style=\"text-align: justify;\">Drugi dan nakon doru\u010dka obi\u0161li smo crkvu sv. Filipa i Jakova gdje smo poslu\u0161ali kra\u0107i dokumentarni film i vidjeli Ranjenog Isusa \u2013 kip koji je djelomi\u010dno uni\u0161ten tijekom agresije na crkvu. Zatim smo posjetili groblje \u017ertava Domovinskog rata, Ov\u010daru gdje je An\u0111ela upalila svije\u0107u za na\u0161e branitelje i Spomen dom Ov\u010dara \u00a0gdje smo mogli vidjeti imena, stvari i slike svih \u017ertava s Ov\u010dare.\u00a0 Najstra\u0161nije je \u0161to je me\u0111u njima bila i mlada trudnica te \u0161esnaestogodi\u0161nji dje\u010dak. Iz autobusa smo promotrili Kukuruzni put ili Put spasa, Velepromet, Borovo Commerce-a koje je neko vrijeme slu\u017eilo kao bolnica za lak\u0161e ranjene. Obi\u0161li smo spomen dom hrvatskih branitelja na Trpinjskoj cesti gdje je uni\u0161ten velik broj tenkova i gdje je postavljen spomenik Blagu Zadru te jo\u0161\u00a0 Mjesto sje\u0107anja \u201eVukovarska bolnica 1991.\u201c koje je na nas ostavilo jak dojam.\u00a0 Nakon ru\u010dka sudjelovali smo u \u0160koli mira i na kvizu s ostalim \u0161kolama. U dvorcu Eltz razgledali smo Gradski muzej Vukovar te na posljetku posjetili Muzej vu\u010dedolske kulture.<\/p>\n<p style=\"text-align: justify;\">Predve\u010der smo sjeli u autobuse i krenuli ku\u0107i. Posjet Vukovaru me se jako dojmio.\u00a0 Vi\u0161e puta mi je tata koji je bio dragovoljac Domovinskog rada pri\u010dao o iskustvima iz ratnih vremena. U \u017eivo imati priliku posjetiti Grad heroj, vidjeti mjesta patnje, zato\u010deni\u0161tva i pogibije koje su podnijeli stanovnici i sudionici obrane grada je ne\u0161to nezaboravno.\u00a0<\/p>\n<p style=\"text-align: right;\">Dora Volari\u0107<\/p>\n\n\t\t<style type=\"text\/css\">\n\t\t\t#gallery-1 {\n\t\t\t\tmargin: auto;\n\t\t\t}\n\t\t\t#gallery-1 .gallery-item {\n\t\t\t\tfloat: left;\n\t\t\t\tmargin-top: 10px;\n\t\t\t\ttext-align: center;\n\t\t\t\twidth: 33%;\n\t\t\t}\n\t\t\t#gallery-1 img {\n\t\t\t\tborder: 2px solid #cfcfcf;\n\t\t\t}\n\t\t\t#gallery-1 .gallery-caption {\n\t\t\t\tmargin-left: 0;\n\t\t\t}\n\t\t\t\/* see gallery_shortcode() in wp-includes\/media.php *\/\n\t\t<\/style>\n\t\t<div id='gallery-1' class='gallery galleryid-10600 gallery-columns-3 gallery-size-thumbnail'><dl class='gallery-item'>\n\t\t\t<dt class='gallery-icon landscape'>\n\t\t\t\t<a href='http:\/\/osnovnaskolakrk.hr\/vrbnik\/wp-content\/uploads\/2025\/09\/IMG-06f996a4623426257bb4be27bcf2357a-V.jpg' title=\"\" data-rl_title=\"\" class=\"rl-gallery-link\" data-rl_caption=\"\" data-rel=\"lightbox-gallery-1\"><img loading=\"lazy\" decoding=\"async\" width=\"150\" height=\"150\" src=\"http:\/\/osnovnaskolakrk.hr\/vrbnik\/wp-content\/uploads\/2025\/09\/IMG-06f996a4623426257bb4be27bcf2357a-V-150x150.jpg\" class=\"attachment-thumbnail size-thumbnail\" alt=\"\" \/><\/a>\n\t\t\t<\/dt><\/dl><dl class='gallery-item'>\n\t\t\t<dt class='gallery-icon portrait'>\n\t\t\t\t<a href='http:\/\/osnovnaskolakrk.hr\/vrbnik\/wp-content\/uploads\/2025\/09\/IMG-16d2a76c293a947c1bce267b531e5963-V.jpg' title=\"\" data-rl_title=\"\" class=\"rl-gallery-link\" data-rl_caption=\"\" data-rel=\"lightbox-gallery-1\"><img loading=\"lazy\" decoding=\"async\" width=\"150\" height=\"150\" src=\"http:\/\/osnovnaskolakrk.hr\/vrbnik\/wp-content\/uploads\/2025\/09\/IMG-16d2a76c293a947c1bce267b531e5963-V-150x150.jpg\" class=\"attachment-thumbnail size-thumbnail\" alt=\"\" \/><\/a>\n\t\t\t<\/dt><\/dl><dl class='gallery-item'>\n\t\t\t<dt class='gallery-icon landscape'>\n\t\t\t\t<a href='http:\/\/osnovnaskolakrk.hr\/vrbnik\/wp-content\/uploads\/2025\/09\/IMG-b3d0d4e3cbdd8a7daad74db9581d9f20-V.jpg' title=\"\" data-rl_title=\"\" class=\"rl-gallery-link\" data-rl_caption=\"\" data-rel=\"lightbox-gallery-1\"><img loading=\"lazy\" decoding=\"async\" width=\"150\" height=\"150\" src=\"http:\/\/osnovnaskolakrk.hr\/vrbnik\/wp-content\/uploads\/2025\/09\/IMG-b3d0d4e3cbdd8a7daad74db9581d9f20-V-150x150.jpg\" class=\"attachment-thumbnail size-thumbnail\" alt=\"\" \/><\/a>\n\t\t\t<\/dt><\/dl><br style=\"clear: both\" \/><dl class='gallery-item'>\n\t\t\t<dt class='gallery-icon landscape'>\n\t\t\t\t<a href='http:\/\/osnovnaskolakrk.hr\/vrbnik\/wp-content\/uploads\/2025\/09\/IMG-69ac79b5cb22ca1a2695140073b8153d-V.jpg' title=\"\" data-rl_title=\"\" class=\"rl-gallery-link\" data-rl_caption=\"\" data-rel=\"lightbox-gallery-1\"><img loading=\"lazy\" decoding=\"async\" width=\"150\" height=\"150\" src=\"http:\/\/osnovnaskolakrk.hr\/vrbnik\/wp-content\/uploads\/2025\/09\/IMG-69ac79b5cb22ca1a2695140073b8153d-V-150x150.jpg\" class=\"attachment-thumbnail size-thumbnail\" alt=\"\" \/><\/a>\n\t\t\t<\/dt><\/dl><dl class='gallery-item'>\n\t\t\t<dt class='gallery-icon landscape'>\n\t\t\t\t<a href='http:\/\/osnovnaskolakrk.hr\/vrbnik\/wp-content\/uploads\/2025\/09\/IMG-091a8709253ef99e3f759742f737629a-V.jpg' title=\"\" data-rl_title=\"\" class=\"rl-gallery-link\" data-rl_caption=\"\" data-rel=\"lightbox-gallery-1\"><img loading=\"lazy\" decoding=\"async\" width=\"150\" height=\"150\" src=\"http:\/\/osnovnaskolakrk.hr\/vrbnik\/wp-content\/uploads\/2025\/09\/IMG-091a8709253ef99e3f759742f737629a-V-150x150.jpg\" class=\"attachment-thumbnail size-thumbnail\" alt=\"\" \/><\/a>\n\t\t\t<\/dt><\/dl><dl class='gallery-item'>\n\t\t\t<dt class='gallery-icon portrait'>\n\t\t\t\t<a href='http:\/\/osnovnaskolakrk.hr\/vrbnik\/wp-content\/uploads\/2025\/09\/IMG-910cc743abfd9f965f6274426a2bb062-V.jpg' title=\"\" data-rl_title=\"\" class=\"rl-gallery-link\" data-rl_caption=\"\" data-rel=\"lightbox-gallery-1\"><img loading=\"lazy\" decoding=\"async\" width=\"150\" height=\"150\" src=\"http:\/\/osnovnaskolakrk.hr\/vrbnik\/wp-content\/uploads\/2025\/09\/IMG-910cc743abfd9f965f6274426a2bb062-V-150x150.jpg\" class=\"attachment-thumbnail size-thumbnail\" alt=\"\" \/><\/a>\n\t\t\t<\/dt><\/dl><br style=\"clear: both\" \/><dl class='gallery-item'>\n\t\t\t<dt class='gallery-icon portrait'>\n\t\t\t\t<a href='http:\/\/osnovnaskolakrk.hr\/vrbnik\/wp-content\/uploads\/2025\/09\/IMG-350e3a07c9e84b5717d616ffcf5b4f8a-V.jpg' title=\"\" data-rl_title=\"\" class=\"rl-gallery-link\" data-rl_caption=\"\" data-rel=\"lightbox-gallery-1\"><img loading=\"lazy\" decoding=\"async\" width=\"150\" height=\"150\" src=\"http:\/\/osnovnaskolakrk.hr\/vrbnik\/wp-content\/uploads\/2025\/09\/IMG-350e3a07c9e84b5717d616ffcf5b4f8a-V-150x150.jpg\" class=\"attachment-thumbnail size-thumbnail\" alt=\"\" \/><\/a>\n\t\t\t<\/dt><\/dl><dl class='gallery-item'>\n\t\t\t<dt class='gallery-icon portrait'>\n\t\t\t\t<a href='http:\/\/osnovnaskolakrk.hr\/vrbnik\/wp-content\/uploads\/2025\/09\/IMG-3338b2eecf4baca0a0e6df87525da554-V.jpg' title=\"\" data-rl_title=\"\" class=\"rl-gallery-link\" data-rl_caption=\"\" data-rel=\"lightbox-gallery-1\"><img loading=\"lazy\" decoding=\"async\" width=\"150\" height=\"150\" src=\"http:\/\/osnovnaskolakrk.hr\/vrbnik\/wp-content\/uploads\/2025\/09\/IMG-3338b2eecf4baca0a0e6df87525da554-V-150x150.jpg\" class=\"attachment-thumbnail size-thumbnail\" alt=\"\" \/><\/a>\n\t\t\t<\/dt><\/dl><dl class='gallery-item'>\n\t\t\t<dt class='gallery-icon portrait'>\n\t\t\t\t<a href='http:\/\/osnovnaskolakrk.hr\/vrbnik\/wp-content\/uploads\/2025\/09\/IMG-e5e9c3c0fc05bd3587647abe113999f8-V.jpg' title=\"\" data-rl_title=\"\" class=\"rl-gallery-link\" data-rl_caption=\"\" data-rel=\"lightbox-gallery-1\"><img loading=\"lazy\" decoding=\"async\" width=\"150\" height=\"150\" src=\"http:\/\/osnovnaskolakrk.hr\/vrbnik\/wp-content\/uploads\/2025\/09\/IMG-e5e9c3c0fc05bd3587647abe113999f8-V-150x150.jpg\" class=\"attachment-thumbnail size-thumbnail\" alt=\"\" \/><\/a>\n\t\t\t<\/dt><\/dl><br style=\"clear: both\" \/><dl class='gallery-item'>\n\t\t\t<dt class='gallery-icon portrait'>\n\t\t\t\t<a href='http:\/\/osnovnaskolakrk.hr\/vrbnik\/wp-content\/uploads\/2025\/09\/IMG-e3423eab4c9c3377bf3cc9c7ea3057b9-V.jpg' title=\"\" data-rl_title=\"\" class=\"rl-gallery-link\" data-rl_caption=\"\" data-rel=\"lightbox-gallery-1\"><img loading=\"lazy\" decoding=\"async\" width=\"150\" height=\"150\" src=\"http:\/\/osnovnaskolakrk.hr\/vrbnik\/wp-content\/uploads\/2025\/09\/IMG-e3423eab4c9c3377bf3cc9c7ea3057b9-V-150x150.jpg\" class=\"attachment-thumbnail size-thumbnail\" alt=\"\" \/><\/a>\n\t\t\t<\/dt><\/dl><dl class='gallery-item'>\n\t\t\t<dt class='gallery-icon portrait'>\n\t\t\t\t<a href='http:\/\/osnovnaskolakrk.hr\/vrbnik\/wp-content\/uploads\/2025\/09\/IMG-9ee2dbac7fdf76814b03c7faf93a453f-V.jpg' title=\"\" data-rl_title=\"\" class=\"rl-gallery-link\" data-rl_caption=\"\" data-rel=\"lightbox-gallery-1\"><img loading=\"lazy\" decoding=\"async\" width=\"150\" height=\"150\" src=\"http:\/\/osnovnaskolakrk.hr\/vrbnik\/wp-content\/uploads\/2025\/09\/IMG-9ee2dbac7fdf76814b03c7faf93a453f-V-150x150.jpg\" class=\"attachment-thumbnail size-thumbnail\" alt=\"\" \/><\/a>\n\t\t\t<\/dt><\/dl><dl class='gallery-item'>\n\t\t\t<dt class='gallery-icon portrait'>\n\t\t\t\t<a href='http:\/\/osnovnaskolakrk.hr\/vrbnik\/wp-content\/uploads\/2025\/09\/IMG-37b8e0d9a7a36f8faee2cdb2cfa89c92-V.jpg' title=\"\" data-rl_title=\"\" class=\"rl-gallery-link\" data-rl_caption=\"\" data-rel=\"lightbox-gallery-1\"><img loading=\"lazy\" decoding=\"async\" width=\"150\" height=\"150\" src=\"http:\/\/osnovnaskolakrk.hr\/vrbnik\/wp-content\/uploads\/2025\/09\/IMG-37b8e0d9a7a36f8faee2cdb2cfa89c92-V-150x150.jpg\" class=\"attachment-thumbnail size-thumbnail\" alt=\"\" \/><\/a>\n\t\t\t<\/dt><\/dl><br style=\"clear: both\" \/><dl class='gallery-item'>\n\t\t\t<dt class='gallery-icon portrait'>\n\t\t\t\t<a href='http:\/\/osnovnaskolakrk.hr\/vrbnik\/wp-content\/uploads\/2025\/09\/IMG-799ed8cbc370c75272ce30ab896baef9-V.jpg' title=\"\" data-rl_title=\"\" class=\"rl-gallery-link\" data-rl_caption=\"\" data-rel=\"lightbox-gallery-1\"><img loading=\"lazy\" decoding=\"async\" width=\"150\" height=\"150\" src=\"http:\/\/osnovnaskolakrk.hr\/vrbnik\/wp-content\/uploads\/2025\/09\/IMG-799ed8cbc370c75272ce30ab896baef9-V-150x150.jpg\" class=\"attachment-thumbnail size-thumbnail\" alt=\"\" \/><\/a>\n\t\t\t<\/dt><\/dl><dl class='gallery-item'>\n\t\t\t<dt class='gallery-icon portrait'>\n\t\t\t\t<a href='http:\/\/osnovnaskolakrk.hr\/vrbnik\/wp-content\/uploads\/2025\/09\/IMG-a2b21a74f343676f1cfba2c89b886a87-V.jpg' title=\"\" data-rl_title=\"\" class=\"rl-gallery-link\" data-rl_caption=\"\" data-rel=\"lightbox-gallery-1\"><img loading=\"lazy\" decoding=\"async\" width=\"150\" height=\"150\" src=\"http:\/\/osnovnaskolakrk.hr\/vrbnik\/wp-content\/uploads\/2025\/09\/IMG-a2b21a74f343676f1cfba2c89b886a87-V-150x150.jpg\" class=\"attachment-thumbnail size-thumbnail\" alt=\"\" \/><\/a>\n\t\t\t<\/dt><\/dl>\n\t\t\t<br style='clear: both' \/>\n\t\t<\/div>\n\n","protected":false},"excerpt":{"rendered":"<p>U\u010denici osmih razreda Osnovne \u0161kole \u201e Fran Krsto Frankopan\u201c ve\u0107 tradicionalno dva dana tijekom \u0161kolske godine odlaze u posjet gradu Vukovaru. Na put smo krenuli 11. rujna u ranim jutarnjim satima. U na\u0161em autobusu bili su osma\u0161i iz Ba\u0161ke, Vrbnika, Punta i Vrha, dok su osmi razredi iz Krka bili sami u drugom. S nama [&hellip;]<\/p>\n","protected":false},"author":3,"featured_media":0,"comment_status":"open","ping_status":"closed","sticky":false,"template":"","format":"standard","meta":{"footnotes":""},"categories":[1],"tags":[],"class_list":["post-10600","post","type-post","status-publish","format-standard","hentry","category-nekategorizirano"],"_links":{"self":[{"href":"http:\/\/osnovnaskolakrk.hr\/vrbnik\/wp-json\/wp\/v2\/posts\/10600","targetHints":{"allow":["GET"]}}],"collection":[{"href":"http:\/\/osnovnaskolakrk.hr\/vrbnik\/wp-json\/wp\/v2\/posts"}],"about":[{"href":"http:\/\/osnovnaskolakrk.hr\/vrbnik\/wp-json\/wp\/v2\/types\/post"}],"author":[{"embeddable":true,"href":"http:\/\/osnovnaskolakrk.hr\/vrbnik\/wp-json\/wp\/v2\/users\/3"}],"replies":[{"embeddable":true,"href":"http:\/\/osnovnaskolakrk.hr\/vrbnik\/wp-json\/wp\/v2\/comments?post=10600"}],"version-history":[{"count":1,"href":"http:\/\/osnovnaskolakrk.hr\/vrbnik\/wp-json\/wp\/v2\/posts\/10600\/revisions"}],"predecessor-version":[{"id":10616,"href":"http:\/\/osnovnaskolakrk.hr\/vrbnik\/wp-json\/wp\/v2\/posts\/10600\/revisions\/10616"}],"wp:attachment":[{"href":"http:\/\/osnovnaskolakrk.hr\/vrbnik\/wp-json\/wp\/v2\/media?parent=10600"}],"wp:term":[{"taxonomy":"category","embeddable":true,"href":"http:\/\/osnovnaskolakrk.hr\/vrbnik\/wp-json\/wp\/v2\/categories?post=10600"},{"taxonomy":"post_tag","embeddable":true,"href":"http:\/\/osnovnaskolakrk.hr\/vrbnik\/wp-json\/wp\/v2\/tags?post=10600"}],"curies":[{"name":"wp","href":"https:\/\/api.w.org\/{rel}","templated":true}]}}