{"id":10640,"date":"2025-10-15T13:03:24","date_gmt":"2025-10-15T13:03:24","guid":{"rendered":"https:\/\/osnovnaskolakrk.hr\/vrbnik\/?p=10640"},"modified":"2025-10-15T13:03:24","modified_gmt":"2025-10-15T13:03:24","slug":"posjet-pekari-vrbnik-3","status":"publish","type":"post","link":"http:\/\/osnovnaskolakrk.hr\/vrbnik\/posjet-pekari-vrbnik-3\/","title":{"rendered":"Posjet pekari Vrbnik"},"content":{"rendered":"<p style=\"background: white; vertical-align: baseline; text-align: justify;\"><span style=\"font-size: 10.5pt; font-family: 'Helvetica',sans-serif; color: #444444;\"><img loading=\"lazy\" decoding=\"async\" class=\"aligncenter size-full wp-image-10641\" src=\"http:\/\/osnovnaskolakrk.hr\/vrbnik\/wp-content\/uploads\/2025\/10\/IMG-0f5291cccb03d1e8f5e5a31b155ff121-V.jpg\" alt=\"\" width=\"1600\" height=\"1200\" srcset=\"http:\/\/osnovnaskolakrk.hr\/vrbnik\/wp-content\/uploads\/2025\/10\/IMG-0f5291cccb03d1e8f5e5a31b155ff121-V.jpg 1600w, http:\/\/osnovnaskolakrk.hr\/vrbnik\/wp-content\/uploads\/2025\/10\/IMG-0f5291cccb03d1e8f5e5a31b155ff121-V-768x576.jpg 768w, http:\/\/osnovnaskolakrk.hr\/vrbnik\/wp-content\/uploads\/2025\/10\/IMG-0f5291cccb03d1e8f5e5a31b155ff121-V-1536x1152.jpg 1536w, http:\/\/osnovnaskolakrk.hr\/vrbnik\/wp-content\/uploads\/2025\/10\/IMG-0f5291cccb03d1e8f5e5a31b155ff121-V-624x468.jpg 624w\" sizes=\"auto, (max-width: 1600px) 100vw, 1600px\" \/>Povodom obilje\u017eavanja Dana kruha i zahvalnosti za plodove zemlje, 15. listopada 2025. godine u\u010denici prvog i drugog razreda posjetili su pekaru Vrbnik. U\u010denici su razgledali radne prostorije pekare uz stru\u010dno vodstvo gospodina Luke \u010cubrani\u0107a.<\/span><\/p>\n<p style=\"text-align: justify;\"><!--more--><\/p>\n<p style=\"background: white; vertical-align: baseline; text-align: justify;\"><span style=\"font-size: 10.5pt; font-family: 'Helvetica',sans-serif; color: #444444;\">Posebno im je bilo zanimljivo upoznavanje s proizvodnjom proizvoda od bra\u0161na. U\u010denici su vidjeli velike miksere u kojima se mijesi tijesto, komoru u kojoj se tijesto di\u017ee, velike pe\u0107nice u kojima se pe\u010de kruh te su najvi\u0161e u\u017eivali u prostoriji u kojoj se rade torte i kola\u010di. Na kraju razgledavanja pekare po\u010dastili smo se slasnim krafnama.<\/span><\/p>\n<p style=\"background: white; vertical-align: baseline; text-align: justify;\"><span style=\"font-size: 10.5pt; font-family: 'Helvetica',sans-serif; color: #444444;\">Zahvaljujemo se pekari Vrbnik na srda\u010dnom gostoprimstvu.\u00a0<\/span><\/p>\n<p style=\"background: white; vertical-align: baseline; text-align: justify;\"><span style=\"font-size: 10.5pt; font-family: 'Helvetica',sans-serif; color: #444444;\">Kako nam je bilo lijepo pogledajte u na\u0161oj fotogaleriji.<\/span><\/p>\n<p style=\"text-align: right; background: white; vertical-align: baseline;\" align=\"right\"><span style=\"font-size: 10.5pt; font-family: 'Helvetica',sans-serif; color: #444444;\">U\u010diteljica Ivana Stolfa<\/span><\/p>\n\n\t\t<style type=\"text\/css\">\n\t\t\t#gallery-1 {\n\t\t\t\tmargin: auto;\n\t\t\t}\n\t\t\t#gallery-1 .gallery-item {\n\t\t\t\tfloat: left;\n\t\t\t\tmargin-top: 10px;\n\t\t\t\ttext-align: center;\n\t\t\t\twidth: 33%;\n\t\t\t}\n\t\t\t#gallery-1 img {\n\t\t\t\tborder: 2px solid #cfcfcf;\n\t\t\t}\n\t\t\t#gallery-1 .gallery-caption {\n\t\t\t\tmargin-left: 0;\n\t\t\t}\n\t\t\t\/* see gallery_shortcode() in wp-includes\/media.php *\/\n\t\t<\/style>\n\t\t<div id='gallery-1' class='gallery galleryid-10640 gallery-columns-3 gallery-size-thumbnail'><dl class='gallery-item'>\n\t\t\t<dt class='gallery-icon landscape'>\n\t\t\t\t<a href='http:\/\/osnovnaskolakrk.hr\/vrbnik\/wp-content\/uploads\/2025\/10\/IMG-cd865f490372aa6bd8b343cb79fa23fa-V.jpg' title=\"\" data-rl_title=\"\" class=\"rl-gallery-link\" data-rl_caption=\"\" data-rel=\"lightbox-gallery-1\"><img loading=\"lazy\" decoding=\"async\" width=\"150\" height=\"150\" src=\"http:\/\/osnovnaskolakrk.hr\/vrbnik\/wp-content\/uploads\/2025\/10\/IMG-cd865f490372aa6bd8b343cb79fa23fa-V-150x150.jpg\" class=\"attachment-thumbnail size-thumbnail\" alt=\"\" \/><\/a>\n\t\t\t<\/dt><\/dl><dl class='gallery-item'>\n\t\t\t<dt class='gallery-icon landscape'>\n\t\t\t\t<a href='http:\/\/osnovnaskolakrk.hr\/vrbnik\/wp-content\/uploads\/2025\/10\/IMG-4fca66488856c400cc48b48d0aa27e9a-V.jpg' title=\"\" data-rl_title=\"\" class=\"rl-gallery-link\" data-rl_caption=\"\" data-rel=\"lightbox-gallery-1\"><img loading=\"lazy\" decoding=\"async\" width=\"150\" height=\"150\" src=\"http:\/\/osnovnaskolakrk.hr\/vrbnik\/wp-content\/uploads\/2025\/10\/IMG-4fca66488856c400cc48b48d0aa27e9a-V-150x150.jpg\" class=\"attachment-thumbnail size-thumbnail\" alt=\"\" \/><\/a>\n\t\t\t<\/dt><\/dl><dl class='gallery-item'>\n\t\t\t<dt class='gallery-icon landscape'>\n\t\t\t\t<a href='http:\/\/osnovnaskolakrk.hr\/vrbnik\/wp-content\/uploads\/2025\/10\/IMG-66bac6a42f237c849b500aafcaf599b5-V.jpg' title=\"\" data-rl_title=\"\" class=\"rl-gallery-link\" data-rl_caption=\"\" data-rel=\"lightbox-gallery-1\"><img loading=\"lazy\" decoding=\"async\" width=\"150\" height=\"150\" src=\"http:\/\/osnovnaskolakrk.hr\/vrbnik\/wp-content\/uploads\/2025\/10\/IMG-66bac6a42f237c849b500aafcaf599b5-V-150x150.jpg\" class=\"attachment-thumbnail size-thumbnail\" alt=\"\" \/><\/a>\n\t\t\t<\/dt><\/dl><br style=\"clear: both\" \/><dl class='gallery-item'>\n\t\t\t<dt class='gallery-icon landscape'>\n\t\t\t\t<a href='http:\/\/osnovnaskolakrk.hr\/vrbnik\/wp-content\/uploads\/2025\/10\/IMG-bb12602e2f7a944876cd4816bb290d43-V.jpg' title=\"\" data-rl_title=\"\" class=\"rl-gallery-link\" data-rl_caption=\"\" data-rel=\"lightbox-gallery-1\"><img loading=\"lazy\" decoding=\"async\" width=\"150\" height=\"150\" src=\"http:\/\/osnovnaskolakrk.hr\/vrbnik\/wp-content\/uploads\/2025\/10\/IMG-bb12602e2f7a944876cd4816bb290d43-V-150x150.jpg\" class=\"attachment-thumbnail size-thumbnail\" alt=\"\" \/><\/a>\n\t\t\t<\/dt><\/dl><dl class='gallery-item'>\n\t\t\t<dt class='gallery-icon landscape'>\n\t\t\t\t<a href='http:\/\/osnovnaskolakrk.hr\/vrbnik\/wp-content\/uploads\/2025\/10\/IMG-c8014814e5192041d1f173f9e77f9e22-V.jpg' title=\"\" data-rl_title=\"\" class=\"rl-gallery-link\" data-rl_caption=\"\" data-rel=\"lightbox-gallery-1\"><img loading=\"lazy\" decoding=\"async\" width=\"150\" height=\"150\" src=\"http:\/\/osnovnaskolakrk.hr\/vrbnik\/wp-content\/uploads\/2025\/10\/IMG-c8014814e5192041d1f173f9e77f9e22-V-150x150.jpg\" class=\"attachment-thumbnail size-thumbnail\" alt=\"\" \/><\/a>\n\t\t\t<\/dt><\/dl><dl class='gallery-item'>\n\t\t\t<dt class='gallery-icon landscape'>\n\t\t\t\t<a href='http:\/\/osnovnaskolakrk.hr\/vrbnik\/wp-content\/uploads\/2025\/10\/IMG-eaa90d3e1792c47a8106880e31e2189b-V.jpg' title=\"\" data-rl_title=\"\" class=\"rl-gallery-link\" data-rl_caption=\"\" data-rel=\"lightbox-gallery-1\"><img loading=\"lazy\" decoding=\"async\" width=\"150\" height=\"150\" src=\"http:\/\/osnovnaskolakrk.hr\/vrbnik\/wp-content\/uploads\/2025\/10\/IMG-eaa90d3e1792c47a8106880e31e2189b-V-150x150.jpg\" class=\"attachment-thumbnail size-thumbnail\" alt=\"\" \/><\/a>\n\t\t\t<\/dt><\/dl><br style=\"clear: both\" \/>\n\t\t<\/div>\n\n","protected":false},"excerpt":{"rendered":"<p>Povodom obilje\u017eavanja Dana kruha i zahvalnosti za plodove zemlje, 15. listopada 2025. godine u\u010denici prvog i drugog razreda posjetili su pekaru Vrbnik. U\u010denici su razgledali radne prostorije pekare uz stru\u010dno vodstvo gospodina Luke \u010cubrani\u0107a.<\/p>\n","protected":false},"author":3,"featured_media":0,"comment_status":"open","ping_status":"closed","sticky":false,"template":"","format":"standard","meta":{"footnotes":""},"categories":[1],"tags":[],"class_list":["post-10640","post","type-post","status-publish","format-standard","hentry","category-nekategorizirano"],"_links":{"self":[{"href":"http:\/\/osnovnaskolakrk.hr\/vrbnik\/wp-json\/wp\/v2\/posts\/10640","targetHints":{"allow":["GET"]}}],"collection":[{"href":"http:\/\/osnovnaskolakrk.hr\/vrbnik\/wp-json\/wp\/v2\/posts"}],"about":[{"href":"http:\/\/osnovnaskolakrk.hr\/vrbnik\/wp-json\/wp\/v2\/types\/post"}],"author":[{"embeddable":true,"href":"http:\/\/osnovnaskolakrk.hr\/vrbnik\/wp-json\/wp\/v2\/users\/3"}],"replies":[{"embeddable":true,"href":"http:\/\/osnovnaskolakrk.hr\/vrbnik\/wp-json\/wp\/v2\/comments?post=10640"}],"version-history":[{"count":1,"href":"http:\/\/osnovnaskolakrk.hr\/vrbnik\/wp-json\/wp\/v2\/posts\/10640\/revisions"}],"predecessor-version":[{"id":10648,"href":"http:\/\/osnovnaskolakrk.hr\/vrbnik\/wp-json\/wp\/v2\/posts\/10640\/revisions\/10648"}],"wp:attachment":[{"href":"http:\/\/osnovnaskolakrk.hr\/vrbnik\/wp-json\/wp\/v2\/media?parent=10640"}],"wp:term":[{"taxonomy":"category","embeddable":true,"href":"http:\/\/osnovnaskolakrk.hr\/vrbnik\/wp-json\/wp\/v2\/categories?post=10640"},{"taxonomy":"post_tag","embeddable":true,"href":"http:\/\/osnovnaskolakrk.hr\/vrbnik\/wp-json\/wp\/v2\/tags?post=10640"}],"curies":[{"name":"wp","href":"https:\/\/api.w.org\/{rel}","templated":true}]}}