{"id":10687,"date":"2025-10-17T19:47:25","date_gmt":"2025-10-17T19:47:25","guid":{"rendered":"https:\/\/osnovnaskolakrk.hr\/vrbnik\/?p=10687"},"modified":"2025-10-17T19:59:45","modified_gmt":"2025-10-17T19:59:45","slug":"nasa-ekskurzija-po-dalmaciji","status":"publish","type":"post","link":"http:\/\/osnovnaskolakrk.hr\/vrbnik\/nasa-ekskurzija-po-dalmaciji\/","title":{"rendered":"Na\u0161a ekskurzija po Dalmaciji"},"content":{"rendered":"<p style=\"text-align: justify;\"><img loading=\"lazy\" decoding=\"async\" class=\"aligncenter size-full wp-image-10688\" src=\"http:\/\/osnovnaskolakrk.hr\/vrbnik\/wp-content\/uploads\/2025\/10\/IMG-21aae784d3fd27d687c06becb06e7053-V.jpg\" alt=\"\" width=\"1600\" height=\"1200\" srcset=\"http:\/\/osnovnaskolakrk.hr\/vrbnik\/wp-content\/uploads\/2025\/10\/IMG-21aae784d3fd27d687c06becb06e7053-V.jpg 1600w, http:\/\/osnovnaskolakrk.hr\/vrbnik\/wp-content\/uploads\/2025\/10\/IMG-21aae784d3fd27d687c06becb06e7053-V-768x576.jpg 768w, http:\/\/osnovnaskolakrk.hr\/vrbnik\/wp-content\/uploads\/2025\/10\/IMG-21aae784d3fd27d687c06becb06e7053-V-1536x1152.jpg 1536w, http:\/\/osnovnaskolakrk.hr\/vrbnik\/wp-content\/uploads\/2025\/10\/IMG-21aae784d3fd27d687c06becb06e7053-V-624x468.jpg 624w\" sizes=\"auto, (max-width: 1600px) 100vw, 1600px\" \/>Osvanuo je i taj dan, 8. 10. srijeda. Predivno jesensko jutro, osma\u0161i su krenuli na ekskurziju. U\u010denici iz Vrbnika, Ba\u0161ke, Punta i Vrha, svi nasmijani, veseli i spremni za zajedni\u010dko putovanje. Nas 39 u\u010denika i u\u010denica razdragani i raspjevani jedva smo do\u010dekali prvo odmori\u0161te kako bi se opskrbili grickalicama, sokovima i poneki blagim kavama. Lijep i sun\u010dan dan pridonio je jo\u0161 boljim utiscima s puta. Oko Maslenice stali smo na drugom odmori\u0161tu \u017eeljni toaleta, ali samo kako bi nas jaka bura sve odmah potjerala natrag u autobus i jo\u0161 smo svjedo\u010dili kako se na autoputu jednom automobili pod naletom vjetra otvorio krovni prtlja\u017enik.<\/p>\n<p><!--more--><\/p>\n<p style=\"text-align: justify;\">Nedugo nakon tre\u0107eg stajanja do\u0161li smo u Nin, hrvatski kraljevski grad smje\u0161ten na obali Jadranskog mora u Zadarskoj \u017eupaniji. Oti\u0161li smo u posjet solani. Solana Nin jedina je ekolo\u0161ka solana na Jadranu i stolje\u0107ima daje \u017eivot stanovni\u0161tvu Nina. Othranila je mnoge generacije. Ovdje se ljubav prema soli prenosila iz nara\u0161taja u nara\u0161taj. \u00a0Podru\u010dje solane Nin nalazi se izme\u0111u pet hrvatskih nacionalnih parkova (Plitvice, Paklenica, Kornati, Sjeverni Velebit i Krka) \u0161to dodatno svjedo\u010di o \u010disto\u0107i i netaknutosti prirodnog okoli\u0161a. U solani smo nau\u010dili kako se ekolo\u0161ki vadi sol i cvijet soli, koje ptice i ra\u010di\u0107i obitavaju u takvom posebnom ekosustavu te kojim se sve na\u010dinima skupljala sol. Svi smo uzeli po grumen soli i uvjeravali se u njezin okus i \u010disto\u0107u. Nakon kratkog obilaska muzeja i manje trgovinice vratili smo se u autobus i nastavili putovanje prema \u0160ibeniku.<\/p>\n<p style=\"text-align: justify;\">Grad \u0160ibenik smje\u0161ten je u slikovitom , razvedenom zaljevu u koji utje\u010de\u00a0 Krka, jedna od najljep\u0161ih hrvatskih rijeka. Stigli smo u \u0160ibenik i s lokalnim vodi\u010dem krenuli u obilazak. Pro\u0161li smo gradskim trgom, vidjeli gradsku vije\u0107nicu, kne\u017eevu pala\u010du, katedralu. Katedrala je zna\u010dajno graditeljsko ostvarenje 15. i 16. stolje\u0107a na tlu Hrvatske. Unutra\u0161njost katedrale posebno privla\u010di krstionica koja je stilskom pogledu originalna i kreativna sinteza dvaju likovnih govora prve polovice 15. stolje\u0107a. Poslije obilaska katedrale, krenuli smo na ru\u010dak u restoran.<\/p>\n<p style=\"text-align: justify;\">Poslije ru\u010dka, smo se svi skupiti i krenuli u posjet Sokolarskom centru\u00a0 koji je smje\u0161ten u gustoj borovoj \u0161umi. U Sokolarskom centru smo vidjeli razli\u010dite vrste ptica grabljivica. Na mene je najve\u0107i utisak ostavio sokol i sova Gizmo. Nakon zavr\u0161etka\u00a0 obilaska smo krenuli u Seget Donji u na\u0161e apartmane.<\/p>\n<p style=\"text-align: justify;\">Kada smo s smjestili u sobe oti\u0161li smo na ve\u010deru. Sala u kojoj smo ve\u010derali je o\u017eivjela, \u010duo se smijeh, razgovor, komentari odu\u0161evljenja za sve \u0161to smo pro\u0161li do tad. Prve ve\u010deri svi smo bili jako umorni pa smo jedva izdr\u017eali zabavu koju su nam u disku priredili animatori. Brzo nakon ve\u010dernje zabave vratili smo se u apartmane i pozaspali. Na\u0161i u\u010ditelji bili su jako sretni i zahvalni zbog tog.<\/p>\n<p style=\"text-align: justify;\">Drugi dan \u00a0smo zapo\u010deli doru\u010dkom u sali hotela. Nakon doru\u010dka ukrcali smo se u autobus i krenuli ka Trogiru. Kad smo stigli u Trogir posjetili smo Kulu Sv. Marka koja se nalazi u\u00a0 starom dijelu Trogira. Izvorno je bila spojena gradskim zidinama, s tvr\u0111avom Kamerlengo. Zatim smo obi\u0161li gradski trg, toranj sa satom, pala\u010du trogirske obitelji koja se nalazi nasuprot katedrale. Najstariji zidovi datiraju iz ranog srednjeg vijeka, a najve\u0107i je dio nastao u 18. st. Trogirska katedrala je jedan od najznamenitijih trogirskih spomenika i UNESCO-va je za\u0161ti\u0107ena ba\u0161tina. Po zavr\u0161etku obilaska znamenitosti Trogira krenuli smo prema autobusu u veselom i raspjevanom ozra\u010dju.<\/p>\n<p style=\"text-align: justify;\">Slijedio je posjet gradu Splitu. Za Split su nam rekli da je ime dobio po brnistri, biljci koja nas u prolje\u0107e uveseljava \u017eutim cvjetovima\u00a0 na dugim stabljikama. Obilazak grada zapo\u010deo je Dioklecijanovom pala\u010dom, jo\u0161 jednom za\u0161ti\u0107enom UNESCOV-om ba\u0161tinom. Dao ju je sagraditi car Dioklecijan oko 300. godine i u njoj je proveo svoje stara\u010dke dane u\u017eivaju\u0107i u jednostavnosti \u017eivota nedaleko rodnog grada Salone. U pala\u010du smo u\u0161li kroz Mjedena vrata koja su bila okrenuta obali, a iza\u0161li na Zlatna vrata ispred kojih je kip sv. Grgura Ninskog kojeg je izradio Ivan Me\u0161trovi\u0107. Naravno zaustavili smo se na Peristilu otvorenom prostoru (trgu) ispred katedrale Uznesenja bla\u017eene djevice Marije (\u010desto zvana katedralom sv. Duje) koja je prvotno bila carski mauzolej. Umorni od obilaska ogromne pala\u010de po\u017eurili smo se na ru\u010dak. Jedan od u\u010denika je tog dana imao ro\u0111endan pa smo mu uz desert zapalili svje\u0107icu i zapjevali pjesmu.<\/p>\n<p style=\"text-align: justify;\">Brzo nakon ru\u010dka u\u010ditelji su nas po\u017eurili do Prirodoslovnog muzeja. Ondje nas je zabavio kustos koji je po svojim i na\u0161im rukama pu\u0161tao \u017eive afri\u010dke \u017eohare, pali\u010dnjake i bogomoljke. Zapravo su hrabre djevojke iz Vrha dr\u017eale te kukce u rukama, dok smo nas nekolicina de\u010dki promatrali sa sigurne udaljenosti. \u010cim je zavr\u0161io obilazak muzeja dogovorili smo kratko slobodno vrijeme i \u0161etnju Splitom. Predve\u010der smo se okupili na dogovorenom mjestu ispred autobusa, poslikali jo\u0161 nekoliko zajedni\u010dkih fotografija i odvezli se u apartmane na zaslu\u017eenu ve\u010deru.<\/p>\n<p style=\"text-align: justify;\">Ovu no\u0107 odlu\u010dili smo da nitko ne\u0107e spavati. Najprije smo se u prostoru diska uz animatore zabavljali poga\u0111aju\u0107i pjesme i razne filmove i crti\u0107e prema zvuku koji su nam pu\u0161tali, a kasnije kad je krenuo ples mnogi od nas su pobjegli s podija i odlu\u010dili zabavu prebaciti u na\u0161e apartmane. Uz ne ba\u0161 odobravaju\u0107e poglede na\u0161ih u\u010ditelja. Sre\u0107om sve je pro\u0161lo u najboljem redu i samo \u0107u re\u0107i da me razrednica morala buditi jer smo u jutro i moji cimeri i ja \u010dvrsto spavali, a bus se ve\u0107 punio. Velikom brzinom spakirali smo stvari, doru\u010dkovali, predali klju\u010deve apartmana i krenuli put Sinja \u2013 grada gospe sinjske i alkara.<\/p>\n<p style=\"text-align: justify;\">Kad smo stigli u Sinj do\u010dekao nas je lokalni vodi\u010d i odveo u razgled grada, crkve Gospe sinjske, iz daljega smo promatrali tvr\u0111avu grada te zanimljiv i pou\u010dan muzej Sinjske alke.\u00a0 Sam muzej je suvremeno organizirana ba\u0161tinska ustanova koja prezentira alkarske odore, obi\u010daje, opremu i oru\u017eje.<\/p>\n<p style=\"text-align: justify;\">Nakon obilaska Sinja odlazimo autobusom u Hrvace selo u kojem nas je na prelijepo ure\u0111enom OPG-u uz samu Cetinu \u010dekao ru\u010dak i mali odmor uz razne igre. Dobro nahranjeni sjedamo u bus i vozimo se tri sata koje su mnogi iskoristili za nadokna\u0111ivanje neprospavane no\u0107i. Ali ne i ja! Zabavljao sam prijatelje pu\u0161taju\u0107i muziku i pri\u010daju\u0107i s onima koji su jo\u0161 nekako uspijevali ostati budni.<\/p>\n<p style=\"text-align: justify;\">Sljede\u0107a i posljednja destinacija prije povratka ku\u0107i bio je Smiljan, rodno mjesto Nikole Tesle \u2013 velikog izumitelja na kojeg smo ponosni svi iz \u0161ire regije. U Smiljanu smo se prvo odli\u010dno zabavili na najneobi\u010dnijem igrali\u0161tu za djecu koje sam ikad vidio. I ostali u\u010denici i ja bili smo odu\u0161evljeni spravama koje su vjerojatno na neki na\u010din prezentirale zakone fizike koje je Tesla prou\u010davao. Kad nam je napokon dozvoljen posjet muzeju, zapo\u010deli smo s dvadesetminutnim filmom o Teslinu \u017eivotu i naravno \u2013 suvenirnicom. Zatim slijedi\u00a0 prostorija u kojoj se putem beskontaktnog prijenosa energije u rukama na\u0161ih u\u010denica upalilo tri velike lampe ionizacijom plina u njima. Sve u svemu jako zabavno i pou\u010dno za sve nas. Zatim smo obi\u0161li rodnu ku\u0107u Nikole Tesle i jo\u0161 nekoliko izuma smje\u0161tenih na samom tavanu ku\u0107e. Svidjelo mi se \u0161to je i sam Nikola osim genijalnosti imao i crtu obi\u010dnog \u010dovjeka. Saznali smo da je pre\u017eivio koleru i dugo se oporavljao od nje pa je stoga bio jako gadljiv i iz nepoznatog razloga je mrzio \u017eenske okrugle nau\u0161nice i bisere. Rodio se 10.7.1856. u Smiljanu,\u00a0 umro 7. 1. 1943. u hotelskoj sobi u New Yorku. Nakon Smiljana ukrcali smo se u autobuse i krenuli put ku\u0107i.<\/p>\n<p style=\"text-align: justify;\">Svi smo bili jako tu\u017eni i nismo \u017eeljeli da na\u0161oj ekskurziji do\u0111e kraj, ali tako je moralo biti. Oboga\u0107eni novim znanjima, prijateljstvima i iskustvom vratili smo se kasno nave\u010der na Krk. Bilo nam je jako lijepo i siguran sam da \u0107e se i slijede\u0107a generacija osma\u0161a odli\u010dno zabaviti na svojoj ekskurziji.<\/p>\n<p style=\"text-align: right;\">Amar Alispahi\u0107, 8. razred<\/p>\n<p><img loading=\"lazy\" decoding=\"async\" class=\"aligncenter size-full wp-image-10696\" src=\"http:\/\/osnovnaskolakrk.hr\/vrbnik\/wp-content\/uploads\/2025\/10\/GIF-6a0bebcd43a1f66fd5029a01fa437218.gif\" alt=\"\" width=\"640\" height=\"640\" \/><img loading=\"lazy\" decoding=\"async\" class=\"aligncenter size-full wp-image-10698\" src=\"http:\/\/osnovnaskolakrk.hr\/vrbnik\/wp-content\/uploads\/2025\/10\/GIF-8e0aff2844b7eac380656064a8493f57.gif\" alt=\"\" width=\"640\" height=\"640\" \/><\/p>\n\n\t\t<style type=\"text\/css\">\n\t\t\t#gallery-1 {\n\t\t\t\tmargin: auto;\n\t\t\t}\n\t\t\t#gallery-1 .gallery-item {\n\t\t\t\tfloat: left;\n\t\t\t\tmargin-top: 10px;\n\t\t\t\ttext-align: center;\n\t\t\t\twidth: 33%;\n\t\t\t}\n\t\t\t#gallery-1 img {\n\t\t\t\tborder: 2px solid #cfcfcf;\n\t\t\t}\n\t\t\t#gallery-1 .gallery-caption {\n\t\t\t\tmargin-left: 0;\n\t\t\t}\n\t\t\t\/* see gallery_shortcode() in wp-includes\/media.php *\/\n\t\t<\/style>\n\t\t<div id='gallery-1' class='gallery galleryid-10687 gallery-columns-3 gallery-size-thumbnail'><dl class='gallery-item'>\n\t\t\t<dt class='gallery-icon portrait'>\n\t\t\t\t<a href='http:\/\/osnovnaskolakrk.hr\/vrbnik\/wp-content\/uploads\/2025\/10\/IMG-f64617940b54034933c0f68642d12406-V.jpg' title=\"\" data-rl_title=\"\" class=\"rl-gallery-link\" data-rl_caption=\"\" data-rel=\"lightbox-gallery-1\"><img loading=\"lazy\" decoding=\"async\" width=\"150\" height=\"150\" src=\"http:\/\/osnovnaskolakrk.hr\/vrbnik\/wp-content\/uploads\/2025\/10\/IMG-f64617940b54034933c0f68642d12406-V-150x150.jpg\" class=\"attachment-thumbnail size-thumbnail\" alt=\"\" \/><\/a>\n\t\t\t<\/dt><\/dl><dl class='gallery-item'>\n\t\t\t<dt class='gallery-icon portrait'>\n\t\t\t\t<a href='http:\/\/osnovnaskolakrk.hr\/vrbnik\/wp-content\/uploads\/2025\/10\/IMG-e6c5984c0cb68845a451dc44283d223e-V.jpg' title=\"\" data-rl_title=\"\" class=\"rl-gallery-link\" data-rl_caption=\"\" data-rel=\"lightbox-gallery-1\"><img loading=\"lazy\" decoding=\"async\" width=\"150\" height=\"150\" src=\"http:\/\/osnovnaskolakrk.hr\/vrbnik\/wp-content\/uploads\/2025\/10\/IMG-e6c5984c0cb68845a451dc44283d223e-V-150x150.jpg\" class=\"attachment-thumbnail size-thumbnail\" alt=\"\" \/><\/a>\n\t\t\t<\/dt><\/dl><dl class='gallery-item'>\n\t\t\t<dt class='gallery-icon portrait'>\n\t\t\t\t<a href='http:\/\/osnovnaskolakrk.hr\/vrbnik\/wp-content\/uploads\/2025\/10\/IMG-7a044d026388f8d15c3a38d1a554758e-V.jpg' title=\"\" data-rl_title=\"\" class=\"rl-gallery-link\" data-rl_caption=\"\" data-rel=\"lightbox-gallery-1\"><img loading=\"lazy\" decoding=\"async\" width=\"150\" height=\"150\" src=\"http:\/\/osnovnaskolakrk.hr\/vrbnik\/wp-content\/uploads\/2025\/10\/IMG-7a044d026388f8d15c3a38d1a554758e-V-150x150.jpg\" class=\"attachment-thumbnail size-thumbnail\" alt=\"\" \/><\/a>\n\t\t\t<\/dt><\/dl><br style=\"clear: both\" \/><dl class='gallery-item'>\n\t\t\t<dt class='gallery-icon portrait'>\n\t\t\t\t<a href='http:\/\/osnovnaskolakrk.hr\/vrbnik\/wp-content\/uploads\/2025\/10\/IMG-09d05e9ecc281a9d6c51ba2f94dacefc-V.jpg' title=\"\" data-rl_title=\"\" class=\"rl-gallery-link\" data-rl_caption=\"\" data-rel=\"lightbox-gallery-1\"><img loading=\"lazy\" decoding=\"async\" width=\"150\" height=\"150\" src=\"http:\/\/osnovnaskolakrk.hr\/vrbnik\/wp-content\/uploads\/2025\/10\/IMG-09d05e9ecc281a9d6c51ba2f94dacefc-V-150x150.jpg\" class=\"attachment-thumbnail size-thumbnail\" alt=\"\" \/><\/a>\n\t\t\t<\/dt><\/dl><dl class='gallery-item'>\n\t\t\t<dt class='gallery-icon portrait'>\n\t\t\t\t<a href='http:\/\/osnovnaskolakrk.hr\/vrbnik\/wp-content\/uploads\/2025\/10\/IMG-9384635605bdf9b96bbcf7fd64c66d6c-V.jpg' title=\"\" data-rl_title=\"\" class=\"rl-gallery-link\" data-rl_caption=\"\" data-rel=\"lightbox-gallery-1\"><img loading=\"lazy\" decoding=\"async\" width=\"150\" height=\"150\" src=\"http:\/\/osnovnaskolakrk.hr\/vrbnik\/wp-content\/uploads\/2025\/10\/IMG-9384635605bdf9b96bbcf7fd64c66d6c-V-150x150.jpg\" class=\"attachment-thumbnail size-thumbnail\" alt=\"\" \/><\/a>\n\t\t\t<\/dt><\/dl><dl class='gallery-item'>\n\t\t\t<dt class='gallery-icon portrait'>\n\t\t\t\t<a href='http:\/\/osnovnaskolakrk.hr\/vrbnik\/wp-content\/uploads\/2025\/10\/IMG-b28f488c338ce9561b11ce5147483769-V.jpg' title=\"\" data-rl_title=\"\" class=\"rl-gallery-link\" data-rl_caption=\"\" data-rel=\"lightbox-gallery-1\"><img loading=\"lazy\" decoding=\"async\" width=\"150\" height=\"150\" src=\"http:\/\/osnovnaskolakrk.hr\/vrbnik\/wp-content\/uploads\/2025\/10\/IMG-b28f488c338ce9561b11ce5147483769-V-150x150.jpg\" class=\"attachment-thumbnail size-thumbnail\" alt=\"\" \/><\/a>\n\t\t\t<\/dt><\/dl><br style=\"clear: both\" \/>\n\t\t<\/div>\n\n","protected":false},"excerpt":{"rendered":"<p>Osvanuo je i taj dan, 8. 10. srijeda. Predivno jesensko jutro, osma\u0161i su krenuli na ekskurziju. U\u010denici iz Vrbnika, Ba\u0161ke, Punta i Vrha, svi nasmijani, veseli i spremni za zajedni\u010dko putovanje. Nas 39 u\u010denika i u\u010denica razdragani i raspjevani jedva smo do\u010dekali prvo odmori\u0161te kako bi se opskrbili grickalicama, sokovima i poneki blagim kavama. Lijep [&hellip;]<\/p>\n","protected":false},"author":3,"featured_media":0,"comment_status":"open","ping_status":"closed","sticky":false,"template":"","format":"standard","meta":{"footnotes":""},"categories":[1],"tags":[],"class_list":["post-10687","post","type-post","status-publish","format-standard","hentry","category-nekategorizirano"],"_links":{"self":[{"href":"http:\/\/osnovnaskolakrk.hr\/vrbnik\/wp-json\/wp\/v2\/posts\/10687","targetHints":{"allow":["GET"]}}],"collection":[{"href":"http:\/\/osnovnaskolakrk.hr\/vrbnik\/wp-json\/wp\/v2\/posts"}],"about":[{"href":"http:\/\/osnovnaskolakrk.hr\/vrbnik\/wp-json\/wp\/v2\/types\/post"}],"author":[{"embeddable":true,"href":"http:\/\/osnovnaskolakrk.hr\/vrbnik\/wp-json\/wp\/v2\/users\/3"}],"replies":[{"embeddable":true,"href":"http:\/\/osnovnaskolakrk.hr\/vrbnik\/wp-json\/wp\/v2\/comments?post=10687"}],"version-history":[{"count":3,"href":"http:\/\/osnovnaskolakrk.hr\/vrbnik\/wp-json\/wp\/v2\/posts\/10687\/revisions"}],"predecessor-version":[{"id":10699,"href":"http:\/\/osnovnaskolakrk.hr\/vrbnik\/wp-json\/wp\/v2\/posts\/10687\/revisions\/10699"}],"wp:attachment":[{"href":"http:\/\/osnovnaskolakrk.hr\/vrbnik\/wp-json\/wp\/v2\/media?parent=10687"}],"wp:term":[{"taxonomy":"category","embeddable":true,"href":"http:\/\/osnovnaskolakrk.hr\/vrbnik\/wp-json\/wp\/v2\/categories?post=10687"},{"taxonomy":"post_tag","embeddable":true,"href":"http:\/\/osnovnaskolakrk.hr\/vrbnik\/wp-json\/wp\/v2\/tags?post=10687"}],"curies":[{"name":"wp","href":"https:\/\/api.w.org\/{rel}","templated":true}]}}