{"id":10705,"date":"2025-10-23T05:22:08","date_gmt":"2025-10-23T05:22:08","guid":{"rendered":"https:\/\/osnovnaskolakrk.hr\/vrbnik\/?p=10705"},"modified":"2025-10-23T05:22:08","modified_gmt":"2025-10-23T05:22:08","slug":"sigurno-u-skolu-2","status":"publish","type":"post","link":"http:\/\/osnovnaskolakrk.hr\/vrbnik\/sigurno-u-skolu-2\/","title":{"rendered":"Sigurno u \u0161kolu"},"content":{"rendered":"<p style=\"text-align: justify;\"><img loading=\"lazy\" decoding=\"async\" class=\"aligncenter size-full wp-image-10706\" src=\"http:\/\/osnovnaskolakrk.hr\/vrbnik\/wp-content\/uploads\/2025\/10\/IMG-f026795e115ea3a6913ed4da125c24cd-V.jpg\" alt=\"\" width=\"1600\" height=\"1200\" srcset=\"http:\/\/osnovnaskolakrk.hr\/vrbnik\/wp-content\/uploads\/2025\/10\/IMG-f026795e115ea3a6913ed4da125c24cd-V.jpg 1600w, http:\/\/osnovnaskolakrk.hr\/vrbnik\/wp-content\/uploads\/2025\/10\/IMG-f026795e115ea3a6913ed4da125c24cd-V-768x576.jpg 768w, http:\/\/osnovnaskolakrk.hr\/vrbnik\/wp-content\/uploads\/2025\/10\/IMG-f026795e115ea3a6913ed4da125c24cd-V-1536x1152.jpg 1536w, http:\/\/osnovnaskolakrk.hr\/vrbnik\/wp-content\/uploads\/2025\/10\/IMG-f026795e115ea3a6913ed4da125c24cd-V-624x468.jpg 624w\" sizes=\"auto, (max-width: 1600px) 100vw, 1600px\" \/>U srijedu, 22. listopada u\u010denici prvog razreda sudjelovali su sukladno nacionalnom planu NPSCP-a, u prometno-edukativnoj akciji \u201eSigurno u \u0161kolu\u201c koju provodi Hrvatski autoklub u suradnji s djelatnicima MUP-a, Policijske postaje Krk.<\/p>\n<p><!--more--><\/p>\n<p style=\"text-align: justify;\">Akcija se provodi na po\u010detku svake nove nastavne godine, kada se prva\u0161i\u0107i prvi put pojavljuju u prometu kao samostalni sudionici. Promet za njih predstavlja novost, ali i potencijalnu opasnost, pa je cilj akcije upoznati ih s pravilima sigurnog pona\u0161anja na cesti.<\/p>\n<p style=\"text-align: justify;\">U\u010denici su s velikim zanimanjem slu\u0161ali i sudjelovali u predavanju o prometnim opasnostima te nau\u010dili kako sigurno sti\u0107i od ku\u0107e do \u0161kole i natrag. Na kraju su na dar dobili <em>Prometne bojanke za djecu<\/em> i prigodne <em>podloge za mi\u0161a<\/em> kojima su se posebno razveselili.<\/p>\n<p style=\"text-align: justify;\">Zahvaljujemo djelatnicima HAK-a i MUP-a na korisnim informacijama i zanimljivoj prezentaciji!<\/p>\n<p style=\"text-align: justify;\">Pozivamo sve sudionike u prometu, osobito voza\u010de u blizini \u0161kole, na dodatni oprez prema na\u0161im najmla\u0111im u\u010denicima \u2013 pje\u0161acima.<\/p>\n<p style=\"text-align: right;\">u\u010ditelj Tomislav Bo\u017ei\u0107 i prva\u0161i\u0107i<\/p>\n<p><img loading=\"lazy\" decoding=\"async\" class=\"aligncenter size-full wp-image-10707\" src=\"http:\/\/osnovnaskolakrk.hr\/vrbnik\/wp-content\/uploads\/2025\/10\/IMG-15bccb7c7d31ccd90a8f1b6a5580cbad-V.jpg\" alt=\"\" width=\"1498\" height=\"1600\" srcset=\"http:\/\/osnovnaskolakrk.hr\/vrbnik\/wp-content\/uploads\/2025\/10\/IMG-15bccb7c7d31ccd90a8f1b6a5580cbad-V.jpg 1498w, http:\/\/osnovnaskolakrk.hr\/vrbnik\/wp-content\/uploads\/2025\/10\/IMG-15bccb7c7d31ccd90a8f1b6a5580cbad-V-768x820.jpg 768w, http:\/\/osnovnaskolakrk.hr\/vrbnik\/wp-content\/uploads\/2025\/10\/IMG-15bccb7c7d31ccd90a8f1b6a5580cbad-V-1438x1536.jpg 1438w, http:\/\/osnovnaskolakrk.hr\/vrbnik\/wp-content\/uploads\/2025\/10\/IMG-15bccb7c7d31ccd90a8f1b6a5580cbad-V-624x666.jpg 624w\" sizes=\"auto, (max-width: 1498px) 100vw, 1498px\" \/> <img loading=\"lazy\" decoding=\"async\" class=\"aligncenter size-medium wp-image-10708\" src=\"http:\/\/osnovnaskolakrk.hr\/vrbnik\/wp-content\/uploads\/2025\/10\/IMG-b68a13a0da0101298eedfee0ad53f112-V.jpg\" alt=\"\" width=\"1600\" height=\"1200\" srcset=\"http:\/\/osnovnaskolakrk.hr\/vrbnik\/wp-content\/uploads\/2025\/10\/IMG-b68a13a0da0101298eedfee0ad53f112-V.jpg 1600w, http:\/\/osnovnaskolakrk.hr\/vrbnik\/wp-content\/uploads\/2025\/10\/IMG-b68a13a0da0101298eedfee0ad53f112-V-768x576.jpg 768w, http:\/\/osnovnaskolakrk.hr\/vrbnik\/wp-content\/uploads\/2025\/10\/IMG-b68a13a0da0101298eedfee0ad53f112-V-1536x1152.jpg 1536w, http:\/\/osnovnaskolakrk.hr\/vrbnik\/wp-content\/uploads\/2025\/10\/IMG-b68a13a0da0101298eedfee0ad53f112-V-624x468.jpg 624w\" sizes=\"auto, (max-width: 1600px) 100vw, 1600px\" \/><\/p>\n<p>&nbsp;<\/p>\n","protected":false},"excerpt":{"rendered":"<p>U srijedu, 22. listopada u\u010denici prvog razreda sudjelovali su sukladno nacionalnom planu NPSCP-a, u prometno-edukativnoj akciji \u201eSigurno u \u0161kolu\u201c koju provodi Hrvatski autoklub u suradnji s djelatnicima MUP-a, Policijske postaje Krk.<\/p>\n","protected":false},"author":3,"featured_media":0,"comment_status":"open","ping_status":"closed","sticky":false,"template":"","format":"standard","meta":{"footnotes":""},"categories":[1],"tags":[],"class_list":["post-10705","post","type-post","status-publish","format-standard","hentry","category-nekategorizirano"],"_links":{"self":[{"href":"http:\/\/osnovnaskolakrk.hr\/vrbnik\/wp-json\/wp\/v2\/posts\/10705","targetHints":{"allow":["GET"]}}],"collection":[{"href":"http:\/\/osnovnaskolakrk.hr\/vrbnik\/wp-json\/wp\/v2\/posts"}],"about":[{"href":"http:\/\/osnovnaskolakrk.hr\/vrbnik\/wp-json\/wp\/v2\/types\/post"}],"author":[{"embeddable":true,"href":"http:\/\/osnovnaskolakrk.hr\/vrbnik\/wp-json\/wp\/v2\/users\/3"}],"replies":[{"embeddable":true,"href":"http:\/\/osnovnaskolakrk.hr\/vrbnik\/wp-json\/wp\/v2\/comments?post=10705"}],"version-history":[{"count":1,"href":"http:\/\/osnovnaskolakrk.hr\/vrbnik\/wp-json\/wp\/v2\/posts\/10705\/revisions"}],"predecessor-version":[{"id":10709,"href":"http:\/\/osnovnaskolakrk.hr\/vrbnik\/wp-json\/wp\/v2\/posts\/10705\/revisions\/10709"}],"wp:attachment":[{"href":"http:\/\/osnovnaskolakrk.hr\/vrbnik\/wp-json\/wp\/v2\/media?parent=10705"}],"wp:term":[{"taxonomy":"category","embeddable":true,"href":"http:\/\/osnovnaskolakrk.hr\/vrbnik\/wp-json\/wp\/v2\/categories?post=10705"},{"taxonomy":"post_tag","embeddable":true,"href":"http:\/\/osnovnaskolakrk.hr\/vrbnik\/wp-json\/wp\/v2\/tags?post=10705"}],"curies":[{"name":"wp","href":"https:\/\/api.w.org\/{rel}","templated":true}]}}