{"id":11041,"date":"2026-02-25T09:53:02","date_gmt":"2026-02-25T09:53:02","guid":{"rendered":"https:\/\/osnovnaskolakrk.hr\/vrbnik\/?p=11041"},"modified":"2026-02-25T09:53:57","modified_gmt":"2026-02-25T09:53:57","slug":"prvi-koraci-u-prometu-7","status":"publish","type":"post","link":"http:\/\/osnovnaskolakrk.hr\/vrbnik\/prvi-koraci-u-prometu-7\/","title":{"rendered":"Prvi koraci u prometu"},"content":{"rendered":"<div dir=\"auto\" style=\"text-align: right;\">\u00a0<\/div>\n<div dir=\"auto\">\n<p style=\"text-align: justify;\"><img loading=\"lazy\" decoding=\"async\" class=\"aligncenter size-full wp-image-11065\" src=\"http:\/\/osnovnaskolakrk.hr\/vrbnik\/wp-content\/uploads\/2026\/02\/IMG-a110fbbfdaf3efccfcbe82579b24e02d-V.jpg\" alt=\"\" width=\"1600\" height=\"1200\" srcset=\"http:\/\/osnovnaskolakrk.hr\/vrbnik\/wp-content\/uploads\/2026\/02\/IMG-a110fbbfdaf3efccfcbe82579b24e02d-V.jpg 1600w, http:\/\/osnovnaskolakrk.hr\/vrbnik\/wp-content\/uploads\/2026\/02\/IMG-a110fbbfdaf3efccfcbe82579b24e02d-V-768x576.jpg 768w, http:\/\/osnovnaskolakrk.hr\/vrbnik\/wp-content\/uploads\/2026\/02\/IMG-a110fbbfdaf3efccfcbe82579b24e02d-V-1536x1152.jpg 1536w, http:\/\/osnovnaskolakrk.hr\/vrbnik\/wp-content\/uploads\/2026\/02\/IMG-a110fbbfdaf3efccfcbe82579b24e02d-V-624x468.jpg 624w\" sizes=\"auto, (max-width: 1600px) 100vw, 1600px\" \/>U\u010denici prvog razreda i ove su godine sudjelovali u provo\u0111enju preventivnog programa <strong>\u201ePrvi koraci u prometu\u201c<\/strong>.<\/p>\n<p style=\"text-align: justify;\">Edukaciju u\u010denika provela je djelatnica <a href=\"chatgpt:\/\/generic-entity?number=0\">Doma mladih Rijeka<\/a>, Ana Kola Udvardi, u suradnji s policijskim slu\u017ebenikom Danielom Drglinom iz <a href=\"chatgpt:\/\/generic-entity?number=1\">Krk<\/a>a koji su svojim toplim i pristupa\u010dnim na\u010dinom rada brzo osvojili povjerenje na\u0161ih najmla\u0111ih u\u010denika.<\/p>\n<p style=\"text-align: justify;\">Cilj programa je za\u0161tititi djecu kao najugro\u017eenije sudionike u prometu, ali i osna\u017eiti ih znanjem i sigurno\u0161\u0107u. Sadr\u017eaji su usmjereni na pove\u0107anje sigurnosti djece u prometu, usvajanje znanja i vje\u0161tina pravilnog pona\u0161anja te sigurno i samopouzdano kretanje od ku\u0107e do \u0161kole. Djeca su s velikom pa\u017enjom slu\u0161ala, postavljala pitanja i ponosno pokazivala \u0161to su nau\u010dila.<\/p>\n<p style=\"text-align: justify;\">Teorijski dio je odr\u017ean u u\u010dionici prvog razreda, dok je prakti\u010dni dio odr\u017ean u \u0161kolskoj dvorani koja je na jedan dan postala pravi mali prometni poligon opremljen semaforima. Uz puno smijeha i uzbu\u0111enja prva\u0161i\u0107i su vje\u017ebali pravilni prelazak ceste i snala\u017eenje u prometnim situacijama.<\/p>\n<p style=\"text-align: justify;\">Program je prepoznat kao izvrstan i zanimljiv na\u010din usvajanja va\u017enih prometnih pravila i normi pona\u0161anja, koje \u0107e na\u0161im u\u010denicima pru\u017eiti ve\u0107u sigurnost i samostalnost u svakodnevnom \u017eivotu.<\/p>\n<p style=\"text-align: justify;\">Prva\u0161i\u0107i su proveli dva vesela i pou\u010dna sata, uz najva\u017eniju poruku: \u010duvati sebe i druge u prometu te uvijek po\u0161tivati prometna pravila.<\/p>\n<p style=\"text-align: right;\">u\u010ditelj Tomislav Bo\u017ei\u0107<\/p>\n<p><img loading=\"lazy\" decoding=\"async\" class=\"aligncenter size-full wp-image-11064\" src=\"http:\/\/osnovnaskolakrk.hr\/vrbnik\/wp-content\/uploads\/2026\/02\/IMG-4b54eab3bd16490f948722179e81d4c5-V.jpg\" alt=\"\" width=\"1600\" height=\"1200\" srcset=\"http:\/\/osnovnaskolakrk.hr\/vrbnik\/wp-content\/uploads\/2026\/02\/IMG-4b54eab3bd16490f948722179e81d4c5-V.jpg 1600w, http:\/\/osnovnaskolakrk.hr\/vrbnik\/wp-content\/uploads\/2026\/02\/IMG-4b54eab3bd16490f948722179e81d4c5-V-768x576.jpg 768w, http:\/\/osnovnaskolakrk.hr\/vrbnik\/wp-content\/uploads\/2026\/02\/IMG-4b54eab3bd16490f948722179e81d4c5-V-1536x1152.jpg 1536w, http:\/\/osnovnaskolakrk.hr\/vrbnik\/wp-content\/uploads\/2026\/02\/IMG-4b54eab3bd16490f948722179e81d4c5-V-624x468.jpg 624w\" sizes=\"auto, (max-width: 1600px) 100vw, 1600px\" \/> <img loading=\"lazy\" decoding=\"async\" class=\"aligncenter size-full wp-image-11063\" src=\"http:\/\/osnovnaskolakrk.hr\/vrbnik\/wp-content\/uploads\/2026\/02\/IMG-be7b2ab6b28b63dbfbd992d1789782c3-V.jpg\" alt=\"\" width=\"1600\" height=\"1200\" srcset=\"http:\/\/osnovnaskolakrk.hr\/vrbnik\/wp-content\/uploads\/2026\/02\/IMG-be7b2ab6b28b63dbfbd992d1789782c3-V.jpg 1600w, http:\/\/osnovnaskolakrk.hr\/vrbnik\/wp-content\/uploads\/2026\/02\/IMG-be7b2ab6b28b63dbfbd992d1789782c3-V-768x576.jpg 768w, http:\/\/osnovnaskolakrk.hr\/vrbnik\/wp-content\/uploads\/2026\/02\/IMG-be7b2ab6b28b63dbfbd992d1789782c3-V-1536x1152.jpg 1536w, http:\/\/osnovnaskolakrk.hr\/vrbnik\/wp-content\/uploads\/2026\/02\/IMG-be7b2ab6b28b63dbfbd992d1789782c3-V-624x468.jpg 624w\" sizes=\"auto, (max-width: 1600px) 100vw, 1600px\" \/><\/p>\n<\/div>\n<p>&nbsp;<\/p>\n","protected":false},"excerpt":{"rendered":"<p>\u00a0 U\u010denici prvog razreda i ove su godine sudjelovali u provo\u0111enju preventivnog programa \u201ePrvi koraci u prometu\u201c. Edukaciju u\u010denika provela je djelatnica Doma mladih Rijeka, Ana Kola Udvardi, u suradnji s policijskim slu\u017ebenikom Danielom Drglinom iz Krka koji su svojim toplim i pristupa\u010dnim na\u010dinom rada brzo osvojili povjerenje na\u0161ih najmla\u0111ih u\u010denika. Cilj programa je za\u0161tititi [&hellip;]<\/p>\n","protected":false},"author":3,"featured_media":0,"comment_status":"open","ping_status":"closed","sticky":false,"template":"","format":"standard","meta":{"footnotes":""},"categories":[1],"tags":[],"class_list":["post-11041","post","type-post","status-publish","format-standard","hentry","category-nekategorizirano"],"_links":{"self":[{"href":"http:\/\/osnovnaskolakrk.hr\/vrbnik\/wp-json\/wp\/v2\/posts\/11041","targetHints":{"allow":["GET"]}}],"collection":[{"href":"http:\/\/osnovnaskolakrk.hr\/vrbnik\/wp-json\/wp\/v2\/posts"}],"about":[{"href":"http:\/\/osnovnaskolakrk.hr\/vrbnik\/wp-json\/wp\/v2\/types\/post"}],"author":[{"embeddable":true,"href":"http:\/\/osnovnaskolakrk.hr\/vrbnik\/wp-json\/wp\/v2\/users\/3"}],"replies":[{"embeddable":true,"href":"http:\/\/osnovnaskolakrk.hr\/vrbnik\/wp-json\/wp\/v2\/comments?post=11041"}],"version-history":[{"count":2,"href":"http:\/\/osnovnaskolakrk.hr\/vrbnik\/wp-json\/wp\/v2\/posts\/11041\/revisions"}],"predecessor-version":[{"id":11067,"href":"http:\/\/osnovnaskolakrk.hr\/vrbnik\/wp-json\/wp\/v2\/posts\/11041\/revisions\/11067"}],"wp:attachment":[{"href":"http:\/\/osnovnaskolakrk.hr\/vrbnik\/wp-json\/wp\/v2\/media?parent=11041"}],"wp:term":[{"taxonomy":"category","embeddable":true,"href":"http:\/\/osnovnaskolakrk.hr\/vrbnik\/wp-json\/wp\/v2\/categories?post=11041"},{"taxonomy":"post_tag","embeddable":true,"href":"http:\/\/osnovnaskolakrk.hr\/vrbnik\/wp-json\/wp\/v2\/tags?post=11041"}],"curies":[{"name":"wp","href":"https:\/\/api.w.org\/{rel}","templated":true}]}}