{"id":11068,"date":"2026-02-26T06:32:20","date_gmt":"2026-02-26T06:32:20","guid":{"rendered":"https:\/\/osnovnaskolakrk.hr\/vrbnik\/?p=11068"},"modified":"2026-02-26T06:56:45","modified_gmt":"2026-02-26T06:56:45","slug":"dan-ruzicastih-majica-u-skoli","status":"publish","type":"post","link":"http:\/\/osnovnaskolakrk.hr\/vrbnik\/dan-ruzicastih-majica-u-skoli\/","title":{"rendered":"Dan ru\u017ei\u010dastih majica u \u0161koli"},"content":{"rendered":"<p><img loading=\"lazy\" decoding=\"async\" class=\"size-full wp-image-11069\" src=\"http:\/\/osnovnaskolakrk.hr\/vrbnik\/wp-content\/uploads\/2026\/02\/IMG-7437297325be1c19e94245e2a77af799-V.jpg\" alt=\"\" width=\"1179\" height=\"811\" srcset=\"http:\/\/osnovnaskolakrk.hr\/vrbnik\/wp-content\/uploads\/2026\/02\/IMG-7437297325be1c19e94245e2a77af799-V.jpg 1179w, http:\/\/osnovnaskolakrk.hr\/vrbnik\/wp-content\/uploads\/2026\/02\/IMG-7437297325be1c19e94245e2a77af799-V-768x528.jpg 768w, http:\/\/osnovnaskolakrk.hr\/vrbnik\/wp-content\/uploads\/2026\/02\/IMG-7437297325be1c19e94245e2a77af799-V-624x429.jpg 624w\" sizes=\"auto, (max-width: 1179px) 100vw, 1179px\" \/><\/p>\n<p style=\"text-align: justify;\">Posljednja srijeda u mjesecu velja\u010di dan je kada se obilje\u017eava dan borbe protiv vr\u0161nja\u010dkog nasilja poznatiji pod nazivom Dan ru\u017ei\u010dastih majica (<em>Pink Shirt Day<\/em>).<\/p>\n<p style=\"text-align: justify;\">Ovaj je obi\u010daj nastao 2007. godine u Kanadi kada je dje\u010dak u znak podr\u0161ke majci oboljeloj od karcinoma do\u0161ao u \u0161kolu u ru\u017ei\u010dastoj majici zbog \u010dega je do\u017eivio nasilje od strane svojih vr\u0161njaka. Kako bi mu pru\u017eili podr\u0161ku i ukazali na problem vr\u0161nja\u010dkog nasilja u \u0161kolama, njegovi su kolege iz razreda sljede\u0107ih dana po\u010deli dolaziti u \u0161kolu upravo u ru\u017ei\u010dastim majicama.<\/p>\n<p><!--more--><\/p>\n<p style=\"text-align: justify;\">Obilje\u017eavanjem Dana ru\u017ei\u010dastih majica na simboli\u010dan se na\u010din skre\u0107e pozornost na problematiku me\u0111uvr\u0161nja\u010dkog nasilja u \u0161kolama. Godine 2017. Hrvatski je sabor taj dan proglasio Nacionalnim danom borbe protiv vr\u0161nja\u010dkog nasilja.<\/p>\n<p style=\"text-align: justify;\">Kao i svake, tako smo i ove godine u na\u0161oj \u0161koli obilje\u017eili Dan ru\u017ei\u010dastih majica. U\u010denici su sa svojim razrednicima imali razli\u010dite aktivnosti s ciljem podizanja svijesti o problematici vr\u0161nja\u010dkog nasilja, poticanja suradnje i komunikacijskih vje\u0161tina, tolerancije i razvoja empatije.\u00a0<\/p>\n<p style=\"text-align: justify;\">U\u010denici predmetne nastave imali su predavanje o nasilju koje je odr\u017eala policijska slu\u017ebenica Irena Paula I\u0161tok. U\u010denici su imali prilike \u010duti o vrstama nasilja, posljedicama nasilja te o sudionicima nasilja, s naglaskom na promatra\u010de koji indirektno sudjeluju u procesu zlostavljanja te mogu imati veliki negativni utjecaj na osobu koja \u010dini nasilje u vidu hrabrenja i podr\u017eavanja nasilja ili pak pozitivan utjecaj i pomo\u0107i osobi koja je \u017ertva nasilja. Tako\u0111er, dani su savjeti \u0161to u\u010diniti u slu\u010daju nasilja.<\/p>\n<p style=\"text-align: justify;\">I na\u0161 ravnatelj g. Ser\u0111o Sambli\u0107 obukao je ru\u017ei\u010dasto te na taj na\u010din podr\u017eao ovu akciju.<\/p>\n<p style=\"text-align: justify;\">U nastavku donosimo fotografije kojima prenosimo dio atmosfere obilje\u017eavanja dana\u0161njeg dana.<\/p>\n<p style=\"text-align: right;\">psihologinja Iva \u017du\u017ei\u0107<\/p>\n\n\t\t<style type=\"text\/css\">\n\t\t\t#gallery-1 {\n\t\t\t\tmargin: auto;\n\t\t\t}\n\t\t\t#gallery-1 .gallery-item {\n\t\t\t\tfloat: left;\n\t\t\t\tmargin-top: 10px;\n\t\t\t\ttext-align: center;\n\t\t\t\twidth: 33%;\n\t\t\t}\n\t\t\t#gallery-1 img {\n\t\t\t\tborder: 2px solid #cfcfcf;\n\t\t\t}\n\t\t\t#gallery-1 .gallery-caption {\n\t\t\t\tmargin-left: 0;\n\t\t\t}\n\t\t\t\/* see gallery_shortcode() in wp-includes\/media.php *\/\n\t\t<\/style>\n\t\t<div id='gallery-1' class='gallery galleryid-11068 gallery-columns-3 gallery-size-thumbnail'><dl class='gallery-item'>\n\t\t\t<dt class='gallery-icon landscape'>\n\t\t\t\t<a href='http:\/\/osnovnaskolakrk.hr\/vrbnik\/wp-content\/uploads\/2026\/02\/20260225_093832_resized.jpg' title=\"\" data-rl_title=\"\" class=\"rl-gallery-link\" data-rl_caption=\"\" data-rel=\"lightbox-gallery-1\"><img loading=\"lazy\" decoding=\"async\" width=\"150\" height=\"150\" src=\"http:\/\/osnovnaskolakrk.hr\/vrbnik\/wp-content\/uploads\/2026\/02\/20260225_093832_resized-150x150.jpg\" class=\"attachment-thumbnail size-thumbnail\" alt=\"\" \/><\/a>\n\t\t\t<\/dt><\/dl><dl class='gallery-item'>\n\t\t\t<dt class='gallery-icon landscape'>\n\t\t\t\t<a href='http:\/\/osnovnaskolakrk.hr\/vrbnik\/wp-content\/uploads\/2026\/02\/20260225_093845_resized.jpg' title=\"\" data-rl_title=\"\" class=\"rl-gallery-link\" data-rl_caption=\"\" data-rel=\"lightbox-gallery-1\"><img loading=\"lazy\" decoding=\"async\" width=\"150\" height=\"150\" src=\"http:\/\/osnovnaskolakrk.hr\/vrbnik\/wp-content\/uploads\/2026\/02\/20260225_093845_resized-150x150.jpg\" class=\"attachment-thumbnail size-thumbnail\" alt=\"\" \/><\/a>\n\t\t\t<\/dt><\/dl><dl class='gallery-item'>\n\t\t\t<dt class='gallery-icon landscape'>\n\t\t\t\t<a href='http:\/\/osnovnaskolakrk.hr\/vrbnik\/wp-content\/uploads\/2026\/02\/20260225_093904_resized.jpg' title=\"\" data-rl_title=\"\" class=\"rl-gallery-link\" data-rl_caption=\"\" data-rel=\"lightbox-gallery-1\"><img loading=\"lazy\" decoding=\"async\" width=\"150\" height=\"150\" src=\"http:\/\/osnovnaskolakrk.hr\/vrbnik\/wp-content\/uploads\/2026\/02\/20260225_093904_resized-150x150.jpg\" class=\"attachment-thumbnail size-thumbnail\" alt=\"\" \/><\/a>\n\t\t\t<\/dt><\/dl><br style=\"clear: both\" \/><dl class='gallery-item'>\n\t\t\t<dt class='gallery-icon landscape'>\n\t\t\t\t<a href='http:\/\/osnovnaskolakrk.hr\/vrbnik\/wp-content\/uploads\/2026\/02\/IMG-6563aa709a77ede22b7017598b3cf05b-V.jpg' title=\"\" data-rl_title=\"\" class=\"rl-gallery-link\" data-rl_caption=\"\" data-rel=\"lightbox-gallery-1\"><img loading=\"lazy\" decoding=\"async\" width=\"150\" height=\"150\" src=\"http:\/\/osnovnaskolakrk.hr\/vrbnik\/wp-content\/uploads\/2026\/02\/IMG-6563aa709a77ede22b7017598b3cf05b-V-150x150.jpg\" class=\"attachment-thumbnail size-thumbnail\" alt=\"\" \/><\/a>\n\t\t\t<\/dt><\/dl><dl class='gallery-item'>\n\t\t\t<dt class='gallery-icon landscape'>\n\t\t\t\t<a href='http:\/\/osnovnaskolakrk.hr\/vrbnik\/wp-content\/uploads\/2026\/02\/IMG-7c4b3bec27dee77005a8f9c9c560fb27-V.jpg' title=\"\" data-rl_title=\"\" class=\"rl-gallery-link\" data-rl_caption=\"\" data-rel=\"lightbox-gallery-1\"><img loading=\"lazy\" decoding=\"async\" width=\"150\" height=\"150\" src=\"http:\/\/osnovnaskolakrk.hr\/vrbnik\/wp-content\/uploads\/2026\/02\/IMG-7c4b3bec27dee77005a8f9c9c560fb27-V-150x150.jpg\" class=\"attachment-thumbnail size-thumbnail\" alt=\"\" \/><\/a>\n\t\t\t<\/dt><\/dl><dl class='gallery-item'>\n\t\t\t<dt class='gallery-icon landscape'>\n\t\t\t\t<a href='http:\/\/osnovnaskolakrk.hr\/vrbnik\/wp-content\/uploads\/2026\/02\/IMG-76ba581794280b27a3355f32eec3f691-V.jpg' title=\"\" data-rl_title=\"\" class=\"rl-gallery-link\" data-rl_caption=\"\" data-rel=\"lightbox-gallery-1\"><img loading=\"lazy\" decoding=\"async\" width=\"150\" height=\"150\" src=\"http:\/\/osnovnaskolakrk.hr\/vrbnik\/wp-content\/uploads\/2026\/02\/IMG-76ba581794280b27a3355f32eec3f691-V-150x150.jpg\" class=\"attachment-thumbnail size-thumbnail\" alt=\"\" \/><\/a>\n\t\t\t<\/dt><\/dl><br style=\"clear: both\" \/><dl class='gallery-item'>\n\t\t\t<dt class='gallery-icon landscape'>\n\t\t\t\t<a href='http:\/\/osnovnaskolakrk.hr\/vrbnik\/wp-content\/uploads\/2026\/02\/IMG-9b535a8caf0a92fa87e84a54c963793c-V.jpg' title=\"\" data-rl_title=\"\" class=\"rl-gallery-link\" data-rl_caption=\"\" data-rel=\"lightbox-gallery-1\"><img loading=\"lazy\" decoding=\"async\" width=\"150\" height=\"150\" src=\"http:\/\/osnovnaskolakrk.hr\/vrbnik\/wp-content\/uploads\/2026\/02\/IMG-9b535a8caf0a92fa87e84a54c963793c-V-150x150.jpg\" class=\"attachment-thumbnail size-thumbnail\" alt=\"\" \/><\/a>\n\t\t\t<\/dt><\/dl><dl class='gallery-item'>\n\t\t\t<dt class='gallery-icon landscape'>\n\t\t\t\t<a href='http:\/\/osnovnaskolakrk.hr\/vrbnik\/wp-content\/uploads\/2026\/02\/IMG-15d0fd896d3e2f6ef71a682a58a544db-V.jpg' title=\"\" data-rl_title=\"\" class=\"rl-gallery-link\" data-rl_caption=\"\" data-rel=\"lightbox-gallery-1\"><img loading=\"lazy\" decoding=\"async\" width=\"150\" height=\"150\" src=\"http:\/\/osnovnaskolakrk.hr\/vrbnik\/wp-content\/uploads\/2026\/02\/IMG-15d0fd896d3e2f6ef71a682a58a544db-V-150x150.jpg\" class=\"attachment-thumbnail size-thumbnail\" alt=\"\" \/><\/a>\n\t\t\t<\/dt><\/dl><dl class='gallery-item'>\n\t\t\t<dt class='gallery-icon landscape'>\n\t\t\t\t<a href='http:\/\/osnovnaskolakrk.hr\/vrbnik\/wp-content\/uploads\/2026\/02\/IMG-501d0645dd8a9ba04f8a61f243322531-V.jpg' title=\"\" data-rl_title=\"\" class=\"rl-gallery-link\" data-rl_caption=\"\" data-rel=\"lightbox-gallery-1\"><img loading=\"lazy\" decoding=\"async\" width=\"150\" height=\"150\" src=\"http:\/\/osnovnaskolakrk.hr\/vrbnik\/wp-content\/uploads\/2026\/02\/IMG-501d0645dd8a9ba04f8a61f243322531-V-150x150.jpg\" class=\"attachment-thumbnail size-thumbnail\" alt=\"\" \/><\/a>\n\t\t\t<\/dt><\/dl><br style=\"clear: both\" \/><dl class='gallery-item'>\n\t\t\t<dt class='gallery-icon landscape'>\n\t\t\t\t<a href='http:\/\/osnovnaskolakrk.hr\/vrbnik\/wp-content\/uploads\/2026\/02\/IMG-98155d4287f7ac614cea81a62dcb4bf8-V.jpg' title=\"\" data-rl_title=\"\" class=\"rl-gallery-link\" data-rl_caption=\"\" data-rel=\"lightbox-gallery-1\"><img loading=\"lazy\" decoding=\"async\" width=\"150\" height=\"150\" src=\"http:\/\/osnovnaskolakrk.hr\/vrbnik\/wp-content\/uploads\/2026\/02\/IMG-98155d4287f7ac614cea81a62dcb4bf8-V-150x150.jpg\" class=\"attachment-thumbnail size-thumbnail\" alt=\"\" \/><\/a>\n\t\t\t<\/dt><\/dl><dl class='gallery-item'>\n\t\t\t<dt class='gallery-icon landscape'>\n\t\t\t\t<a href='http:\/\/osnovnaskolakrk.hr\/vrbnik\/wp-content\/uploads\/2026\/02\/IMG-c72ad0d20f0f232a3ea66e16db201325-V.jpg' title=\"\" data-rl_title=\"\" class=\"rl-gallery-link\" data-rl_caption=\"\" data-rel=\"lightbox-gallery-1\"><img loading=\"lazy\" decoding=\"async\" width=\"150\" height=\"150\" src=\"http:\/\/osnovnaskolakrk.hr\/vrbnik\/wp-content\/uploads\/2026\/02\/IMG-c72ad0d20f0f232a3ea66e16db201325-V-150x150.jpg\" class=\"attachment-thumbnail size-thumbnail\" alt=\"\" \/><\/a>\n\t\t\t<\/dt><\/dl><dl class='gallery-item'>\n\t\t\t<dt class='gallery-icon landscape'>\n\t\t\t\t<a href='http:\/\/osnovnaskolakrk.hr\/vrbnik\/wp-content\/uploads\/2026\/02\/IMG-ee32024a8d11dcb7d06bcb0f8500b808-V.jpg' title=\"\" data-rl_title=\"\" class=\"rl-gallery-link\" data-rl_caption=\"\" data-rel=\"lightbox-gallery-1\"><img loading=\"lazy\" decoding=\"async\" width=\"150\" height=\"150\" src=\"http:\/\/osnovnaskolakrk.hr\/vrbnik\/wp-content\/uploads\/2026\/02\/IMG-ee32024a8d11dcb7d06bcb0f8500b808-V-150x150.jpg\" class=\"attachment-thumbnail size-thumbnail\" alt=\"\" \/><\/a>\n\t\t\t<\/dt><\/dl><br style=\"clear: both\" \/><dl class='gallery-item'>\n\t\t\t<dt class='gallery-icon portrait'>\n\t\t\t\t<a href='http:\/\/osnovnaskolakrk.hr\/vrbnik\/wp-content\/uploads\/2026\/02\/IMG-381073bfb6561818ee929b660db9d095-V.jpg' title=\"\" data-rl_title=\"\" class=\"rl-gallery-link\" data-rl_caption=\"\" data-rel=\"lightbox-gallery-1\"><img loading=\"lazy\" decoding=\"async\" width=\"150\" height=\"150\" src=\"http:\/\/osnovnaskolakrk.hr\/vrbnik\/wp-content\/uploads\/2026\/02\/IMG-381073bfb6561818ee929b660db9d095-V-150x150.jpg\" class=\"attachment-thumbnail size-thumbnail\" alt=\"\" \/><\/a>\n\t\t\t<\/dt><\/dl>\n\t\t\t<br style='clear: both' \/>\n\t\t<\/div>\n\n","protected":false},"excerpt":{"rendered":"<p>Posljednja srijeda u mjesecu velja\u010di dan je kada se obilje\u017eava dan borbe protiv vr\u0161nja\u010dkog nasilja poznatiji pod nazivom Dan ru\u017ei\u010dastih majica (Pink Shirt Day). Ovaj je obi\u010daj nastao 2007. godine u Kanadi kada je dje\u010dak u znak podr\u0161ke majci oboljeloj od karcinoma do\u0161ao u \u0161kolu u ru\u017ei\u010dastoj majici zbog \u010dega je do\u017eivio nasilje od strane [&hellip;]<\/p>\n","protected":false},"author":3,"featured_media":0,"comment_status":"open","ping_status":"closed","sticky":false,"template":"","format":"standard","meta":{"footnotes":""},"categories":[1],"tags":[],"class_list":["post-11068","post","type-post","status-publish","format-standard","hentry","category-nekategorizirano"],"_links":{"self":[{"href":"http:\/\/osnovnaskolakrk.hr\/vrbnik\/wp-json\/wp\/v2\/posts\/11068","targetHints":{"allow":["GET"]}}],"collection":[{"href":"http:\/\/osnovnaskolakrk.hr\/vrbnik\/wp-json\/wp\/v2\/posts"}],"about":[{"href":"http:\/\/osnovnaskolakrk.hr\/vrbnik\/wp-json\/wp\/v2\/types\/post"}],"author":[{"embeddable":true,"href":"http:\/\/osnovnaskolakrk.hr\/vrbnik\/wp-json\/wp\/v2\/users\/3"}],"replies":[{"embeddable":true,"href":"http:\/\/osnovnaskolakrk.hr\/vrbnik\/wp-json\/wp\/v2\/comments?post=11068"}],"version-history":[{"count":2,"href":"http:\/\/osnovnaskolakrk.hr\/vrbnik\/wp-json\/wp\/v2\/posts\/11068\/revisions"}],"predecessor-version":[{"id":11084,"href":"http:\/\/osnovnaskolakrk.hr\/vrbnik\/wp-json\/wp\/v2\/posts\/11068\/revisions\/11084"}],"wp:attachment":[{"href":"http:\/\/osnovnaskolakrk.hr\/vrbnik\/wp-json\/wp\/v2\/media?parent=11068"}],"wp:term":[{"taxonomy":"category","embeddable":true,"href":"http:\/\/osnovnaskolakrk.hr\/vrbnik\/wp-json\/wp\/v2\/categories?post=11068"},{"taxonomy":"post_tag","embeddable":true,"href":"http:\/\/osnovnaskolakrk.hr\/vrbnik\/wp-json\/wp\/v2\/tags?post=11068"}],"curies":[{"name":"wp","href":"https:\/\/api.w.org\/{rel}","templated":true}]}}