{"id":11086,"date":"2026-03-04T07:28:22","date_gmt":"2026-03-04T07:28:22","guid":{"rendered":"https:\/\/osnovnaskolakrk.hr\/vrbnik\/?p=11086"},"modified":"2026-03-04T07:28:22","modified_gmt":"2026-03-04T07:28:22","slug":"balet-mali-princ","status":"publish","type":"post","link":"http:\/\/osnovnaskolakrk.hr\/vrbnik\/balet-mali-princ\/","title":{"rendered":"Balet Mali princ"},"content":{"rendered":"<p style=\"text-align: justify;\"><img loading=\"lazy\" decoding=\"async\" class=\"aligncenter size-full wp-image-11087\" src=\"http:\/\/osnovnaskolakrk.hr\/vrbnik\/wp-content\/uploads\/2026\/03\/IMG-e10150c2b9f23efe7a397ae3972a0180-V.jpg\" alt=\"\" width=\"1600\" height=\"1200\" srcset=\"http:\/\/osnovnaskolakrk.hr\/vrbnik\/wp-content\/uploads\/2026\/03\/IMG-e10150c2b9f23efe7a397ae3972a0180-V.jpg 1600w, http:\/\/osnovnaskolakrk.hr\/vrbnik\/wp-content\/uploads\/2026\/03\/IMG-e10150c2b9f23efe7a397ae3972a0180-V-768x576.jpg 768w, http:\/\/osnovnaskolakrk.hr\/vrbnik\/wp-content\/uploads\/2026\/03\/IMG-e10150c2b9f23efe7a397ae3972a0180-V-1536x1152.jpg 1536w, http:\/\/osnovnaskolakrk.hr\/vrbnik\/wp-content\/uploads\/2026\/03\/IMG-e10150c2b9f23efe7a397ae3972a0180-V-624x468.jpg 624w\" sizes=\"auto, (max-width: 1600px) 100vw, 1600px\" \/>Gotovo svi \u010denici od 5. do 8.r. P\u0160 Vrbnik u ponedjeljak 23. velja\u010de ove godine posjetili su HNK Ivana pl. Zajca u Rijeci\u00a0 gdje su pogledali baletnu izvedbu Mali princ.<\/p>\n<p style=\"text-align: justify;\">Nakon prva dva sata nastave u\u010denici su se uputili prema autobusnoj stanici gdje ih je \u010dekao autobus.<\/p>\n<p><!--more--><\/p>\n<p style=\"text-align: justify;\">Predstava je po\u010dela u podne i trajala sat i petnaest minuta. To je bila baletna adaptacija suvremene bajke Mali princ knji\u017eevnika Antoine de Saint-Exuperyja koja govori o tra\u017eenju ljubavi i prijateljstva i vjerovanja u ljubav koja je najja\u010di ljudski osje\u0107aj.<\/p>\n<p style=\"text-align: justify;\">Bili smo zadovoljni predstavom, plesom i glumom, balerine i baletani su bili jako dobro uvje\u017ebani, kostimi su bili jako zanimljivi, a scenografija je ba\u0161 lijepo do\u010darala opise iz knjige.<\/p>\n<p style=\"text-align: justify;\">Nakon zavr\u0161etka predstave s osmjehom na licu iza\u0161li smo iz kazali\u0161ta te se uputili prema autobusu koji nas je odveo ku\u0107i.<\/p>\n<p style=\"text-align: right;\">Josip Juko, 7.r.<\/p>\n<p><img loading=\"lazy\" decoding=\"async\" class=\"aligncenter size-full wp-image-11088\" src=\"http:\/\/osnovnaskolakrk.hr\/vrbnik\/wp-content\/uploads\/2026\/03\/IMG-93e52aed246f9b9e3a4b40465eac92af-V.jpg\" alt=\"\" width=\"1200\" height=\"1600\" srcset=\"http:\/\/osnovnaskolakrk.hr\/vrbnik\/wp-content\/uploads\/2026\/03\/IMG-93e52aed246f9b9e3a4b40465eac92af-V.jpg 1200w, http:\/\/osnovnaskolakrk.hr\/vrbnik\/wp-content\/uploads\/2026\/03\/IMG-93e52aed246f9b9e3a4b40465eac92af-V-768x1024.jpg 768w, http:\/\/osnovnaskolakrk.hr\/vrbnik\/wp-content\/uploads\/2026\/03\/IMG-93e52aed246f9b9e3a4b40465eac92af-V-1152x1536.jpg 1152w, http:\/\/osnovnaskolakrk.hr\/vrbnik\/wp-content\/uploads\/2026\/03\/IMG-93e52aed246f9b9e3a4b40465eac92af-V-624x832.jpg 624w\" sizes=\"auto, (max-width: 1200px) 100vw, 1200px\" \/> <img loading=\"lazy\" decoding=\"async\" class=\"aligncenter size-medium wp-image-11089\" src=\"http:\/\/osnovnaskolakrk.hr\/vrbnik\/wp-content\/uploads\/2026\/03\/IMG-cd52fa93d6847a42b0ae798f7e606f5f-V.jpg\" alt=\"\" width=\"1600\" height=\"1200\" srcset=\"http:\/\/osnovnaskolakrk.hr\/vrbnik\/wp-content\/uploads\/2026\/03\/IMG-cd52fa93d6847a42b0ae798f7e606f5f-V.jpg 1600w, http:\/\/osnovnaskolakrk.hr\/vrbnik\/wp-content\/uploads\/2026\/03\/IMG-cd52fa93d6847a42b0ae798f7e606f5f-V-768x576.jpg 768w, http:\/\/osnovnaskolakrk.hr\/vrbnik\/wp-content\/uploads\/2026\/03\/IMG-cd52fa93d6847a42b0ae798f7e606f5f-V-1536x1152.jpg 1536w, http:\/\/osnovnaskolakrk.hr\/vrbnik\/wp-content\/uploads\/2026\/03\/IMG-cd52fa93d6847a42b0ae798f7e606f5f-V-624x468.jpg 624w\" sizes=\"auto, (max-width: 1600px) 100vw, 1600px\" \/><\/p>\n","protected":false},"excerpt":{"rendered":"<p>Gotovo svi \u010denici od 5. do 8.r. P\u0160 Vrbnik u ponedjeljak 23. velja\u010de ove godine posjetili su HNK Ivana pl. Zajca u Rijeci\u00a0 gdje su pogledali baletnu izvedbu Mali princ. Nakon prva dva sata nastave u\u010denici su se uputili prema autobusnoj stanici gdje ih je \u010dekao autobus.<\/p>\n","protected":false},"author":3,"featured_media":0,"comment_status":"open","ping_status":"closed","sticky":false,"template":"","format":"standard","meta":{"footnotes":""},"categories":[1],"tags":[],"class_list":["post-11086","post","type-post","status-publish","format-standard","hentry","category-nekategorizirano"],"_links":{"self":[{"href":"http:\/\/osnovnaskolakrk.hr\/vrbnik\/wp-json\/wp\/v2\/posts\/11086","targetHints":{"allow":["GET"]}}],"collection":[{"href":"http:\/\/osnovnaskolakrk.hr\/vrbnik\/wp-json\/wp\/v2\/posts"}],"about":[{"href":"http:\/\/osnovnaskolakrk.hr\/vrbnik\/wp-json\/wp\/v2\/types\/post"}],"author":[{"embeddable":true,"href":"http:\/\/osnovnaskolakrk.hr\/vrbnik\/wp-json\/wp\/v2\/users\/3"}],"replies":[{"embeddable":true,"href":"http:\/\/osnovnaskolakrk.hr\/vrbnik\/wp-json\/wp\/v2\/comments?post=11086"}],"version-history":[{"count":1,"href":"http:\/\/osnovnaskolakrk.hr\/vrbnik\/wp-json\/wp\/v2\/posts\/11086\/revisions"}],"predecessor-version":[{"id":11090,"href":"http:\/\/osnovnaskolakrk.hr\/vrbnik\/wp-json\/wp\/v2\/posts\/11086\/revisions\/11090"}],"wp:attachment":[{"href":"http:\/\/osnovnaskolakrk.hr\/vrbnik\/wp-json\/wp\/v2\/media?parent=11086"}],"wp:term":[{"taxonomy":"category","embeddable":true,"href":"http:\/\/osnovnaskolakrk.hr\/vrbnik\/wp-json\/wp\/v2\/categories?post=11086"},{"taxonomy":"post_tag","embeddable":true,"href":"http:\/\/osnovnaskolakrk.hr\/vrbnik\/wp-json\/wp\/v2\/tags?post=11086"}],"curies":[{"name":"wp","href":"https:\/\/api.w.org\/{rel}","templated":true}]}}