{"id":11098,"date":"2026-03-18T07:41:49","date_gmt":"2026-03-18T07:41:49","guid":{"rendered":"https:\/\/osnovnaskolakrk.hr\/vrbnik\/?p=11098"},"modified":"2026-03-18T07:41:49","modified_gmt":"2026-03-18T07:41:49","slug":"druzenje-s-piscem-vanjom-vlahovicem","status":"publish","type":"post","link":"http:\/\/osnovnaskolakrk.hr\/vrbnik\/druzenje-s-piscem-vanjom-vlahovicem\/","title":{"rendered":"Dru\u017eenje s piscem Vanjom Vlahovi\u0107em"},"content":{"rendered":"<p style=\"text-align: justify;\"><img loading=\"lazy\" decoding=\"async\" class=\"aligncenter size-full wp-image-11099\" src=\"http:\/\/osnovnaskolakrk.hr\/vrbnik\/wp-content\/uploads\/2026\/03\/1.jpg\" alt=\"\" width=\"732\" height=\"655\" srcset=\"http:\/\/osnovnaskolakrk.hr\/vrbnik\/wp-content\/uploads\/2026\/03\/1.jpg 732w, http:\/\/osnovnaskolakrk.hr\/vrbnik\/wp-content\/uploads\/2026\/03\/1-624x558.jpg 624w\" sizes=\"auto, (max-width: 732px) 100vw, 732px\" \/>U srijedu 11. o\u017eujka 2026. u na\u0161oj \u0161koli ugostili smo pisca i pjesnika Vanju Vlahovi\u0107a iz Omi\u0161a, \u010diju smo knjigu \u201e\u0160umski dje\u010dak\u201c \u010ditali na satovima glazbene kulture. Pisca smo do\u010dekali pjesmom, na\u0161a vokalna skupina \u0160krletin izvela je pjesme Vrbni\u010de nad morem i Naran\u010da. Knji\u017eni\u010darka Irena upoznala ga je i s na\u0161om \u0161kolskom knji\u017enicom, a posebno ga je razveselilo \u0161to se u njoj nalazi i njegova knjiga.<\/p>\n<p><!--more--><\/p>\n<p style=\"text-align: justify;\">Tijekom susreta napravili smo intervju koji \u0107e iza\u0107i u \u0161kolskom listu \u201eBares\u201c te smo razgovarali s piscem o knjizi \u201e\u0160umski dje\u010dak\u201c, kao i cjelokupnom njegovom knji\u017eevnom opusu. U vrlo zanimljivom razgovoru, saznali smo kako pronalazi inspiraciju za pisanje, a opisao nam je i cijeli proces nastajanja knjige i \u0161to je sve potrebno da bi se ona izdala.<\/p>\n<p style=\"text-align: justify;\">Susret je protekao u vrlo ugodnoj i poticajnoj atmosferi. S velikim zanimanjem slu\u0161ali smo na\u0161eg gosta, a njegov vedar i zanimljiv na\u010din pripovijedanja sve je dodatno odu\u0161evio. Na kraju susreta uputio nam je i vrlo sna\u017enu poruku \u2013 da nikada ne zaboravimo biti djeca.<\/p>\n<p style=\"text-align: justify;\">U prilogu pogledajte fotografije sa susreta te dvije pjesme koje nam je autor pro\u010ditao i koje su nam se jako svidjele.<\/p>\n<p style=\"text-align: justify;\">Zahvaljujemo se na\u0161em gostu na posjetu i nadamo se ponovnom susretu.<\/p>\n<p style=\"text-align: right;\">Ana, Lucija i Karmen, 6. razred s u\u010diteljicom \u017deljkom Komlenac<\/p>\n<p><a href=\"http:\/\/osnovnaskolakrk.hr\/vrbnik\/wp-content\/uploads\/2026\/03\/Ja-imam-velike-ruke-jer-na-njih.pdf\">Ja imam velike ruke jer na njih<\/a><\/p>\n<p><a href=\"http:\/\/osnovnaskolakrk.hr\/vrbnik\/wp-content\/uploads\/2026\/03\/Sanjao-sam-ruzu.pdf\">Sanjao sam ru\u017eu<\/a><\/p>\n\n\t\t<style type=\"text\/css\">\n\t\t\t#gallery-1 {\n\t\t\t\tmargin: auto;\n\t\t\t}\n\t\t\t#gallery-1 .gallery-item {\n\t\t\t\tfloat: left;\n\t\t\t\tmargin-top: 10px;\n\t\t\t\ttext-align: center;\n\t\t\t\twidth: 33%;\n\t\t\t}\n\t\t\t#gallery-1 img {\n\t\t\t\tborder: 2px solid #cfcfcf;\n\t\t\t}\n\t\t\t#gallery-1 .gallery-caption {\n\t\t\t\tmargin-left: 0;\n\t\t\t}\n\t\t\t\/* see gallery_shortcode() in wp-includes\/media.php *\/\n\t\t<\/style>\n\t\t<div id='gallery-1' class='gallery galleryid-11098 gallery-columns-3 gallery-size-thumbnail'><dl class='gallery-item'>\n\t\t\t<dt class='gallery-icon portrait'>\n\t\t\t\t<a href='http:\/\/osnovnaskolakrk.hr\/vrbnik\/wp-content\/uploads\/2026\/03\/2.jpg' title=\"\" data-rl_title=\"\" class=\"rl-gallery-link\" data-rl_caption=\"\" data-rel=\"lightbox-gallery-1\"><img loading=\"lazy\" decoding=\"async\" width=\"150\" height=\"150\" src=\"http:\/\/osnovnaskolakrk.hr\/vrbnik\/wp-content\/uploads\/2026\/03\/2-150x150.jpg\" class=\"attachment-thumbnail size-thumbnail\" alt=\"\" \/><\/a>\n\t\t\t<\/dt><\/dl><dl class='gallery-item'>\n\t\t\t<dt class='gallery-icon landscape'>\n\t\t\t\t<a href='http:\/\/osnovnaskolakrk.hr\/vrbnik\/wp-content\/uploads\/2026\/03\/3.jpg' title=\"\" data-rl_title=\"\" class=\"rl-gallery-link\" data-rl_caption=\"\" data-rel=\"lightbox-gallery-1\"><img loading=\"lazy\" decoding=\"async\" width=\"150\" height=\"150\" src=\"http:\/\/osnovnaskolakrk.hr\/vrbnik\/wp-content\/uploads\/2026\/03\/3-150x150.jpg\" class=\"attachment-thumbnail size-thumbnail\" alt=\"\" \/><\/a>\n\t\t\t<\/dt><\/dl><dl class='gallery-item'>\n\t\t\t<dt class='gallery-icon landscape'>\n\t\t\t\t<a href='http:\/\/osnovnaskolakrk.hr\/vrbnik\/wp-content\/uploads\/2026\/03\/4.jpg' title=\"\" data-rl_title=\"\" class=\"rl-gallery-link\" data-rl_caption=\"\" data-rel=\"lightbox-gallery-1\"><img loading=\"lazy\" decoding=\"async\" width=\"150\" height=\"150\" src=\"http:\/\/osnovnaskolakrk.hr\/vrbnik\/wp-content\/uploads\/2026\/03\/4-150x150.jpg\" class=\"attachment-thumbnail size-thumbnail\" alt=\"\" \/><\/a>\n\t\t\t<\/dt><\/dl><br style=\"clear: both\" \/><dl class='gallery-item'>\n\t\t\t<dt class='gallery-icon landscape'>\n\t\t\t\t<a href='http:\/\/osnovnaskolakrk.hr\/vrbnik\/wp-content\/uploads\/2026\/03\/5.jpg' title=\"\" data-rl_title=\"\" class=\"rl-gallery-link\" data-rl_caption=\"\" data-rel=\"lightbox-gallery-1\"><img loading=\"lazy\" decoding=\"async\" width=\"150\" height=\"150\" src=\"http:\/\/osnovnaskolakrk.hr\/vrbnik\/wp-content\/uploads\/2026\/03\/5-150x150.jpg\" class=\"attachment-thumbnail size-thumbnail\" alt=\"\" \/><\/a>\n\t\t\t<\/dt><\/dl><dl class='gallery-item'>\n\t\t\t<dt class='gallery-icon landscape'>\n\t\t\t\t<a href='http:\/\/osnovnaskolakrk.hr\/vrbnik\/wp-content\/uploads\/2026\/03\/6.jpg' title=\"\" data-rl_title=\"\" class=\"rl-gallery-link\" data-rl_caption=\"\" data-rel=\"lightbox-gallery-1\"><img loading=\"lazy\" decoding=\"async\" width=\"150\" height=\"150\" src=\"http:\/\/osnovnaskolakrk.hr\/vrbnik\/wp-content\/uploads\/2026\/03\/6-150x150.jpg\" class=\"attachment-thumbnail size-thumbnail\" alt=\"\" \/><\/a>\n\t\t\t<\/dt><\/dl>\n\t\t\t<br style='clear: both' \/>\n\t\t<\/div>\n\n","protected":false},"excerpt":{"rendered":"<p>U srijedu 11. o\u017eujka 2026. u na\u0161oj \u0161koli ugostili smo pisca i pjesnika Vanju Vlahovi\u0107a iz Omi\u0161a, \u010diju smo knjigu \u201e\u0160umski dje\u010dak\u201c \u010ditali na satovima glazbene kulture. Pisca smo do\u010dekali pjesmom, na\u0161a vokalna skupina \u0160krletin izvela je pjesme Vrbni\u010de nad morem i Naran\u010da. Knji\u017eni\u010darka Irena upoznala ga je i s na\u0161om \u0161kolskom knji\u017enicom, a posebno [&hellip;]<\/p>\n","protected":false},"author":3,"featured_media":0,"comment_status":"open","ping_status":"closed","sticky":false,"template":"","format":"standard","meta":{"footnotes":""},"categories":[1],"tags":[],"class_list":["post-11098","post","type-post","status-publish","format-standard","hentry","category-nekategorizirano"],"_links":{"self":[{"href":"http:\/\/osnovnaskolakrk.hr\/vrbnik\/wp-json\/wp\/v2\/posts\/11098","targetHints":{"allow":["GET"]}}],"collection":[{"href":"http:\/\/osnovnaskolakrk.hr\/vrbnik\/wp-json\/wp\/v2\/posts"}],"about":[{"href":"http:\/\/osnovnaskolakrk.hr\/vrbnik\/wp-json\/wp\/v2\/types\/post"}],"author":[{"embeddable":true,"href":"http:\/\/osnovnaskolakrk.hr\/vrbnik\/wp-json\/wp\/v2\/users\/3"}],"replies":[{"embeddable":true,"href":"http:\/\/osnovnaskolakrk.hr\/vrbnik\/wp-json\/wp\/v2\/comments?post=11098"}],"version-history":[{"count":1,"href":"http:\/\/osnovnaskolakrk.hr\/vrbnik\/wp-json\/wp\/v2\/posts\/11098\/revisions"}],"predecessor-version":[{"id":11107,"href":"http:\/\/osnovnaskolakrk.hr\/vrbnik\/wp-json\/wp\/v2\/posts\/11098\/revisions\/11107"}],"wp:attachment":[{"href":"http:\/\/osnovnaskolakrk.hr\/vrbnik\/wp-json\/wp\/v2\/media?parent=11098"}],"wp:term":[{"taxonomy":"category","embeddable":true,"href":"http:\/\/osnovnaskolakrk.hr\/vrbnik\/wp-json\/wp\/v2\/categories?post=11098"},{"taxonomy":"post_tag","embeddable":true,"href":"http:\/\/osnovnaskolakrk.hr\/vrbnik\/wp-json\/wp\/v2\/tags?post=11098"}],"curies":[{"name":"wp","href":"https:\/\/api.w.org\/{rel}","templated":true}]}}