{"id":11108,"date":"2026-03-18T07:44:13","date_gmt":"2026-03-18T07:44:13","guid":{"rendered":"https:\/\/osnovnaskolakrk.hr\/vrbnik\/?p=11108"},"modified":"2026-03-18T07:44:13","modified_gmt":"2026-03-18T07:44:13","slug":"natjecanje-mladih-u-pruzanju-prve-pomoci","status":"publish","type":"post","link":"http:\/\/osnovnaskolakrk.hr\/vrbnik\/natjecanje-mladih-u-pruzanju-prve-pomoci\/","title":{"rendered":"Natjecanje mladih u pru\u017eanju prve pomo\u0107i"},"content":{"rendered":"<p style=\"text-align: justify;\"><img loading=\"lazy\" decoding=\"async\" class=\"aligncenter size-full wp-image-11109\" src=\"http:\/\/osnovnaskolakrk.hr\/vrbnik\/wp-content\/uploads\/2026\/03\/IMG-7785071f6bca2b2178a5d44570dcfabb-V.jpg\" alt=\"\" width=\"1600\" height=\"900\" srcset=\"http:\/\/osnovnaskolakrk.hr\/vrbnik\/wp-content\/uploads\/2026\/03\/IMG-7785071f6bca2b2178a5d44570dcfabb-V.jpg 1600w, http:\/\/osnovnaskolakrk.hr\/vrbnik\/wp-content\/uploads\/2026\/03\/IMG-7785071f6bca2b2178a5d44570dcfabb-V-768x432.jpg 768w, http:\/\/osnovnaskolakrk.hr\/vrbnik\/wp-content\/uploads\/2026\/03\/IMG-7785071f6bca2b2178a5d44570dcfabb-V-1536x864.jpg 1536w, http:\/\/osnovnaskolakrk.hr\/vrbnik\/wp-content\/uploads\/2026\/03\/IMG-7785071f6bca2b2178a5d44570dcfabb-V-624x351.jpg 624w\" sizes=\"auto, (max-width: 1600px) 100vw, 1600px\" \/>U Srednjoj \u0161koli \u201eHrvatski kralj Zvonimir\u201c u Krku 14. o\u017eujka 2026. odr\u017eano je gradsko natjecanje mladih u pru\u017eanju prve pomo\u0107i. Na natjecanju su sudjelovali u\u010denici osnovnih i srednjih \u0161kola s otoka Krka koji su posljednjih mjeseci marljivo uvje\u017ebavali teorijska znanja i prakti\u010dne vje\u0161tine pru\u017eanja prve pomo\u0107i unesre\u0107enim osobama.<\/p>\n<p><!--more--><\/p>\n<p style=\"text-align: justify;\">Na natjecanju je sudjelovala i ekipa O\u0160 \u201eFran Krsto Frankopan\u201c Krk, P\u0160 Vrbnik u sastavu Matija Boloni\u0107, Ante Polonijo, Amar Alispahi\u0107 i Marija Lukari\u0107, i u pratnji profesorice Lucije Avsec, a sve u suradnji\u00a0 i organizaciji vjerou\u010diteljice Slavice Petrinovi\u0107.<\/p>\n<p style=\"text-align: justify;\">Pokazali smo zavidno znanje i vje\u0161tine te osvojili odli\u010dno 2. mjesto. Kroz razli\u010dite prakti\u010dne scenarije demonstrirali\u00a0 smo postupke pru\u017eanja prve pomo\u0107i, timski rad i snala\u017eljivost u izvanrednim situacijama.<\/p>\n<p style=\"text-align: justify;\">U\u010denike P\u0160 Vrbnik\u00a0 za natjecanje je pripremala farmaceutkinja Ines Perhat, koja nas je kroz protekle mjesece vodila u usvajanju\u00a0 znanja i\u00a0 vje\u0161tina pru\u017eanja prve pomo\u0107i.<\/p>\n<p style=\"text-align: justify;\">Natjecanje je proteklo u radnoj, ali vrlo ugodnoj atmosferi. Sudionici su imali priliku razmijeniti iskustva, nau\u010diti ne\u0161to novo i dodatno razvijati vje\u0161tine koje mogu biti vrlo va\u017ene u svakodnevnom \u017eivotu.<\/p>\n<p style=\"text-align: right;\">Marija Lukari\u0107, 7r.<\/p>\n\n\t\t<style type=\"text\/css\">\n\t\t\t#gallery-1 {\n\t\t\t\tmargin: auto;\n\t\t\t}\n\t\t\t#gallery-1 .gallery-item {\n\t\t\t\tfloat: left;\n\t\t\t\tmargin-top: 10px;\n\t\t\t\ttext-align: center;\n\t\t\t\twidth: 33%;\n\t\t\t}\n\t\t\t#gallery-1 img {\n\t\t\t\tborder: 2px solid #cfcfcf;\n\t\t\t}\n\t\t\t#gallery-1 .gallery-caption {\n\t\t\t\tmargin-left: 0;\n\t\t\t}\n\t\t\t\/* see gallery_shortcode() in wp-includes\/media.php *\/\n\t\t<\/style>\n\t\t<div id='gallery-1' class='gallery galleryid-11108 gallery-columns-3 gallery-size-thumbnail'><dl class='gallery-item'>\n\t\t\t<dt class='gallery-icon portrait'>\n\t\t\t\t<a href='http:\/\/osnovnaskolakrk.hr\/vrbnik\/wp-content\/uploads\/2026\/03\/IMG-06899d0cddee706928489790d7f6a6a0-V.jpg' title=\"\" data-rl_title=\"\" class=\"rl-gallery-link\" data-rl_caption=\"\" data-rel=\"lightbox-gallery-1\"><img loading=\"lazy\" decoding=\"async\" width=\"150\" height=\"150\" src=\"http:\/\/osnovnaskolakrk.hr\/vrbnik\/wp-content\/uploads\/2026\/03\/IMG-06899d0cddee706928489790d7f6a6a0-V-150x150.jpg\" class=\"attachment-thumbnail size-thumbnail\" alt=\"\" \/><\/a>\n\t\t\t<\/dt><\/dl><dl class='gallery-item'>\n\t\t\t<dt class='gallery-icon portrait'>\n\t\t\t\t<a href='http:\/\/osnovnaskolakrk.hr\/vrbnik\/wp-content\/uploads\/2026\/03\/IMG-7e705665b99a59cea114603423dcf03a-V.jpg' title=\"\" data-rl_title=\"\" class=\"rl-gallery-link\" data-rl_caption=\"\" data-rel=\"lightbox-gallery-1\"><img loading=\"lazy\" decoding=\"async\" width=\"150\" height=\"150\" src=\"http:\/\/osnovnaskolakrk.hr\/vrbnik\/wp-content\/uploads\/2026\/03\/IMG-7e705665b99a59cea114603423dcf03a-V-150x150.jpg\" class=\"attachment-thumbnail size-thumbnail\" alt=\"\" \/><\/a>\n\t\t\t<\/dt><\/dl>\n\t\t\t<br style='clear: both' \/>\n\t\t<\/div>\n\n","protected":false},"excerpt":{"rendered":"<p>U Srednjoj \u0161koli \u201eHrvatski kralj Zvonimir\u201c u Krku 14. o\u017eujka 2026. odr\u017eano je gradsko natjecanje mladih u pru\u017eanju prve pomo\u0107i. Na natjecanju su sudjelovali u\u010denici osnovnih i srednjih \u0161kola s otoka Krka koji su posljednjih mjeseci marljivo uvje\u017ebavali teorijska znanja i prakti\u010dne vje\u0161tine pru\u017eanja prve pomo\u0107i unesre\u0107enim osobama.<\/p>\n","protected":false},"author":3,"featured_media":0,"comment_status":"open","ping_status":"closed","sticky":false,"template":"","format":"standard","meta":{"footnotes":""},"categories":[1],"tags":[],"class_list":["post-11108","post","type-post","status-publish","format-standard","hentry","category-nekategorizirano"],"_links":{"self":[{"href":"http:\/\/osnovnaskolakrk.hr\/vrbnik\/wp-json\/wp\/v2\/posts\/11108","targetHints":{"allow":["GET"]}}],"collection":[{"href":"http:\/\/osnovnaskolakrk.hr\/vrbnik\/wp-json\/wp\/v2\/posts"}],"about":[{"href":"http:\/\/osnovnaskolakrk.hr\/vrbnik\/wp-json\/wp\/v2\/types\/post"}],"author":[{"embeddable":true,"href":"http:\/\/osnovnaskolakrk.hr\/vrbnik\/wp-json\/wp\/v2\/users\/3"}],"replies":[{"embeddable":true,"href":"http:\/\/osnovnaskolakrk.hr\/vrbnik\/wp-json\/wp\/v2\/comments?post=11108"}],"version-history":[{"count":1,"href":"http:\/\/osnovnaskolakrk.hr\/vrbnik\/wp-json\/wp\/v2\/posts\/11108\/revisions"}],"predecessor-version":[{"id":11112,"href":"http:\/\/osnovnaskolakrk.hr\/vrbnik\/wp-json\/wp\/v2\/posts\/11108\/revisions\/11112"}],"wp:attachment":[{"href":"http:\/\/osnovnaskolakrk.hr\/vrbnik\/wp-json\/wp\/v2\/media?parent=11108"}],"wp:term":[{"taxonomy":"category","embeddable":true,"href":"http:\/\/osnovnaskolakrk.hr\/vrbnik\/wp-json\/wp\/v2\/categories?post=11108"},{"taxonomy":"post_tag","embeddable":true,"href":"http:\/\/osnovnaskolakrk.hr\/vrbnik\/wp-json\/wp\/v2\/tags?post=11108"}],"curies":[{"name":"wp","href":"https:\/\/api.w.org\/{rel}","templated":true}]}}