{"id":11137,"date":"2026-04-15T10:14:49","date_gmt":"2026-04-15T10:14:49","guid":{"rendered":"https:\/\/osnovnaskolakrk.hr\/vrbnik\/?p=11137"},"modified":"2026-04-15T10:14:49","modified_gmt":"2026-04-15T10:14:49","slug":"izlet-u-gorski-kotar-4","status":"publish","type":"post","link":"http:\/\/osnovnaskolakrk.hr\/vrbnik\/izlet-u-gorski-kotar-4\/","title":{"rendered":"Izlet u Gorski kotar"},"content":{"rendered":"<p style=\"text-align: justify;\"><img loading=\"lazy\" decoding=\"async\" class=\"aligncenter size-full wp-image-11138\" src=\"http:\/\/osnovnaskolakrk.hr\/vrbnik\/wp-content\/uploads\/2026\/04\/IMG-82dacdedfa86345996ef2a43f3a7c3cb-V.jpg\" alt=\"\" width=\"1600\" height=\"1200\" srcset=\"http:\/\/osnovnaskolakrk.hr\/vrbnik\/wp-content\/uploads\/2026\/04\/IMG-82dacdedfa86345996ef2a43f3a7c3cb-V.jpg 1600w, http:\/\/osnovnaskolakrk.hr\/vrbnik\/wp-content\/uploads\/2026\/04\/IMG-82dacdedfa86345996ef2a43f3a7c3cb-V-768x576.jpg 768w, http:\/\/osnovnaskolakrk.hr\/vrbnik\/wp-content\/uploads\/2026\/04\/IMG-82dacdedfa86345996ef2a43f3a7c3cb-V-1536x1152.jpg 1536w, http:\/\/osnovnaskolakrk.hr\/vrbnik\/wp-content\/uploads\/2026\/04\/IMG-82dacdedfa86345996ef2a43f3a7c3cb-V-624x468.jpg 624w\" sizes=\"auto, (max-width: 1600px) 100vw, 1600px\" \/>Dana 14.4.2026. godine, u osam sati krenuli smo na izlet u Gorski kotar. Pridru\u017eili su nam se u\u010denici tre\u0107ih razreda iz Punta i Ba\u0161ke.<\/p>\n<p style=\"text-align: justify;\"><!--more--><\/p>\n<p style=\"text-align: justify;\">Prvo stajali\u0161te bilo je mjesto Stara Su\u0161ica gdje smo se nakon doru\u010dka uputili u Centar za velike zvijeri. Tamo smo pogledali kratki dokumentarni film o \u0161umama Gorskog kotara te razgledali cijeli Centar. \u010culi smo puno novih informacija o medvjedu, risu i vuku. Nakon Stare Su\u0161ice krenuli smo u Delnice, u restoran Lova\u010dki na ru\u010dak. Iz restorana smo iza\u0161li siti i spremni za posjet Popovi\u0107evom mlinu. Tamo nas je do\u010dekao barba Alan koji nas je vodio kroz mlin te nam je na zanimljiv na\u010din\u00a0 objasnio kako se proizvodi bra\u0161no. Na kraju smo kupili prekrasne drvene suvenire. Vratili smo se pokraj restorana Lova\u010dki, gdje su u ogra\u0111enom prostoru smje\u0161tene srne. Tamo smo ih hranili i mazili. Nakon toga oti\u0161li smo u Fu\u017eine. \u0160etali smo pokraj jezera Bajer, igrali se i jeli na\u0161e grickalice. U\u017eivali smo u prekrasnoj prirodi. Oko 17 h uputili smo se prema Vrbniku. U Vrbnik smo do\u0161li oko 18,30 sati.<\/p>\n<p style=\"text-align: justify;\">Bilo mi je jako lijepo. Najljep\u0161e mi je bilo hraniti srne i u\u017eivati u prekrasnoj prirodi. Jedva \u010dekam da krenemo u novu avanturu!<\/p>\n<p style=\"text-align: right;\">Mila \u0160u\u0161ak, 3. razred<\/p>\n\n\t\t<style type=\"text\/css\">\n\t\t\t#gallery-1 {\n\t\t\t\tmargin: auto;\n\t\t\t}\n\t\t\t#gallery-1 .gallery-item {\n\t\t\t\tfloat: left;\n\t\t\t\tmargin-top: 10px;\n\t\t\t\ttext-align: center;\n\t\t\t\twidth: 33%;\n\t\t\t}\n\t\t\t#gallery-1 img {\n\t\t\t\tborder: 2px solid #cfcfcf;\n\t\t\t}\n\t\t\t#gallery-1 .gallery-caption {\n\t\t\t\tmargin-left: 0;\n\t\t\t}\n\t\t\t\/* see gallery_shortcode() in wp-includes\/media.php *\/\n\t\t<\/style>\n\t\t<div id='gallery-1' class='gallery galleryid-11137 gallery-columns-3 gallery-size-thumbnail'><dl class='gallery-item'>\n\t\t\t<dt class='gallery-icon landscape'>\n\t\t\t\t<a href='http:\/\/osnovnaskolakrk.hr\/vrbnik\/wp-content\/uploads\/2026\/04\/IMG-4d9475678e674a44ab0a783b2703f54a-V.jpg' title=\"\" data-rl_title=\"\" class=\"rl-gallery-link\" data-rl_caption=\"\" data-rel=\"lightbox-gallery-1\"><img loading=\"lazy\" decoding=\"async\" width=\"150\" height=\"150\" src=\"http:\/\/osnovnaskolakrk.hr\/vrbnik\/wp-content\/uploads\/2026\/04\/IMG-4d9475678e674a44ab0a783b2703f54a-V-150x150.jpg\" class=\"attachment-thumbnail size-thumbnail\" alt=\"\" \/><\/a>\n\t\t\t<\/dt><\/dl><dl class='gallery-item'>\n\t\t\t<dt class='gallery-icon landscape'>\n\t\t\t\t<a href='http:\/\/osnovnaskolakrk.hr\/vrbnik\/wp-content\/uploads\/2026\/04\/IMG-018ca6edf6b4abe5b13ab41423dbc662-V.jpg' title=\"\" data-rl_title=\"\" class=\"rl-gallery-link\" data-rl_caption=\"\" data-rel=\"lightbox-gallery-1\"><img loading=\"lazy\" decoding=\"async\" width=\"150\" height=\"150\" src=\"http:\/\/osnovnaskolakrk.hr\/vrbnik\/wp-content\/uploads\/2026\/04\/IMG-018ca6edf6b4abe5b13ab41423dbc662-V-150x150.jpg\" class=\"attachment-thumbnail size-thumbnail\" alt=\"\" \/><\/a>\n\t\t\t<\/dt><\/dl><dl class='gallery-item'>\n\t\t\t<dt class='gallery-icon landscape'>\n\t\t\t\t<a href='http:\/\/osnovnaskolakrk.hr\/vrbnik\/wp-content\/uploads\/2026\/04\/IMG-9864d105b50847057506c0c337d014b1-V.jpg' title=\"\" data-rl_title=\"\" class=\"rl-gallery-link\" data-rl_caption=\"\" data-rel=\"lightbox-gallery-1\"><img loading=\"lazy\" decoding=\"async\" width=\"150\" height=\"150\" src=\"http:\/\/osnovnaskolakrk.hr\/vrbnik\/wp-content\/uploads\/2026\/04\/IMG-9864d105b50847057506c0c337d014b1-V-150x150.jpg\" class=\"attachment-thumbnail size-thumbnail\" alt=\"\" \/><\/a>\n\t\t\t<\/dt><\/dl><br style=\"clear: both\" \/><dl class='gallery-item'>\n\t\t\t<dt class='gallery-icon portrait'>\n\t\t\t\t<a href='http:\/\/osnovnaskolakrk.hr\/vrbnik\/wp-content\/uploads\/2026\/04\/IMG-a04ee16f23ccf7fe9c4bcbf8b26390ff-V.jpg' title=\"\" data-rl_title=\"\" class=\"rl-gallery-link\" data-rl_caption=\"\" data-rel=\"lightbox-gallery-1\"><img loading=\"lazy\" decoding=\"async\" width=\"150\" height=\"150\" src=\"http:\/\/osnovnaskolakrk.hr\/vrbnik\/wp-content\/uploads\/2026\/04\/IMG-a04ee16f23ccf7fe9c4bcbf8b26390ff-V-150x150.jpg\" class=\"attachment-thumbnail size-thumbnail\" alt=\"\" \/><\/a>\n\t\t\t<\/dt><\/dl><dl class='gallery-item'>\n\t\t\t<dt class='gallery-icon landscape'>\n\t\t\t\t<a href='http:\/\/osnovnaskolakrk.hr\/vrbnik\/wp-content\/uploads\/2026\/04\/IMG-ac105f675f34858c0261b9c851fc3746-V.jpg' title=\"\" data-rl_title=\"\" class=\"rl-gallery-link\" data-rl_caption=\"\" data-rel=\"lightbox-gallery-1\"><img loading=\"lazy\" decoding=\"async\" width=\"150\" height=\"150\" src=\"http:\/\/osnovnaskolakrk.hr\/vrbnik\/wp-content\/uploads\/2026\/04\/IMG-ac105f675f34858c0261b9c851fc3746-V-150x150.jpg\" class=\"attachment-thumbnail size-thumbnail\" alt=\"\" \/><\/a>\n\t\t\t<\/dt><\/dl><dl class='gallery-item'>\n\t\t\t<dt class='gallery-icon portrait'>\n\t\t\t\t<a href='http:\/\/osnovnaskolakrk.hr\/vrbnik\/wp-content\/uploads\/2026\/04\/IMG-aea8858c44859a386ba59b7201a0e524-V.jpg' title=\"\" data-rl_title=\"\" class=\"rl-gallery-link\" data-rl_caption=\"\" data-rel=\"lightbox-gallery-1\"><img loading=\"lazy\" decoding=\"async\" width=\"150\" height=\"150\" src=\"http:\/\/osnovnaskolakrk.hr\/vrbnik\/wp-content\/uploads\/2026\/04\/IMG-aea8858c44859a386ba59b7201a0e524-V-150x150.jpg\" class=\"attachment-thumbnail size-thumbnail\" alt=\"\" \/><\/a>\n\t\t\t<\/dt><\/dl><br style=\"clear: both\" \/><dl class='gallery-item'>\n\t\t\t<dt class='gallery-icon landscape'>\n\t\t\t\t<a href='http:\/\/osnovnaskolakrk.hr\/vrbnik\/wp-content\/uploads\/2026\/04\/IMG-d5dfac48a816f9d2dd6f40fe91b0ca77-V.jpg' title=\"\" data-rl_title=\"\" class=\"rl-gallery-link\" data-rl_caption=\"\" data-rel=\"lightbox-gallery-1\"><img loading=\"lazy\" decoding=\"async\" width=\"150\" height=\"150\" src=\"http:\/\/osnovnaskolakrk.hr\/vrbnik\/wp-content\/uploads\/2026\/04\/IMG-d5dfac48a816f9d2dd6f40fe91b0ca77-V-150x150.jpg\" class=\"attachment-thumbnail size-thumbnail\" alt=\"\" \/><\/a>\n\t\t\t<\/dt><\/dl><dl class='gallery-item'>\n\t\t\t<dt class='gallery-icon landscape'>\n\t\t\t\t<a href='http:\/\/osnovnaskolakrk.hr\/vrbnik\/wp-content\/uploads\/2026\/04\/IMG-d6af7b44b632d8d35a318d8ca33ca15d-V.jpg' title=\"\" data-rl_title=\"\" class=\"rl-gallery-link\" data-rl_caption=\"\" data-rel=\"lightbox-gallery-1\"><img loading=\"lazy\" decoding=\"async\" width=\"150\" height=\"150\" src=\"http:\/\/osnovnaskolakrk.hr\/vrbnik\/wp-content\/uploads\/2026\/04\/IMG-d6af7b44b632d8d35a318d8ca33ca15d-V-150x150.jpg\" class=\"attachment-thumbnail size-thumbnail\" alt=\"\" \/><\/a>\n\t\t\t<\/dt><\/dl>\n\t\t\t<br style='clear: both' \/>\n\t\t<\/div>\n\n","protected":false},"excerpt":{"rendered":"<p>Dana 14.4.2026. godine, u osam sati krenuli smo na izlet u Gorski kotar. Pridru\u017eili su nam se u\u010denici tre\u0107ih razreda iz Punta i Ba\u0161ke.<\/p>\n","protected":false},"author":3,"featured_media":0,"comment_status":"open","ping_status":"closed","sticky":false,"template":"","format":"standard","meta":{"footnotes":""},"categories":[1],"tags":[],"class_list":["post-11137","post","type-post","status-publish","format-standard","hentry","category-nekategorizirano"],"_links":{"self":[{"href":"http:\/\/osnovnaskolakrk.hr\/vrbnik\/wp-json\/wp\/v2\/posts\/11137","targetHints":{"allow":["GET"]}}],"collection":[{"href":"http:\/\/osnovnaskolakrk.hr\/vrbnik\/wp-json\/wp\/v2\/posts"}],"about":[{"href":"http:\/\/osnovnaskolakrk.hr\/vrbnik\/wp-json\/wp\/v2\/types\/post"}],"author":[{"embeddable":true,"href":"http:\/\/osnovnaskolakrk.hr\/vrbnik\/wp-json\/wp\/v2\/users\/3"}],"replies":[{"embeddable":true,"href":"http:\/\/osnovnaskolakrk.hr\/vrbnik\/wp-json\/wp\/v2\/comments?post=11137"}],"version-history":[{"count":1,"href":"http:\/\/osnovnaskolakrk.hr\/vrbnik\/wp-json\/wp\/v2\/posts\/11137\/revisions"}],"predecessor-version":[{"id":11147,"href":"http:\/\/osnovnaskolakrk.hr\/vrbnik\/wp-json\/wp\/v2\/posts\/11137\/revisions\/11147"}],"wp:attachment":[{"href":"http:\/\/osnovnaskolakrk.hr\/vrbnik\/wp-json\/wp\/v2\/media?parent=11137"}],"wp:term":[{"taxonomy":"category","embeddable":true,"href":"http:\/\/osnovnaskolakrk.hr\/vrbnik\/wp-json\/wp\/v2\/categories?post=11137"},{"taxonomy":"post_tag","embeddable":true,"href":"http:\/\/osnovnaskolakrk.hr\/vrbnik\/wp-json\/wp\/v2\/tags?post=11137"}],"curies":[{"name":"wp","href":"https:\/\/api.w.org\/{rel}","templated":true}]}}