{"id":1004,"date":"2015-10-22T15:37:22","date_gmt":"2015-10-22T15:37:22","guid":{"rendered":"http:\/\/osnovnaskolakrk.hr\/vrh\/?p=1004"},"modified":"2015-10-26T08:30:53","modified_gmt":"2015-10-26T08:30:53","slug":"dani-kruha-i-dani-zahvalnosti-za-plodove-zemlje-u-ps-vrh","status":"publish","type":"post","link":"http:\/\/osnovnaskolakrk.hr\/vrh\/?p=1004","title":{"rendered":"\u201eDani kruha i  dani zahvalnosti za plodove zemlje\u201c u P\u0160 Vrh"},"content":{"rendered":"<p><a href=\"http:\/\/osnovnaskolakrk.hr\/vrh\/wp-content\/uploads\/IMG_1315.jpg\"><img loading=\"lazy\" class=\" wp-image-1005 alignleft\" src=\"http:\/\/osnovnaskolakrk.hr\/vrh\/wp-content\/uploads\/IMG_1315-150x150.jpg\" alt=\"IMG_1315\" width=\"201\" height=\"201\" srcset=\"http:\/\/osnovnaskolakrk.hr\/vrh\/wp-content\/uploads\/IMG_1315-150x150.jpg 150w, http:\/\/osnovnaskolakrk.hr\/vrh\/wp-content\/uploads\/IMG_1315-50x50.jpg 50w, http:\/\/osnovnaskolakrk.hr\/vrh\/wp-content\/uploads\/IMG_1315-400x400.jpg 400w, http:\/\/osnovnaskolakrk.hr\/vrh\/wp-content\/uploads\/IMG_1315.jpg 2048w\" sizes=\"(max-width: 201px) 100vw, 201px\" \/><\/a>\u201cDani kruha i dani zahvalnosti za plodove zemlje\u201d obilje\u017eavaju se svake godine tijekom listopada. Razli\u010ditim sve\u010danostima i manifestacijama u mjesecu listopadu simboli\u010dno se zahvaljuje na kruhu, te svim plodovima zemlje kojima smo tijekom godine bili podareni.<\/p>\n<p><!--more-->Svjetski dan hrane obilje\u017eava se 16. listopada od davne 1980. godine\u00a0 (na dan osnivanja Svjetske zdravstvene organizacije FAO) da nas podsjeti da je hrana temeljna ljudska potreba.<\/p>\n<ol start=\"22\">\n<li>listopada u P\u0160 Vrh odr\u017eana je kratka \u0161kolska priredba da se obilje\u017ee \u201cDani kruha i dani zahvalnosti za plodove zemlje.\u201d Program su vodile u\u010denice: Sabrina i Iva Magdi\u0107, te Korina Prendivoj.<\/li>\n<\/ol>\n<p>U\u010denici tre\u0107eg razreda koje je pripremala u\u010diteljica Silvija Volari\u0107 pro\u010ditali su nekoliko prigodnih tekstova na temu jesenskih plodova.<\/p>\n<p>U\u010denici \u010detvrtog razreda koje je pripremala njihova u\u010diteljica Danijela \u017du\u017ei\u0107 &#8211; Kosi\u0107 pripremili su kratki prigodni igrokaz koji nas je nasmijao do suza.<\/p>\n<p>U\u010denice dramske skupine (koje je pripremala knji\u017eni\u010darka) Lucija Kirin\u010di\u0107 i Lara Nenadi\u0107 prikazale su nam kratki igrokaz o zaljubljenim pekarskim proizvodima.<\/p>\n<p>U\u010denice recitatorske skupine (koje je pripremala knji\u017eni\u010darka): Korina Prendivoj, Sabrina Magdi\u0107, Iva Magdi\u0107, An\u0111ela Kosi\u0107, Lucija Depikolozvane, te Lorena Kosi\u0107, izvele su prigodne recitacije.<\/p>\n<p>Kratka \u0161kolska sve\u010danost posebnu je \u010dar imala upravo zbog mjesta odr\u017eavanja u \u0161kolskom hodniku.\u00a0 Za\u00a0 kraj ne zaboravite: \u201c Ne \u017eivi se da se jede\u00a0 ve\u0107 se jede da se \u017eivi!!!\u201d<\/p>\n<p>[huge_it_gallery id=&#8221;17&#8243;]<\/p>\n<p>&nbsp;<\/p>\n","protected":false},"excerpt":{"rendered":"<p>\u201cDani kruha i dani zahvalnosti za plodove zemlje\u201d obilje\u017eavaju se svake godine tijekom listopada. Razli\u010ditim sve\u010danostima i manifestacijama u mjesecu listopadu simboli\u010dno se zahvaljuje na kruhu, te svim plodovima zemlje kojima smo tijekom godine bili podareni.<\/p>\n","protected":false},"author":1,"featured_media":0,"comment_status":"open","ping_status":"open","sticky":false,"template":"","format":"standard","meta":[],"categories":[1],"tags":[],"_links":{"self":[{"href":"http:\/\/osnovnaskolakrk.hr\/vrh\/index.php?rest_route=\/wp\/v2\/posts\/1004"}],"collection":[{"href":"http:\/\/osnovnaskolakrk.hr\/vrh\/index.php?rest_route=\/wp\/v2\/posts"}],"about":[{"href":"http:\/\/osnovnaskolakrk.hr\/vrh\/index.php?rest_route=\/wp\/v2\/types\/post"}],"author":[{"embeddable":true,"href":"http:\/\/osnovnaskolakrk.hr\/vrh\/index.php?rest_route=\/wp\/v2\/users\/1"}],"replies":[{"embeddable":true,"href":"http:\/\/osnovnaskolakrk.hr\/vrh\/index.php?rest_route=%2Fwp%2Fv2%2Fcomments&post=1004"}],"version-history":[{"count":3,"href":"http:\/\/osnovnaskolakrk.hr\/vrh\/index.php?rest_route=\/wp\/v2\/posts\/1004\/revisions"}],"predecessor-version":[{"id":1077,"href":"http:\/\/osnovnaskolakrk.hr\/vrh\/index.php?rest_route=\/wp\/v2\/posts\/1004\/revisions\/1077"}],"wp:attachment":[{"href":"http:\/\/osnovnaskolakrk.hr\/vrh\/index.php?rest_route=%2Fwp%2Fv2%2Fmedia&parent=1004"}],"wp:term":[{"taxonomy":"category","embeddable":true,"href":"http:\/\/osnovnaskolakrk.hr\/vrh\/index.php?rest_route=%2Fwp%2Fv2%2Fcategories&post=1004"},{"taxonomy":"post_tag","embeddable":true,"href":"http:\/\/osnovnaskolakrk.hr\/vrh\/index.php?rest_route=%2Fwp%2Fv2%2Ftags&post=1004"}],"curies":[{"name":"wp","href":"https:\/\/api.w.org\/{rel}","templated":true}]}}