{"id":1028,"date":"2015-10-26T07:31:30","date_gmt":"2015-10-26T07:31:30","guid":{"rendered":"http:\/\/osnovnaskolakrk.hr\/vrh\/?p=1028"},"modified":"2015-10-26T08:30:27","modified_gmt":"2015-10-26T08:30:27","slug":"posjet-domu-za-stare-i-nemocne-osobe-mali-kartec","status":"publish","type":"post","link":"http:\/\/osnovnaskolakrk.hr\/vrh\/?p=1028","title":{"rendered":"Posjet domu za stare i nemo\u0107ne osobe &#8220;Mali Kartec&#8221;"},"content":{"rendered":"<p>PRO<img loading=\"lazy\" class=\"size-thumbnail wp-image-1029 alignleft\" src=\"http:\/\/osnovnaskolakrk.hr\/vrh\/wp-content\/uploads\/P1100625-150x150.jpg\" alt=\"P1100625\" width=\"150\" height=\"150\" srcset=\"http:\/\/osnovnaskolakrk.hr\/vrh\/wp-content\/uploads\/P1100625-150x150.jpg 150w, http:\/\/osnovnaskolakrk.hr\/vrh\/wp-content\/uploads\/P1100625-50x50.jpg 50w\" sizes=\"(max-width: 150px) 100vw, 150px\" \/>SLAVA POVODOM DANA KRUHA U DOMU ZA STARIJE I NEMO\u0106NE<\/p>\n<p>Dana 21. 10. 2015. u Domu za starije i nemo\u0107ne odr\u017eala se predstava povodom Dana kruha. Iz \u0161kole smo krenuli u 10 sati, kombijem Doma za starije i nemo\u0107ne.<\/p>\n<p>U predstavi su sudjelovali u\u010denici 2., 3. i 4. razreda, to\u010dnije \u010dlanovi dramske i ritmi\u010dke skupine. <!--more-->Predstava je bila gotova oko 11 sati, a onda smo se svi po\u010dastili pekarskim proizvodima \u0161to su nam napravile mame i bake. \u010cak su nam i pokazali svoju radionicu u kojoj izra\u0111uju mnoge kreativne predmete. Svi smo na poklon dobili cvijet, koji je njihov ru\u010dni rad.<\/p>\n<p>U \u0161kolu\u00a0 smo se vratili oko 12 sati. Bili smo zadovoljni jer je sve proteklo onako kako smo planirali, ali najvi\u0161e zbog osmjeha na licima tih starijih ljudi.<\/p>\n<p>Emili Depope, 4.r.<\/p>\n<p>galeriju pogledajte ovdje:<\/p>\n<blockquote class=\"imgur-embed-pub\" lang=\"en\" data-id=\"a\/WEutb\"><p><a href=\"http:\/\/imgur.com\/a\/WEutb\">Mali Kartec<\/a><\/p><\/blockquote>\n<p><script async src=\"\/\/s.imgur.com\/min\/embed.js\" charset=\"utf-8\"><\/script><\/p>\n<p>&nbsp;<\/p>\n<p>&nbsp;<\/p>\n","protected":false},"excerpt":{"rendered":"<p>PROSLAVA POVODOM DANA KRUHA U DOMU ZA STARIJE I NEMO\u0106NE Dana 21. 10. 2015. u Domu za starije i nemo\u0107ne odr\u017eala se predstava povodom Dana kruha. Iz \u0161kole smo krenuli u 10 sati, kombijem Doma za starije i nemo\u0107ne. U predstavi su sudjelovali u\u010denici 2., 3. i 4. razreda, to\u010dnije \u010dlanovi dramske i ritmi\u010dke skupine.<\/p>\n","protected":false},"author":1,"featured_media":0,"comment_status":"open","ping_status":"open","sticky":false,"template":"","format":"standard","meta":[],"categories":[1],"tags":[],"_links":{"self":[{"href":"http:\/\/osnovnaskolakrk.hr\/vrh\/index.php?rest_route=\/wp\/v2\/posts\/1028"}],"collection":[{"href":"http:\/\/osnovnaskolakrk.hr\/vrh\/index.php?rest_route=\/wp\/v2\/posts"}],"about":[{"href":"http:\/\/osnovnaskolakrk.hr\/vrh\/index.php?rest_route=\/wp\/v2\/types\/post"}],"author":[{"embeddable":true,"href":"http:\/\/osnovnaskolakrk.hr\/vrh\/index.php?rest_route=\/wp\/v2\/users\/1"}],"replies":[{"embeddable":true,"href":"http:\/\/osnovnaskolakrk.hr\/vrh\/index.php?rest_route=%2Fwp%2Fv2%2Fcomments&post=1028"}],"version-history":[{"count":5,"href":"http:\/\/osnovnaskolakrk.hr\/vrh\/index.php?rest_route=\/wp\/v2\/posts\/1028\/revisions"}],"predecessor-version":[{"id":1076,"href":"http:\/\/osnovnaskolakrk.hr\/vrh\/index.php?rest_route=\/wp\/v2\/posts\/1028\/revisions\/1076"}],"wp:attachment":[{"href":"http:\/\/osnovnaskolakrk.hr\/vrh\/index.php?rest_route=%2Fwp%2Fv2%2Fmedia&parent=1028"}],"wp:term":[{"taxonomy":"category","embeddable":true,"href":"http:\/\/osnovnaskolakrk.hr\/vrh\/index.php?rest_route=%2Fwp%2Fv2%2Fcategories&post=1028"},{"taxonomy":"post_tag","embeddable":true,"href":"http:\/\/osnovnaskolakrk.hr\/vrh\/index.php?rest_route=%2Fwp%2Fv2%2Ftags&post=1028"}],"curies":[{"name":"wp","href":"https:\/\/api.w.org\/{rel}","templated":true}]}}