{"id":1061,"date":"2015-10-26T08:06:28","date_gmt":"2015-10-26T08:06:28","guid":{"rendered":"http:\/\/osnovnaskolakrk.hr\/vrh\/?p=1061"},"modified":"2015-10-26T08:29:58","modified_gmt":"2015-10-26T08:29:58","slug":"maslina-je-neubrana","status":"publish","type":"post","link":"http:\/\/osnovnaskolakrk.hr\/vrh\/?p=1061","title":{"rendered":"Maslina je (ne)ubrana"},"content":{"rendered":"<p><a href=\"http:\/\/osnovnaskolakrk.hr\/vrh\/wp-content\/uploads\/IMAG2349.jpg\"><img loading=\"lazy\" class=\"size-thumbnail wp-image-1062 alignleft\" src=\"http:\/\/osnovnaskolakrk.hr\/vrh\/wp-content\/uploads\/IMAG2349-150x150.jpg\" alt=\"IMAG2349\" width=\"150\" height=\"150\" srcset=\"http:\/\/osnovnaskolakrk.hr\/vrh\/wp-content\/uploads\/IMAG2349-150x150.jpg 150w, http:\/\/osnovnaskolakrk.hr\/vrh\/wp-content\/uploads\/IMAG2349-50x50.jpg 50w\" sizes=\"(max-width: 150px) 100vw, 150px\" \/><\/a>U\u010denici 4. razreda su u petak, 23. listopada 2015., odlu\u010dili su dan provesti u prirodi.<\/p>\n<p>Po\u0161to radimo na projektu \u02ddMaslina\u02dd nije bilo druge, nego se uputiti \u02ddPud stana\u02dd, odnosno u vr\u0161anske maslinike.<!--more--><\/p>\n<p>Krenuli smo u 8,30 \u00a0i brali masline sve do 11,30 \u00a0sati. Vrijeme nas je poslu\u017eilo, bilo je sun\u010dano, prohladno, taman kakvo bi svaki maslinar po\u017eelio za branje.<\/p>\n<p>U\u010denici su opu\u0161teno \u010davrljali, predano brali, a kante su se brzo punile. U nekoliko sati, ne ra\u010dunaju\u0107i predah i marendu, nabrali smo oko \u00a0100 \u00a0kilograma maslina!<\/p>\n<p>Po\u0161to vi\u0161e nije bilo praznih kanti, morali smo zavr\u0161iti s branjem. Sretni, zadovoljni i rumenih obraza od bure, vratili smo se u svoju \u0161kolu.<\/p>\n<p>Zahvaljujemo Paolinim roditeljima \u0161to su nam dopustili branje maslina u njihovom masliniku i ostalim mamama koje su sudjelovale u ovoj aktivnosti.<\/p>\n<p>I podsjetnik \u2013 u srijedu, 28. listopada u 16,30 h, pletemo maslinove gran\u010dice pa ovim putem pozivam sve koji to znaju ili \u017eele nau\u010diti da nam se pridru\u017ee!<\/p>\n<p>U\u010diteljica 4. r.<\/p>\n<p>galerija:<\/p>\n<blockquote class=\"imgur-embed-pub\" lang=\"en\" data-id=\"a\/lsczt\"><p><a href=\"http:\/\/imgur.com\/a\/lsczt\">Branje maslina<\/a><\/p><\/blockquote>\n<p><script async src=\"\/\/s.imgur.com\/min\/embed.js\" charset=\"utf-8\"><\/script><\/p>\n<p>&nbsp;<\/p>\n","protected":false},"excerpt":{"rendered":"<p>U\u010denici 4. razreda su u petak, 23. listopada 2015., odlu\u010dili su dan provesti u prirodi. Po\u0161to radimo na projektu \u02ddMaslina\u02dd nije bilo druge, nego se uputiti \u02ddPud stana\u02dd, odnosno u vr\u0161anske maslinike.<\/p>\n","protected":false},"author":1,"featured_media":0,"comment_status":"open","ping_status":"open","sticky":false,"template":"","format":"standard","meta":[],"categories":[1],"tags":[],"_links":{"self":[{"href":"http:\/\/osnovnaskolakrk.hr\/vrh\/index.php?rest_route=\/wp\/v2\/posts\/1061"}],"collection":[{"href":"http:\/\/osnovnaskolakrk.hr\/vrh\/index.php?rest_route=\/wp\/v2\/posts"}],"about":[{"href":"http:\/\/osnovnaskolakrk.hr\/vrh\/index.php?rest_route=\/wp\/v2\/types\/post"}],"author":[{"embeddable":true,"href":"http:\/\/osnovnaskolakrk.hr\/vrh\/index.php?rest_route=\/wp\/v2\/users\/1"}],"replies":[{"embeddable":true,"href":"http:\/\/osnovnaskolakrk.hr\/vrh\/index.php?rest_route=%2Fwp%2Fv2%2Fcomments&post=1061"}],"version-history":[{"count":4,"href":"http:\/\/osnovnaskolakrk.hr\/vrh\/index.php?rest_route=\/wp\/v2\/posts\/1061\/revisions"}],"predecessor-version":[{"id":1075,"href":"http:\/\/osnovnaskolakrk.hr\/vrh\/index.php?rest_route=\/wp\/v2\/posts\/1061\/revisions\/1075"}],"wp:attachment":[{"href":"http:\/\/osnovnaskolakrk.hr\/vrh\/index.php?rest_route=%2Fwp%2Fv2%2Fmedia&parent=1061"}],"wp:term":[{"taxonomy":"category","embeddable":true,"href":"http:\/\/osnovnaskolakrk.hr\/vrh\/index.php?rest_route=%2Fwp%2Fv2%2Fcategories&post=1061"},{"taxonomy":"post_tag","embeddable":true,"href":"http:\/\/osnovnaskolakrk.hr\/vrh\/index.php?rest_route=%2Fwp%2Fv2%2Ftags&post=1061"}],"curies":[{"name":"wp","href":"https:\/\/api.w.org\/{rel}","templated":true}]}}