{"id":1069,"date":"2015-10-26T08:14:50","date_gmt":"2015-10-26T08:14:50","guid":{"rendered":"http:\/\/osnovnaskolakrk.hr\/vrh\/?p=1069"},"modified":"2015-10-26T08:29:32","modified_gmt":"2015-10-26T08:29:32","slug":"upali-lampicu-i-citaj","status":"publish","type":"post","link":"http:\/\/osnovnaskolakrk.hr\/vrh\/?p=1069","title":{"rendered":"\u201cUpali lampicu i \u010ditaj\u201d"},"content":{"rendered":"<p><a href=\"http:\/\/osnovnaskolakrk.hr\/vrh\/wp-content\/uploads\/\u0161kola2-016.jpg\"><img loading=\"lazy\" class=\" wp-image-1070 alignleft\" src=\"http:\/\/osnovnaskolakrk.hr\/vrh\/wp-content\/uploads\/\u0161kola2-016-150x150.jpg\" alt=\"\u0161kola2 016\" width=\"170\" height=\"170\" srcset=\"http:\/\/osnovnaskolakrk.hr\/vrh\/wp-content\/uploads\/\u0161kola2-016-150x150.jpg 150w, http:\/\/osnovnaskolakrk.hr\/vrh\/wp-content\/uploads\/\u0161kola2-016-50x50.jpg 50w\" sizes=\"(max-width: 170px) 100vw, 170px\" \/><\/a>U sklopu manifestacije \u201cMjesec hrvatske knjige\u201d \u00a0u petak 23. listopada odr\u017ean je cjelodnevni program u svim knji\u017enicama u Hrvatskoj pod nazivom \u201eUpali lampicu i \u010ditaj!\u201c. Podsje\u0107amo na \u010dinjenicu da je navedeni program \u00a0vezan uz odluku Op\u0107e skup\u0161tine UN-a koja je 2015. godinu proglasila \u00a0\u201eMe\u0111unarodnom godinom svjetlosti i tehnologija zasnovanih na svjetlu\u201d.<\/p>\n<p>U P\u0160 Vrh\u00a0 23. listopada u \u0161kolskoj knji\u017enici tako\u0111er je odr\u017ean navedeni program \u201cUpali lampicu i \u010ditaj!\u201d <!--more-->Programu su se pridru\u017eili svi u\u010denici ni\u017eih razreda, te nekoliko u\u010denika petog razreda,\u00a0 koji su zainteresirano \u010ditali pod svjetlo\u0161\u0107u stare lampice. U\u010denici prvog razreda u pratnji svoje u\u010diteljice Alenke Zahije posjetili su \u0161kolsku knji\u017enicu i sve\u010dano su se upisali.<\/p>\n<p>Zadovoljno mo\u017eemo zaklju\u010diti\u00a0 da je odaziv navedenom programu bio dobar i da su u\u010denici bili zainteresirani za \u010ditanje pod svjetlo\u0161\u0107u lampice, te se nije biralo mjesto za \u010ditanje. S obzirom da slike govore vi\u0161e od \u00a0rije\u010di prepu\u0161tam vas slikama, koje pokazuju da smo se barem ovaj dan podsjetili da knjiga pred novom modernom tehnologijom ipak nije mrtva !!!<\/p>\n<p><strong>Antonia Martin\u010di\u0107<\/strong><\/p>\n<p>&nbsp;<\/p>\n<blockquote class=\"imgur-embed-pub\" lang=\"en\" data-id=\"a\/wAHXG\"><p><a href=\"http:\/\/imgur.com\/a\/wAHXG\">Upali lampicu i \u010ditaj<\/a><\/p><\/blockquote>\n<p><script async src=\"\/\/s.imgur.com\/min\/embed.js\" charset=\"utf-8\"><\/script><\/p>\n<p>&nbsp;<\/p>\n<p>&nbsp;<\/p>\n<p>&nbsp;<\/p>\n<p>&nbsp;<\/p>\n","protected":false},"excerpt":{"rendered":"<p>U sklopu manifestacije \u201cMjesec hrvatske knjige\u201d \u00a0u petak 23. listopada odr\u017ean je cjelodnevni program u svim knji\u017enicama u Hrvatskoj pod nazivom \u201eUpali lampicu i \u010ditaj!\u201c. Podsje\u0107amo na \u010dinjenicu da je navedeni program \u00a0vezan uz odluku Op\u0107e skup\u0161tine UN-a koja je 2015. godinu proglasila \u00a0\u201eMe\u0111unarodnom godinom svjetlosti i tehnologija zasnovanih na svjetlu\u201d. U P\u0160 Vrh\u00a0 23. [&hellip;]<\/p>\n","protected":false},"author":1,"featured_media":0,"comment_status":"open","ping_status":"open","sticky":false,"template":"","format":"standard","meta":[],"categories":[1],"tags":[],"_links":{"self":[{"href":"http:\/\/osnovnaskolakrk.hr\/vrh\/index.php?rest_route=\/wp\/v2\/posts\/1069"}],"collection":[{"href":"http:\/\/osnovnaskolakrk.hr\/vrh\/index.php?rest_route=\/wp\/v2\/posts"}],"about":[{"href":"http:\/\/osnovnaskolakrk.hr\/vrh\/index.php?rest_route=\/wp\/v2\/types\/post"}],"author":[{"embeddable":true,"href":"http:\/\/osnovnaskolakrk.hr\/vrh\/index.php?rest_route=\/wp\/v2\/users\/1"}],"replies":[{"embeddable":true,"href":"http:\/\/osnovnaskolakrk.hr\/vrh\/index.php?rest_route=%2Fwp%2Fv2%2Fcomments&post=1069"}],"version-history":[{"count":3,"href":"http:\/\/osnovnaskolakrk.hr\/vrh\/index.php?rest_route=\/wp\/v2\/posts\/1069\/revisions"}],"predecessor-version":[{"id":1074,"href":"http:\/\/osnovnaskolakrk.hr\/vrh\/index.php?rest_route=\/wp\/v2\/posts\/1069\/revisions\/1074"}],"wp:attachment":[{"href":"http:\/\/osnovnaskolakrk.hr\/vrh\/index.php?rest_route=%2Fwp%2Fv2%2Fmedia&parent=1069"}],"wp:term":[{"taxonomy":"category","embeddable":true,"href":"http:\/\/osnovnaskolakrk.hr\/vrh\/index.php?rest_route=%2Fwp%2Fv2%2Fcategories&post=1069"},{"taxonomy":"post_tag","embeddable":true,"href":"http:\/\/osnovnaskolakrk.hr\/vrh\/index.php?rest_route=%2Fwp%2Fv2%2Ftags&post=1069"}],"curies":[{"name":"wp","href":"https:\/\/api.w.org\/{rel}","templated":true}]}}