{"id":1091,"date":"2015-11-03T09:07:50","date_gmt":"2015-11-03T09:07:50","guid":{"rendered":"http:\/\/osnovnaskolakrk.hr\/vrh\/?p=1091"},"modified":"2015-11-04T07:49:15","modified_gmt":"2015-11-04T07:49:15","slug":"posjet-krcke-pjesnikinje-vere-mis-vrankovic-nasoj-skoli","status":"publish","type":"post","link":"http:\/\/osnovnaskolakrk.hr\/vrh\/?p=1091","title":{"rendered":"Posjet kr\u010dke pjesnikinje Vere Mi\u0161 &#8211; Vrankovi\u0107 na\u0161oj \u0161koli"},"content":{"rendered":"<p><a href=\"http:\/\/osnovnaskolakrk.hr\/vrh\/wp-content\/uploads\/vera-mi\u0161-vrbnik-143.jpg\"><img loading=\"lazy\" class=\"size-thumbnail wp-image-1092 alignleft\" src=\"http:\/\/osnovnaskolakrk.hr\/vrh\/wp-content\/uploads\/vera-mi\u0161-vrbnik-143-150x150.jpg\" alt=\"vera mi\u0161 vrbnik 143\" width=\"150\" height=\"150\" srcset=\"http:\/\/osnovnaskolakrk.hr\/vrh\/wp-content\/uploads\/vera-mi\u0161-vrbnik-143-150x150.jpg 150w, http:\/\/osnovnaskolakrk.hr\/vrh\/wp-content\/uploads\/vera-mi\u0161-vrbnik-143-50x50.jpg 50w\" sizes=\"(max-width: 150px) 100vw, 150px\" \/><\/a>S obzirom na po\u010detak najva\u017enijeg mjeseca u na\u0161oj knji\u017enici pod nazivom \u201eMjesec hrvatske knjige\u201c, odlu\u010dili smo iznijeti nekoliko op\u0107enitih informacija o navedenoj manifestaciji. \u201eCilj manifestacije je promicanje \u010ditanja kao kulturne vrijednosti i poticanje razvitka knji\u017enica. U sklopu manifestacije <em>Mjesec hrvatske knjige<\/em> bit \u0107e odr\u017eano vi\u0161e od 2000 programa u cijeloj zemlji. Centralna je tema manifestacije vezana uz odluku Op\u0107e skup\u0161tine UN &#8211; a koja je 2015. godinu proglasila Me\u0111unarodnom godinom svjetlosti i tehnologija zasnovanih na svjetlu.<strong>\u201c<\/strong><\/p>\n<p>Povodom navedene manifestacije u \u0161kolskoj knji\u017enici organizirali smo razli\u010dita kulturna doga\u0111anja poput dana malih knji\u017eni\u010dara, darivanja knjiga \u0161kolskoj knji\u017enici, te naposljetku posjet kr\u010dke pjesnikinje Vere Mi\u0161 &#8211; Vrankovi\u0107 na\u0161oj \u0161koli.<!--more--><\/p>\n<p>Vera Mi\u0161 &#8211; Vrankovi\u0107 kr\u010dka je pjesnikinja s trenutnim prebivali\u0161tem u Malinskoj. Poeziju pi\u0161e ve\u0107 \u010detrdeset godina. Do sada je izdala zbirke poezije: <em>Zelena polja ravnice, Nema te,<\/em> <em>Previranja, Sat prije svitanja<\/em>, te tri zbirke poezije za djecu. Trenutno je u pripremi njezina nova zbirka poezije. Vera Mi\u0161 \u2013 Vrankovi\u0107 \u00a0je jako zanimljiva individua koja ne voli formalizam, u\u0161togljenost, licemjerje, materijalizam&#8230;Smiraj od svega \u0161to ne voli i o \u010demu progovara u svojim pjesmama nalazi u prirodi. Pjesnikinja o \u017eivotu na otoku Krku ka\u017ee: \u201eNa otoku Krku \u017eivim ve\u0107 dugo, i ako mi se dogodi da s otoka odem, neka to bude sat prije svitanja&#8230;.\u201c<\/p>\n<p>S obzirom na njezinu zanimljivu osobnost, od pjesnikinje u na\u0161oj \u0161koli puno smo o\u010dekivali. I to se o\u010dekivanje ostvarilo.<\/p>\n<ol start=\"29\">\n<li>listopada pjesnikinja je zavr\u0161ila svoju turneju po kr\u010dkim \u0161kolama posjetom P\u0160 Vrhu. Za vrijeme drugog \u0161kolskog sata u\u010denici ni\u017eih razreda slu\u0161ali su i \u010ditali poetesinu poeziju. U\u010denici su imali niz zanimljivih pitanja o pjesnikinji, njezinim pjesama, inspiraciji&#8230; Za vrijeme tre\u0107eg \u0161kolskog sata u\u010denici starijih razreda imali su priliku slu\u0161ati poetesine stihove. Pjesnikinja\u00a0 nas je iznenadila promijeniv\u0161i redoslijed nastupa za kraj svog gostovanja po kr\u010dkim \u0161kolama. Naime, u\u010denici starijih razreda osim klasi\u010dnog \u010ditanja poezije odgovarali su na niz zanimljivih pitanja o \u017eivotu. Na\u00a0 samom kraju svog gostovanja pjesnikinja se slikala s u\u010denicima \u010detvrtog razreda u kreativnom kutku za \u010ditanje u njihovom razredu, koji je osmislila njihova u\u010diteljica.<\/li>\n<\/ol>\n<p>S obzirom na cjelokupnu atmosferu, mo\u017eemo zaklju\u010diti da je posjet kr\u010dke pjesnikinje Vere Mi\u0161 izazvao interes u\u010denika i potaknuo njihovo zanimanje za stvaranje. To nam je i bio cilj, pa zadovoljno mo\u017eemo re\u0107i da su poetesina osobnost i poezija \u00a0barem jedan dan pobijedili modernu tehnologiju dana\u0161njice.<\/p>\n<p>Do nekog sljede\u0107eg susreta u na\u0161oj \u0161koli, prepu\u0161tamo vas slikama koje govore vi\u0161e od samih rije\u010di.<\/p>\n<p>Antonia Martin\u010di\u0107<\/p>\n<blockquote class=\"imgur-embed-pub\" lang=\"en\" data-id=\"a\/U0JwD\"><p><a href=\"http:\/\/imgur.com\/a\/U0JwD\">View post on imgur.com<\/a><\/p><\/blockquote>\n<p><script async src=\"\/\/s.imgur.com\/min\/embed.js\" charset=\"utf-8\"><\/script><\/p>\n<p>&nbsp;<\/p>\n","protected":false},"excerpt":{"rendered":"<p>S obzirom na po\u010detak najva\u017enijeg mjeseca u na\u0161oj knji\u017enici pod nazivom \u201eMjesec hrvatske knjige\u201c, odlu\u010dili smo iznijeti nekoliko op\u0107enitih informacija o navedenoj manifestaciji. \u201eCilj manifestacije je promicanje \u010ditanja kao kulturne vrijednosti i poticanje razvitka knji\u017enica. U sklopu manifestacije Mjesec hrvatske knjige bit \u0107e odr\u017eano vi\u0161e od 2000 programa u cijeloj zemlji. Centralna je tema manifestacije [&hellip;]<\/p>\n","protected":false},"author":1,"featured_media":0,"comment_status":"open","ping_status":"open","sticky":false,"template":"","format":"standard","meta":[],"categories":[1],"tags":[],"_links":{"self":[{"href":"http:\/\/osnovnaskolakrk.hr\/vrh\/index.php?rest_route=\/wp\/v2\/posts\/1091"}],"collection":[{"href":"http:\/\/osnovnaskolakrk.hr\/vrh\/index.php?rest_route=\/wp\/v2\/posts"}],"about":[{"href":"http:\/\/osnovnaskolakrk.hr\/vrh\/index.php?rest_route=\/wp\/v2\/types\/post"}],"author":[{"embeddable":true,"href":"http:\/\/osnovnaskolakrk.hr\/vrh\/index.php?rest_route=\/wp\/v2\/users\/1"}],"replies":[{"embeddable":true,"href":"http:\/\/osnovnaskolakrk.hr\/vrh\/index.php?rest_route=%2Fwp%2Fv2%2Fcomments&post=1091"}],"version-history":[{"count":2,"href":"http:\/\/osnovnaskolakrk.hr\/vrh\/index.php?rest_route=\/wp\/v2\/posts\/1091\/revisions"}],"predecessor-version":[{"id":1094,"href":"http:\/\/osnovnaskolakrk.hr\/vrh\/index.php?rest_route=\/wp\/v2\/posts\/1091\/revisions\/1094"}],"wp:attachment":[{"href":"http:\/\/osnovnaskolakrk.hr\/vrh\/index.php?rest_route=%2Fwp%2Fv2%2Fmedia&parent=1091"}],"wp:term":[{"taxonomy":"category","embeddable":true,"href":"http:\/\/osnovnaskolakrk.hr\/vrh\/index.php?rest_route=%2Fwp%2Fv2%2Fcategories&post=1091"},{"taxonomy":"post_tag","embeddable":true,"href":"http:\/\/osnovnaskolakrk.hr\/vrh\/index.php?rest_route=%2Fwp%2Fv2%2Ftags&post=1091"}],"curies":[{"name":"wp","href":"https:\/\/api.w.org\/{rel}","templated":true}]}}